{"id":2233,"date":"2021-07-29T09:46:00","date_gmt":"2021-07-29T13:46:00","guid":{"rendered":"https:\/\/www.cent.uo.edu.cu\/cemzoc-uo\/?p=2233"},"modified":"2021-09-06T11:31:23","modified_gmt":"2021-09-06T15:31:23","slug":"eunice-foote-la-mujer-que-primero-descubrio-la-causa-del-cambio-climatico","status":"publish","type":"post","link":"https:\/\/www.cent.uo.edu.cu\/cemzoc-uo\/2021\/07\/29\/eunice-foote-la-mujer-que-primero-descubrio-la-causa-del-cambio-climatico\/","title":{"rendered":"Eunice Foote, la mujer que primero descubri\u00f3 la causa del Cambio Clim\u00e1tico"},"content":{"rendered":"\n<p><sub><em>Por: Dr. C Jos\u00e9 Rubiera<\/em><\/sub><\/p>\n\n\n\n<p align=\"justify\">Ahora tengo un poco m\u00e1s de tiempo para leer y lo hago, sobre todo y como es natural, sobre los temas que m\u00e1s me interesan. En esta semana, llam\u00f3 mi atenci\u00f3n un interesante art\u00edculo aparecido en la secci\u00f3n de Ciencia y Tecnolog\u00eda del bolet\u00edn The Conversation, que cont\u00f3 con la contribuci\u00f3n de<em>&nbsp;Neil Anderson, un ingeniero qu\u00edmico y profesor retirado,<\/em>&nbsp;publicado bajo licencia de Creative Commons.<\/p>\n\n\n\n<div class=\"wp-block-image\"><figure class=\"alignleft size-full is-resized\"><img loading=\"lazy\" decoding=\"async\" src=\"https:\/\/www.cent.uo.edu.cu\/cemzoc-uo\/files\/2021\/07\/Eunice-Foote-y-el-Cambio-Climatico.jpg\" alt=\"Ahora tengo un poco m\u00e1s de tiempo para leer y lo hago, sobre todo y como es natural, sobre los temas que m\u00e1s me interesan. En esta semana, llam\u00f3 mi atenci\u00f3n un interesante art\u00edculo aparecido en la secci\u00f3n de Ciencia y Tecnolog\u00eda del bolet\u00edn The Conversation, que cont\u00f3 con la contribuci\u00f3n de\u00a0Neil Anderson, un ingeniero qu\u00edmico y profesor retirado,\u00a0publicado bajo licencia de Creative Commons.\" class=\"wp-image-2241\" width=\"285\" height=\"136\" srcset=\"https:\/\/www.cent.uo.edu.cu\/cemzoc-uo\/files\/2021\/07\/Eunice-Foote-y-el-Cambio-Climatico.jpg 620w, https:\/\/www.cent.uo.edu.cu\/cemzoc-uo\/files\/2021\/07\/Eunice-Foote-y-el-Cambio-Climatico-300x143.jpg 300w\" sizes=\"auto, (max-width: 285px) 100vw, 285px\" \/><\/figure><\/div>\n\n\n\n<p align=\"justify\">Y llam\u00f3 mi atenci\u00f3n, porque usualmente las personas piensan que la cuesti\u00f3n del&nbsp;<strong>Cambio Clim\u00e1tico<\/strong>&nbsp;es relativamente reciente, digamos que, a lo sumo, de principios o mitad del pasado siglo XX hasta la fecha, para ser conservadores. Sin embargo, no es as\u00ed, este art\u00edculo me hizo recordar que la f\u00edsica del&nbsp;<strong>Cambio Clim\u00e1tico<\/strong>&nbsp;y las advertencias sobre su posible ocurrencia llegaban desde mucho tiempo antes, desde tiempos mucho m\u00e1s remotos, y pens\u00e9 que era un buen tema para comentar hoy con Uds., los lectores, para divulgarlo entre el p\u00fablico de habla espa\u00f1ola.<\/p>\n\n\n\n<!--more-->\n\n\n\n<p align=\"justify\">En los momentos actuales cada vez se conoce m\u00e1s sobre el&nbsp;<strong>Cambio Clim\u00e1tico<\/strong>, pues es evidente, ya se ven sus consecuencias a nivel mundial y en los eventos extremos que a menudo se producen. Sea el calor intenso en los desiertos norteamericanos, o en las torrenciales lluvias ocurridas recientemente en B\u00e9lgica y Alemania, con cientos de fallecidos, o cualquiera otra noticia parecida, que lamentablemente, van siendo bastante frecuentes.<\/p>\n\n\n\n<p align=\"justify\">Esto incrementa, sin embargo, la conciencia y la percepci\u00f3n de los peligros del&nbsp;<strong>Cambio Clim\u00e1tico<\/strong>&nbsp;en todo el Mundo; es que se percibe ya m\u00e1s cerca, junto al criterio de que, si no se toman medidas adecuadas, y muy r\u00e1pido, ocurrir\u00e1n lamentablemente eventos peores del tiempo y el clima, con el costo elevado en vidas humanas y en el bienestar. Hoy, se percibe como algo urgente y el tiempo para tratar de evitar los da\u00f1os, se va quedando peligrosamente corto, mucho m\u00e1s corto con cada d\u00eda que pasa.<\/p>\n\n\n\n<p align=\"justify\">Pues bien, la interesante historia comenz\u00f3&nbsp;mucho, pero mucho antes de las actuales discusiones sobre el<strong>&nbsp;cambio clim\u00e1tico<\/strong>&nbsp;y sus nocivas consecuencias. Incluso, comenz\u00f3 antes de que ocurriera la Guerra Civil en los Estados Unidos (1861-1865).<\/p>\n\n\n\n<p align=\"justify\"><strong>Eunice Foote<\/strong>, fue una cient\u00edfica estadounidense, y la primera en el Mundo que document\u00f3 la causa subyacente de lo que vendr\u00eda a ser actualmente el&nbsp;<strong>Cambio Clim\u00e1tico<\/strong>, y lo hizo a mediados del siglo XVIII. Fue una activista que trabaj\u00f3 duro por los derechos de la mujer a hacer Ciencia\u2026. Y a Votar.<\/p>\n\n\n\n<figure class=\"wp-block-image size-full\"><img loading=\"lazy\" decoding=\"async\" width=\"620\" height=\"413\" src=\"https:\/\/www.cent.uo.edu.cu\/cemzoc-uo\/files\/2021\/07\/Copia-de-la-Declaracion-de-Sentimientos-para-la-Convencion-de-los-Derechos-de-la-Mujer.jpg\" alt=\"\" class=\"wp-image-2234\" srcset=\"https:\/\/www.cent.uo.edu.cu\/cemzoc-uo\/files\/2021\/07\/Copia-de-la-Declaracion-de-Sentimientos-para-la-Convencion-de-los-Derechos-de-la-Mujer.jpg 620w, https:\/\/www.cent.uo.edu.cu\/cemzoc-uo\/files\/2021\/07\/Copia-de-la-Declaracion-de-Sentimientos-para-la-Convencion-de-los-Derechos-de-la-Mujer-300x200.jpg 300w, https:\/\/www.cent.uo.edu.cu\/cemzoc-uo\/files\/2021\/07\/Copia-de-la-Declaracion-de-Sentimientos-para-la-Convencion-de-los-Derechos-de-la-Mujer-306x205.jpg 306w\" sizes=\"auto, (max-width: 620px) 100vw, 620px\" \/><figcaption>Copia de la \u201cDeclaraci\u00f3n de Sentimientos\u201d para la Convenci\u00f3n de los Derechos de la Mujer en Julio 19-20 de 1848, unos a\u00f1os antes de que realizara el trabajo sobre el Cambio Clim\u00e1tico. Su nombre es el 5to. De la primera columna \u201cEunice Newton Foote\u201d (Foote es el apellido de su esposo que tambi\u00e9n firm\u00f3 la Declaraci\u00f3n). Copia de la Librer\u00eda del Congreso de los EE.UU.<\/figcaption><\/figure>\n\n\n\n<p align=\"justify\">En 1856&nbsp;<strong>Foote<\/strong>&nbsp;describi\u00f3 en un breve art\u00edculo cient\u00edfico los efectos de los gases, conocidos como de efecto invernadero, en especial del di\u00f3xido de Carbono. Describi\u00f3 el enorme poder de ese gas para absorber el calor, que es lo que actualmente m\u00e1s contribuye al calentamiento global.<\/p>\n\n\n\n<p align=\"justify\">Tan importante descubrimiento deb\u00eda ser presentado a la comunidad cient\u00edfica en la Octava Reuni\u00f3n Anual de la Asociaci\u00f3n Americana para el Avance de la Ciencia (AAAS), a desarrollarse el 23 de agosto de 1856. Sin embargo,&nbsp;<strong>Eunice Foote<\/strong>&nbsp;era una mujer, y no era nada f\u00e1cil imponerse ante el mundo de aquellos a\u00f1os vedados para las mujeres.<\/p>\n\n\n\n<p align=\"justify\">Si una mujer quer\u00eda ser reconocida en este campo, deb\u00eda entonces saltar varios obst\u00e1culos, o escurrirse. Por ello, necesit\u00f3 de la ayuda de Joseph Henry, un profesor de la Smithsonian Institution, para que en su nombre \u00e9l presentara a la reuni\u00f3n el descubrimiento realizado por&nbsp;<strong>Eunice Foote<\/strong>, pues no se permit\u00eda que las mujeres presentaran informes a la AAAS ni a ninguna reuni\u00f3n cient\u00edfica.<\/p>\n\n\n\n<p align=\"justify\">El documento&nbsp;llevaba por t\u00edtulo \u201cCircunstancias que afectan el Calor de los Rayos Solares\u201d (\u201cCircumstances Affecting the Heat of Sun\u2019s Rays\u201d) y, a pesar de su vital importancia, las actas de la conferencia no incluyeron ni la documentaci\u00f3n de&nbsp;<strong>Foote<\/strong>, ni la presentaci\u00f3n que hab\u00eda hecho Henry. Desconocimiento casi total, y apenas fue mencionado en la revista American Journal of Art and Science en un art\u00edculo de s\u00f3lo p\u00e1gina y media, que es este que se muestra a continuaci\u00f3n y que por suerte ha llegado a nuestros d\u00edas para dar el testimonio del descubrimiento.<\/p>\n\n\n\n<figure class=\"wp-block-image size-large is-resized\"><img loading=\"lazy\" decoding=\"async\" src=\"https:\/\/www.cent.uo.edu.cu\/cemzoc-uo\/files\/2021\/07\/Publicacion-del-articulo-original-de-Eunice-Foote-1024x946.jpg\" alt=\"\" class=\"wp-image-2237\" width=\"804\" height=\"741\"\/><figcaption>Publicaci\u00f3n del art\u00edculo original de Eunice Foote en el American Journal of Science and Arts \u00a9 Royal Society<\/figcaption><\/figure>\n\n\n\n<p align=\"justify\">Pocos a\u00f1os despu\u00e9s, en 1869, el f\u00edsico irland\u00e9s John Tyndall demostr\u00f3 el mismo resultado de&nbsp;<strong>Foote<\/strong>, con la diferencia de que los experimentos realizados por \u00e9l fueron m\u00e1s sofisticados.&nbsp;Pero Tyndall no hizo ninguna referencia a&nbsp;<strong>Foote<\/strong>. Lo m\u00e1s probable es que ni siquiera haya o\u00eddo hablar de ella o de su trabajo, debido a las limitadas comunicaciones de la \u00e9poca entre Europa y Norteam\u00e9rica.<\/p>\n\n\n\n<p align=\"justify\">Tardaron muchos a\u00f1os para que realmente fuera reconocido el trabajo y la visi\u00f3n de&nbsp;<strong>Eunice Foote<\/strong>. Fue s\u00f3lo en el a\u00f1o 2010, cuando el autor Raymond P. Sorenson public\u00f3 su historia en el art\u00edculo&nbsp;<strong>\u201cLa investigaci\u00f3n pionera sobre el CO2 y el Calentamiento Clim\u00e1tico de Eunice Foote\u201d<\/strong>&nbsp;(\u201cEunice Foote\u00b4s Pioneering Reseach On CO2 And Climate Warming\u201d).<\/p>\n\n\n\n<p align=\"justify\">Han pasado ya diez a\u00f1os despu\u00e9s del reconocimiento hecho por Sorenson, pero es usual encontrar que se le atribuya el descubrimiento del&nbsp;<strong>Cambio Clim\u00e1tico<\/strong>&nbsp;a Tyndall en lugar de a&nbsp;<strong>Foote<\/strong>. Muy probablemente transcurran muchos a\u00f1os m\u00e1s antes de que la cient\u00edfica reciba el m\u00e9rito tal y como debi\u00f3 haberlo recibido desde un principio, hace exactamente 165 a\u00f1os.<\/p>\n\n\n\n<figure class=\"wp-block-image size-large is-resized\"><img loading=\"lazy\" decoding=\"async\" src=\"https:\/\/www.cent.uo.edu.cu\/cemzoc-uo\/files\/2021\/07\/Fotografia-atribuida-a-Eunice-Foote-1-1024x683.jpg\" alt=\"\" class=\"wp-image-2236\" width=\"798\" height=\"532\" srcset=\"https:\/\/www.cent.uo.edu.cu\/cemzoc-uo\/files\/2021\/07\/Fotografia-atribuida-a-Eunice-Foote-1-1024x683.jpg 1024w, https:\/\/www.cent.uo.edu.cu\/cemzoc-uo\/files\/2021\/07\/Fotografia-atribuida-a-Eunice-Foote-1-300x200.jpg 300w, https:\/\/www.cent.uo.edu.cu\/cemzoc-uo\/files\/2021\/07\/Fotografia-atribuida-a-Eunice-Foote-1-768x512.jpg 768w, https:\/\/www.cent.uo.edu.cu\/cemzoc-uo\/files\/2021\/07\/Fotografia-atribuida-a-Eunice-Foote-1-306x205.jpg 306w, https:\/\/www.cent.uo.edu.cu\/cemzoc-uo\/files\/2021\/07\/Fotografia-atribuida-a-Eunice-Foote-1.jpg 1200w\" sizes=\"auto, (max-width: 798px) 100vw, 798px\" \/><figcaption>Fotograf\u00eda atribuida a Eunice Foote<br><\/figcaption><\/figure>\n\n\n\n<h4 class=\"wp-block-heading\"><strong>\u00bfC\u00f3mo Eunice Foote descubri\u00f3 las causas del Cambio Clim\u00e1tico?<\/strong><\/h4>\n\n\n\n<p align=\"justify\">Volviendo a nuestra historia para conocer, y sobre todo comprender, qu\u00e9 fue lo que realiz\u00f3 esa notable cient\u00edfica, recordemos que el di\u00f3xido de carbono (CO2) es el gas inodoro, ins\u00edpido, transparente, que resulta de quemar combustibles, sea madera, carb\u00f3n, petr\u00f3leo o gasolina.<\/p>\n\n\n\n<p align=\"justify\">Lo que ocurre en la atm\u00f3sfera de La Tierra es que a medida que la superficie del Planeta se calienta, uno podr\u00eda pensar que el calor simplemente se irradiar\u00eda y se ir\u00eda al espacio. Pero, no es as\u00ed. La atm\u00f3sfera se mantiene m\u00e1s caliente de lo esperado, principalmente debido a que en ella est\u00e1n los gases de efecto invernadero, principalmente el CO2, aunque tambi\u00e9n est\u00e1 el metano y el vapor de agua atmosf\u00e9rico. Estos compuestos absorben el calor saliente, unos m\u00e1s, y otros en menor cuant\u00eda.<\/p>\n\n\n\n<p align=\"justify\">Se les llama \u00abgases de efecto invernadero\u00bb porque, juegan el mismo papel que los vidrios de los invernaderos empleados en los pa\u00edses con inviernos muy fr\u00edos, para poder cultivar flores, verduras y hortalizas, aunque haya temperaturas muy bajas afuera. Los cristales dejan pasar la onda corta de la luz solar, que no calienta el aire, pero una vez dentro, las superficies la absorben e irradian en ondas largas. Los cristales no permiten que escapen esas ondas, y las devuelve hacia dentro del invernadero. Por ello, el aire dentro del invernadero se va calentando y calentando.<\/p>\n\n\n\n<p align=\"justify\">En la atm\u00f3sfera terrestre ocurre lo mismo. El CO2 hace el mismo papel del vidrio. El calor es absorbido por \u00e9l u otro de los gases de efecto invernadero, el calor queda atrapado en la atm\u00f3sfera y es enviado de vuelta a la superficie del Planeta. La atm\u00f3sfera se calienta m\u00e1s y m\u00e1s.<\/p>\n\n\n\n<p align=\"justify\">La idea de que la atm\u00f3sfera atrapaba el calor era conocida, pero no se sab\u00eda cu\u00e1l era la causa.&nbsp;<strong>Eunice Foote<\/strong>&nbsp;lo descubri\u00f3, y miren como se las ingeni\u00f3 para hacerlo:<\/p>\n\n\n\n<p align=\"justify\">Llev\u00f3 a cabo un experimento simple. Cualquiera de nosotros puede repetirlo contando con algunas condiciones para hacerlo. Tom\u00f3 dos cilindros de vidrio, puso un term\u00f3metro en cada uno de ellos, bombe\u00f3 gas de di\u00f3xido de carbono en uno y aire en el otro. Entonces puso los cilindros a la luz del Sol.<\/p>\n\n\n\n<p align=\"justify\">\u00bfQu\u00e9 pas\u00f3? Que el cilindro que conten\u00eda CO2 se volvi\u00f3 mucho m\u00e1s caliente que el que ten\u00eda aire, y&nbsp;<strong>Foote<\/strong>&nbsp;se dio cuenta de que el di\u00f3xido de carbono era el que absorb\u00eda fuertemente el calor en la atm\u00f3sfera.<\/p>\n\n\n\n<p align=\"justify\">El descubrimiento de&nbsp;<strong>Foote<\/strong>&nbsp;de la alta absorci\u00f3n de calor por el CO2, la llev\u00f3 a concluir que, si con el aire se hubiera mezclado una mayor proporci\u00f3n de di\u00f3xido de carbono, se producir\u00eda un aumento de la temperatura del Planeta.<\/p>\n\n\n\n<p align=\"justify\">Y hay que decir que, en la d\u00e9cada de 1800, las actividades humanas ya estaban aumentando el di\u00f3xido de carbono en la atm\u00f3sfera de manera significativa. La quema de m\u00e1s y m\u00e1s combustibles f\u00f3siles \u2013carb\u00f3n y, finalmente, petr\u00f3leo y gas\u2013 a\u00f1adi\u00f3 una cantidad cada vez mayor de di\u00f3xido de carbono al aire.<\/p>\n\n\n\n<p align=\"justify\">La primera estimaci\u00f3n cuantitativa del&nbsp;<strong>cambio clim\u00e1tico<\/strong>&nbsp;inducido por el di\u00f3xido de carbono fue hecha por Svante Arrhenius, un cient\u00edfico sueco y premio Nobel. En 1896, calcul\u00f3 que \u00abla temperatura en las regiones \u00e1rticas aumentar\u00eda 8 o 9 grados cent\u00edgrados si el di\u00f3xido de carbono aumentara a 2,5 o 3 veces\u00bb su nivel en ese momento.<\/p>\n\n\n\n<p align=\"justify\">Nils Ekholm, un meteor\u00f3logo sueco, estuvo de acuerdo, escribiendo en 1901 que la quema de carb\u00f3n era tan grande que si continuaba &#8230; sin duda, deber\u00eda ocasionar un aumento muy obvio de la temperatura media de La Tierra.<\/p>\n\n\n\n<p align=\"justify\">Todo esto se conoc\u00eda desde hace m\u00e1s de un siglo. A pesar de eso, hay quienes lamentablemente todav\u00eda no lo creen, o dicen no creerlo, por determinados intereses ego\u00edstas. Y eso a pesar de que el conocimiento es ahora mucho mayor y m\u00e1s profundo, acumulado por numerosos investigadores durante varias generaciones y, sobre todo, las investigaciones m\u00e1s actuales fundadas en datos reales y actualizados de lo que est\u00e1 ocurriendo en la atm\u00f3sfera de nuestro Planeta, los que han acopiados en los Informes emitidos por el Panel Intergubernamental del&nbsp;<strong>Cambio Clim\u00e1tico de las<\/strong>&nbsp;NN.UU. (IPCC).<\/p>\n\n\n\n<p align=\"justify\">La Humanidad se est\u00e1 dando cada vez m\u00e1s cuenta, y al mismo tiempo, ganando conciencia, de que el&nbsp;<strong>Cambio Clim\u00e1tico<\/strong>&nbsp;es real, y de que hay que actuar ahora para evitarlo, es algo imperativo, y pienso que cada d\u00eda que pasa hay m\u00e1s voluntades que se unen para ello.<\/p>\n\n\n\n<p><em><sub>Fuente: https:\/\/www.excelenciascuba.com\/generales\/te-lo-conto-rubiera\/eunice-foote-la-mujer-que-primero-descubrio-la-causa-del-cambio<\/sub><\/em><\/p>\n","protected":false},"excerpt":{"rendered":"<p>Por: Dr. C Jos\u00e9 Rubiera Ahora tengo un poco m\u00e1s de tiempo para leer y lo hago, sobre todo y como es natural, sobre los temas que m\u00e1s me interesan. En esta semana, llam\u00f3 mi atenci\u00f3n un interesante art\u00edculo aparecido&hellip; <\/p>\n","protected":false},"author":21,"featured_media":2241,"comment_status":"closed","ping_status":"open","sticky":false,"template":"","format":"standard","meta":{"footnotes":""},"categories":[162,161],"tags":[],"class_list":["post-2233","post","type-post","status-publish","format-standard","has-post-thumbnail","hentry","category-cambio-climatico","category-medio-ambiente"],"_links":{"self":[{"href":"https:\/\/www.cent.uo.edu.cu\/cemzoc-uo\/wp-json\/wp\/v2\/posts\/2233","targetHints":{"allow":["GET"]}}],"collection":[{"href":"https:\/\/www.cent.uo.edu.cu\/cemzoc-uo\/wp-json\/wp\/v2\/posts"}],"about":[{"href":"https:\/\/www.cent.uo.edu.cu\/cemzoc-uo\/wp-json\/wp\/v2\/types\/post"}],"author":[{"embeddable":true,"href":"https:\/\/www.cent.uo.edu.cu\/cemzoc-uo\/wp-json\/wp\/v2\/users\/21"}],"replies":[{"embeddable":true,"href":"https:\/\/www.cent.uo.edu.cu\/cemzoc-uo\/wp-json\/wp\/v2\/comments?post=2233"}],"version-history":[{"count":11,"href":"https:\/\/www.cent.uo.edu.cu\/cemzoc-uo\/wp-json\/wp\/v2\/posts\/2233\/revisions"}],"predecessor-version":[{"id":2462,"href":"https:\/\/www.cent.uo.edu.cu\/cemzoc-uo\/wp-json\/wp\/v2\/posts\/2233\/revisions\/2462"}],"wp:featuredmedia":[{"embeddable":true,"href":"https:\/\/www.cent.uo.edu.cu\/cemzoc-uo\/wp-json\/wp\/v2\/media\/2241"}],"wp:attachment":[{"href":"https:\/\/www.cent.uo.edu.cu\/cemzoc-uo\/wp-json\/wp\/v2\/media?parent=2233"}],"wp:term":[{"taxonomy":"category","embeddable":true,"href":"https:\/\/www.cent.uo.edu.cu\/cemzoc-uo\/wp-json\/wp\/v2\/categories?post=2233"},{"taxonomy":"post_tag","embeddable":true,"href":"https:\/\/www.cent.uo.edu.cu\/cemzoc-uo\/wp-json\/wp\/v2\/tags?post=2233"}],"curies":[{"name":"wp","href":"https:\/\/api.w.org\/{rel}","templated":true}]}}