{"id":2374,"date":"2021-09-01T14:07:35","date_gmt":"2021-09-01T18:07:35","guid":{"rendered":"https:\/\/www.cent.uo.edu.cu\/cemzoc-uo\/?p=2374"},"modified":"2021-09-06T11:29:20","modified_gmt":"2021-09-06T15:29:20","slug":"guterres-alerta-el-mundo-necesita-un-planeta-verde-pero-esta-en-alerta-roja","status":"publish","type":"post","link":"https:\/\/www.cent.uo.edu.cu\/cemzoc-uo\/2021\/09\/01\/guterres-alerta-el-mundo-necesita-un-planeta-verde-pero-esta-en-alerta-roja\/","title":{"rendered":"Guterres alerta: El mundo necesita un planeta verde, pero est\u00e1 en alerta roja"},"content":{"rendered":"\n<p align=\"justify\">Estados Unidos anuncia que reducir\u00e1 las emisiones de gases de efecto invernadero entre un 50% y un 52% por debajo de los niveles de 2005 durante una cumbre sobre el clima, que coincide con el D\u00eda de la Madre Tierra. El titular de la ONU aplaude la medida e insta a otros pa\u00edses a que act\u00faen para frenar el calentamiento global.<\/p>\n\n\n\n<div class=\"wp-block-image\"><figure class=\"alignleft size-large is-resized\"><img loading=\"lazy\" decoding=\"async\" src=\"https:\/\/www.cent.uo.edu.cu\/cemzoc-uo\/files\/2021\/09\/image1170x530cropped-1-1024x464.jpg\" alt=\"\" class=\"wp-image-2379\" width=\"273\" height=\"124\" srcset=\"https:\/\/www.cent.uo.edu.cu\/cemzoc-uo\/files\/2021\/09\/image1170x530cropped-1-1024x464.jpg 1024w, https:\/\/www.cent.uo.edu.cu\/cemzoc-uo\/files\/2021\/09\/image1170x530cropped-1-300x136.jpg 300w, https:\/\/www.cent.uo.edu.cu\/cemzoc-uo\/files\/2021\/09\/image1170x530cropped-1-768x348.jpg 768w, https:\/\/www.cent.uo.edu.cu\/cemzoc-uo\/files\/2021\/09\/image1170x530cropped-1.jpg 1170w\" sizes=\"auto, (max-width: 273px) 100vw, 273px\" \/><figcaption><em>Oficina Nacional de Administraci\u00f3n Oce\u00e1nica y Atmosf\u00e9rica de los Estados Unidos\/Jerry Penry<br>Los cient\u00edficos sostienen que el cambio clim\u00e1tico est\u00e1 provocando un aumento de los fen\u00f3menos meteorol\u00f3gicos extremos.<\/em><\/figcaption><\/figure><\/div>\n\n\n\n<p align=\"justify\">Durante su intervenci\u00f3n en la Cumbre de L\u00edderes sobre el Clima convocada este jueves por los Estados Unidos y que re\u00fane a m\u00e1s de 40 naciones que representan el 80% de las emisiones mundiales, el&nbsp;Secretario General&nbsp;de la ONU ha alertado de la precaria situaci\u00f3n en la que se encuentra la salud clim\u00e1tica del planeta y emplaz\u00f3 a los l\u00edderes mundiales a actuar.<\/p>\n\n\n\n<!--more-->\n\n\n\n<p align=\"justify\">Ant\u00f3nio Guterres resalt\u00f3 que la pasada d\u00e9cada fue la m\u00e1s calurosa de la historia, que los gases de efecto invernadero han alcanzado niveles no vistos en tres millones de a\u00f1os y que la temperatura global ya ha aumentado en 1,2 grados cent\u00edgrados, una combinaci\u00f3n que nos acerca \u201cal umbral de la cat\u00e1strofe\u201d.<\/p>\n\n\n\n<p align=\"justify\">\u201cMientras tanto, asistimos a un aumento constante del nivel del mar, a temperaturas extremas, a ciclones tropicales devastadores y a incendios forestales \u00e9picos.&nbsp;<strong>Necesitamos un planeta verde, pero el mundo est\u00e1 en alerta roja. Estamos al borde del abismo.<\/strong>&nbsp;Debemos asegurarnos de que el pr\u00f3ximo paso sea en la direcci\u00f3n correcta\u201d, advirti\u00f3.<\/p>\n\n\n\n<p align=\"justify\">Para implementar este paso inst\u00f3 a los l\u00edderes mundiales a actuar en base a cuatro ejes: &nbsp;construyendo una coalici\u00f3n mundial para lograr las cero emisiones netas a mediados de siglo, convirtiendo la presente d\u00e9cada en un decenio de transformaci\u00f3n, traduciendo los compromisos en acciones concretas e inmediatas y avanzando en materia de financiaci\u00f3n y adaptaci\u00f3n.<\/p>\n\n\n\n<p align=\"justify\">Con relaci\u00f3n al tercer aparatado destac\u00f3 que \u201chasta ahora, s\u00f3lo se prev\u00e9 que entre el 18% y el 24% del gasto de recuperaci\u00f3n de la pandemia contribuya a mitigar las emisiones, a reducir la contaminaci\u00f3n atmosf\u00e9rica o a reforzar el capital natural\u201d, destac\u00f3.<\/p>\n\n\n\n<p align=\"justify\">Avis\u00f3 que los billones de d\u00f3lares que se necesitan para la recuperaci\u00f3n de la COVID-19 \u201cson dinero que estamos tomando prestado de las generaciones futuras\u201d y que \u201c<strong>no podemos utilizar estos recursos para afianzar pol\u00edticas que les carguen con una monta\u00f1a de deudas en un planeta roto<\/strong>.\u201d<\/p>\n\n\n\n<figure class=\"wp-block-image size-large is-resized\"><img loading=\"lazy\" decoding=\"async\" src=\"https:\/\/www.cent.uo.edu.cu\/cemzoc-uo\/files\/2021\/09\/image1170x530cropped-1024x461.jpg\" alt=\"\" class=\"wp-image-2380\" width=\"711\" height=\"320\" srcset=\"https:\/\/www.cent.uo.edu.cu\/cemzoc-uo\/files\/2021\/09\/image1170x530cropped-1024x461.jpg 1024w, https:\/\/www.cent.uo.edu.cu\/cemzoc-uo\/files\/2021\/09\/image1170x530cropped-300x135.jpg 300w, https:\/\/www.cent.uo.edu.cu\/cemzoc-uo\/files\/2021\/09\/image1170x530cropped-768x346.jpg 768w, https:\/\/www.cent.uo.edu.cu\/cemzoc-uo\/files\/2021\/09\/image1170x530cropped.jpg 1178w\" sizes=\"auto, (max-width: 711px) 100vw, 711px\" \/><figcaption><em>Banco Mundial<br>Minas de carb\u00f3n afuera de Samaca, en Colombia.<\/em><\/figcaption><\/figure>\n\n\n\n<p>Por ello dijo que debemos:<\/p>\n\n\n\n<ul class=\"wp-block-list\"><li>Fijar un precio al carbono, trasladando la fiscalidad de los ingresos al carbono.<\/li><li>Acabar con las subvenciones a los combustibles f\u00f3siles.<\/li><li>Aumentar las inversiones en energ\u00edas renovables e infraestructuras verdes.<\/li><li>Detener la financiaci\u00f3n del carb\u00f3n y la construcci\u00f3n de nuevas centrales el\u00e9ctricas de carb\u00f3n.<\/li><\/ul>\n\n\n\n<p>Y con respecto al cuarto eje, dijo que se necesita un gran avance en materia de financiaci\u00f3n y adaptaci\u00f3n.&nbsp;<\/p>\n\n\n\n<p align=\"justify\">\u201cEsto es fundamental para la confianza y la acci\u00f3n colectiva. Los donantes y los bancos de desarrollo multilaterales y nacionales deben pasar del 20% al 50% en todos los flujos de financiaci\u00f3n clim\u00e1tica a la resiliencia y la adaptaci\u00f3n\u201d.<\/p>\n\n\n\n<p align=\"justify\">Guterres pidi\u00f3 propuestas concretas permitan el acceso a una mayor financiaci\u00f3n y apoyo tecnol\u00f3gico para los pa\u00edses m\u00e1s vulnerables antes de la conferencia de las Naciones Unidas sobre el clima que se celebrar\u00e1 en noviembre en Glasgow.<\/p>\n\n\n\n<p align=\"justify\">Durante su intervenci\u00f3n, el titular de la ONU aplaudi\u00f3 el anuncio hecho en la Cumbre por el presidente de los Estados Unidos, Joe Biden, quien se comprometi\u00f3 a reducir las emisiones de gases de efecto invernadero entre un 50% y un 52% por debajo de los niveles de 2005.<\/p>\n\n\n\n<p align=\"justify\">Por su parte, Patricia Espinosa, secretaria ejecutiva de la Convenci\u00f3n Marco de las Naciones Unidas sobre el Cambio Clim\u00e1tico, que tambi\u00e9n intervino en la Cumbre, dijo que \u201cla emergencia provocada por el cambio clim\u00e1tico global es un peligro claro, presente y creciente para todos los habitantes del planeta\u201d.<\/p>\n\n\n\n<figure class=\"wp-block-image size-large is-resized\"><img loading=\"lazy\" decoding=\"async\" src=\"https:\/\/www.cent.uo.edu.cu\/cemzoc-uo\/files\/2021\/09\/image1170x530cropped-2-1024x463.jpg\" alt=\"\" class=\"wp-image-2381\" width=\"747\" height=\"338\" srcset=\"https:\/\/www.cent.uo.edu.cu\/cemzoc-uo\/files\/2021\/09\/image1170x530cropped-2-1024x463.jpg 1024w, https:\/\/www.cent.uo.edu.cu\/cemzoc-uo\/files\/2021\/09\/image1170x530cropped-2-300x136.jpg 300w, https:\/\/www.cent.uo.edu.cu\/cemzoc-uo\/files\/2021\/09\/image1170x530cropped-2-768x348.jpg 768w, https:\/\/www.cent.uo.edu.cu\/cemzoc-uo\/files\/2021\/09\/image1170x530cropped-2.jpg 1171w\" sizes=\"auto, (max-width: 747px) 100vw, 747px\" \/><figcaption><em>PNUD\/Silke von Brockhausen<br>El archipi\u00e9lago de Tuvalu, en el Pac\u00edfico Sur, es altamente vulnerable a la subida del nivel del mar provocada por el cambio clim\u00e1tico.<\/em><\/figcaption><\/figure>\n\n\n\n<h2 class=\"wp-block-heading\">Se necesita liderazgo, valent\u00eda y solidaridad<\/h2>\n\n\n\n<p align=\"justify\">A\u00f1adi\u00f3 que \u201cno reconoce fronteras y, aunque las naciones se vean afectadas de forma diferente, ninguna es inmune. Es el momento de que los l\u00edderes mundiales asuman el liderazgo, la valent\u00eda y la solidaridad; un momento en el que deben tomar las duras decisiones necesarias para cumplir finalmente con las promesas del Acuerdo de Par\u00eds aparatando al mundo del desastre y dirigirlo hacia una era de crecimiento, prosperidad y esperanza para todos sin precedentes\u201d.<\/p>\n\n\n\n<p align=\"justify\">Espinosa tambi\u00e9n aplaudi\u00f3 los compromisos mostrados por varias naciones en la Cumbre e inst\u00f3 a todas las naciones a que lleven este \u201cimpulso a las cruciales negociaciones de la COP26 (la Conferencia sobre el Clima) prevista para este noviembre en Glasgow\u201d.<\/p>\n\n\n\n<figure class=\"wp-block-image size-large is-resized\"><img loading=\"lazy\" decoding=\"async\" src=\"https:\/\/www.cent.uo.edu.cu\/cemzoc-uo\/files\/2021\/09\/image1170x530cropped-3-1024x464.jpg\" alt=\"\" class=\"wp-image-2382\" width=\"744\" height=\"337\" srcset=\"https:\/\/www.cent.uo.edu.cu\/cemzoc-uo\/files\/2021\/09\/image1170x530cropped-3-1024x464.jpg 1024w, https:\/\/www.cent.uo.edu.cu\/cemzoc-uo\/files\/2021\/09\/image1170x530cropped-3-300x136.jpg 300w, https:\/\/www.cent.uo.edu.cu\/cemzoc-uo\/files\/2021\/09\/image1170x530cropped-3-768x348.jpg 768w, https:\/\/www.cent.uo.edu.cu\/cemzoc-uo\/files\/2021\/09\/image1170x530cropped-3.jpg 1170w\" sizes=\"auto, (max-width: 744px) 100vw, 744px\" \/><figcaption>Unsplash\/Markus Spiske<br>Una manifestaci\u00f3n en Alemania para atajar el cambio clim\u00e1tico.<\/figcaption><\/figure>\n\n\n\n<h2 class=\"wp-block-heading\">Los j\u00f3venes son la vanguardia de la lucha<\/h2>\n\n\n\n<p align=\"justify\">\u201cLos j\u00f3venes de todo el mundo estamos en la vanguardia del movimiento por la justicia clim\u00e1tica y hemos defendido la salud de la naturaleza por encima del desarrollo a nivel mundial, nacional y local\u201d, dijo por su parte Archana Soreng, la activista ambiental india del Grupo Consultivo Juvenil sobre Cambio Clim\u00e1tico del Secretario General<\/p>\n\n\n\n<p align=\"justify\">\u201cYa sea en las calles o en los espacios de toma de decisiones, lideramos el camino, exigiendo a nuestros l\u00edderes que rindan cuentas para lograr los objetivos del Acuerdo de Par\u00eds y el Desarrollo Sostenible. En el campo de la educaci\u00f3n, la tecnolog\u00eda, la ciencia, el derecho, el arte, la m\u00fasica, la moda, el entretenimiento, la alimentaci\u00f3n, el deporte y muchos m\u00e1s, estamos marcando la diferencia a trav\u00e9s de nuestras habilidades, experiencia y contribuyendo a la acci\u00f3n clim\u00e1tica\u201d, explic\u00f3.<\/p>\n\n\n\n<h2 class=\"wp-block-heading\">D\u00eda de la Madre Tierra<\/h2>\n\n\n\n<p align=\"justify\">La convocatoria de la Cumbre coincide con la celebraci\u00f3n del D\u00eda Internacional de la Madre Tierra. En su mensaje con motivo de la efem\u00e9ride, Guterres dijo que la humanidad sigue abusando del mundo natural.<\/p>\n\n\n\n<p align=\"justify\">\u201cDe forma irresponsable, saqueamos los recursos del planeta, mermamos sus especies silvestres y tratamos el aire, la tierra y los mares como vertederos. Hay ecosistemas y cadenas alimentarias cruciales que se est\u00e1n viendo al borde del colapso. Esa es una actitud suicida\u201d.<\/p>\n\n\n\n<p align=\"justify\">Pare revertir esta actitud, Guterres propuso poner en funcionamiento una acci\u00f3n clim\u00e1tica ambiciosa para limitar el aumento de la temperatura global a 1,5\u202f\u00b0C como m\u00e1ximo y adaptarse a los cambios que se producir\u00e1n, adoptar medidas m\u00e1s contundentes para proteger la biodiversidad y reducir la contaminaci\u00f3n creando econom\u00edas circulares que generen menos desechos.<\/p>\n\n\n\n<p>El titular de la ONU indic\u00f3 que la suma de esas medidas servir\u00e1 para proteger al planeta y crear\u00e1n millones de empleos.<\/p>\n\n\n\n<p align=\"justify\">\u201cLa recuperaci\u00f3n de la pandemia de COVID-19 ofrece una oportunidad de que el mundo emprenda un camino m\u00e1s limpio, ecol\u00f3gico y sostenible\u201d, declar\u00f3 Guterres quien pidi\u00f3 un compromiso com\u00fan para \u201ctrabajar con ah\u00ednco para restaurar nuestro planeta y hacer las paces con la naturaleza\u201d.<\/p>\n\n\n\n<p><em>Fuente: <a href=\"https:\/\/news.un.org\/es\/story\/2021\/04\/1491172\" target=\"_blank\" rel=\"noreferrer noopener\">https:\/\/news.un.org\/es\/story\/2021\/04\/1491172<\/a><\/em><\/p>\n","protected":false},"excerpt":{"rendered":"<p>Estados Unidos anuncia que reducir\u00e1 las emisiones de gases de efecto invernadero entre un 50% y un 52% por debajo de los niveles de 2005 durante una cumbre sobre el clima, que coincide con el D\u00eda de la Madre Tierra.&hellip; <\/p>\n","protected":false},"author":21,"featured_media":2379,"comment_status":"closed","ping_status":"open","sticky":false,"template":"","format":"standard","meta":{"footnotes":""},"categories":[162,161],"tags":[160,6],"class_list":["post-2374","post","type-post","status-publish","format-standard","has-post-thumbnail","hentry","category-cambio-climatico","category-medio-ambiente","tag-cambio-climatico","tag-medio-ambiente"],"_links":{"self":[{"href":"https:\/\/www.cent.uo.edu.cu\/cemzoc-uo\/wp-json\/wp\/v2\/posts\/2374","targetHints":{"allow":["GET"]}}],"collection":[{"href":"https:\/\/www.cent.uo.edu.cu\/cemzoc-uo\/wp-json\/wp\/v2\/posts"}],"about":[{"href":"https:\/\/www.cent.uo.edu.cu\/cemzoc-uo\/wp-json\/wp\/v2\/types\/post"}],"author":[{"embeddable":true,"href":"https:\/\/www.cent.uo.edu.cu\/cemzoc-uo\/wp-json\/wp\/v2\/users\/21"}],"replies":[{"embeddable":true,"href":"https:\/\/www.cent.uo.edu.cu\/cemzoc-uo\/wp-json\/wp\/v2\/comments?post=2374"}],"version-history":[{"count":5,"href":"https:\/\/www.cent.uo.edu.cu\/cemzoc-uo\/wp-json\/wp\/v2\/posts\/2374\/revisions"}],"predecessor-version":[{"id":2460,"href":"https:\/\/www.cent.uo.edu.cu\/cemzoc-uo\/wp-json\/wp\/v2\/posts\/2374\/revisions\/2460"}],"wp:featuredmedia":[{"embeddable":true,"href":"https:\/\/www.cent.uo.edu.cu\/cemzoc-uo\/wp-json\/wp\/v2\/media\/2379"}],"wp:attachment":[{"href":"https:\/\/www.cent.uo.edu.cu\/cemzoc-uo\/wp-json\/wp\/v2\/media?parent=2374"}],"wp:term":[{"taxonomy":"category","embeddable":true,"href":"https:\/\/www.cent.uo.edu.cu\/cemzoc-uo\/wp-json\/wp\/v2\/categories?post=2374"},{"taxonomy":"post_tag","embeddable":true,"href":"https:\/\/www.cent.uo.edu.cu\/cemzoc-uo\/wp-json\/wp\/v2\/tags?post=2374"}],"curies":[{"name":"wp","href":"https:\/\/api.w.org\/{rel}","templated":true}]}}