{"id":2435,"date":"2021-09-06T10:21:37","date_gmt":"2021-09-06T14:21:37","guid":{"rendered":"https:\/\/www.cent.uo.edu.cu\/cemzoc-uo\/?p=2435"},"modified":"2021-09-06T11:33:07","modified_gmt":"2021-09-06T15:33:07","slug":"una-marea-de-sargazo-inunda-las-cristalinas-playas-dominicanas","status":"publish","type":"post","link":"https:\/\/www.cent.uo.edu.cu\/cemzoc-uo\/2021\/09\/06\/una-marea-de-sargazo-inunda-las-cristalinas-playas-dominicanas\/","title":{"rendered":"Una marea de sargazo inunda las cristalinas playas dominicanas"},"content":{"rendered":"\n<p align=\"justify\">Una cantidad sin precedente de sargazo ha invadido este verano parte de las paradis\u00edacas playas de arena blanca y agua cristalina de Rep\u00fablica Dominicana, en pleno proceso de recuperaci\u00f3n del turismo, la principal fuente de divisas del pa\u00eds.<\/p>\n\n\n\n<div class=\"wp-block-image\"><figure class=\"alignleft size-full is-resized\"><img loading=\"lazy\" decoding=\"async\" src=\"https:\/\/www.cent.uo.edu.cu\/cemzoc-uo\/files\/2021\/09\/L_133143_sargazo-punta-cana001-at-juancitoperezrd.jpg\" alt=\"\" class=\"wp-image-2436\" width=\"246\" height=\"138\" srcset=\"https:\/\/www.cent.uo.edu.cu\/cemzoc-uo\/files\/2021\/09\/L_133143_sargazo-punta-cana001-at-juancitoperezrd.jpg 720w, https:\/\/www.cent.uo.edu.cu\/cemzoc-uo\/files\/2021\/09\/L_133143_sargazo-punta-cana001-at-juancitoperezrd-300x169.jpg 300w\" sizes=\"auto, (max-width: 246px) 100vw, 246px\" \/><figcaption>Una playa en Punta Cana el 30 de agosto. Foto: @JuancitoperezRD<\/figcaption><\/figure><\/div>\n\n\n\n<p align=\"justify\">Desde hace semanas, el alga que se origina en el Mar de los Sargazos, una regi\u00f3n del Atl\u00e1ntico al este de Estados Unidos, se ha ido extendiendo por las costas del pa\u00eds, incluyendo lugares donde no es habitual.<\/p>\n\n\n\n<p align=\"justify\">Con rastrillos en mano, decenas de hombres trabajan bajo el inclemente sol caribe\u00f1o en la playa del Cortecito, en Punta Cana, en la recolecci\u00f3n de sargazo, que \u00abha llegado de repente y en cantidades nunca vistas\u00bb, dijo a Efe uno de los obreros, de nacionalidad haitiana, que prefiri\u00f3 no identificarse.<\/p>\n\n\n\n<!--more-->\n\n\n\n<p align=\"justify\">Un compa\u00f1ero y compatriota suyo, que tampoco da su nombre, asiente con la cabeza y agrega: \u00abhoy no hay nada comparando con lo que hab\u00eda el fin se semana\u00bb, mientras empuja una carretilla a tope de sargazo, una labor a la que est\u00e1 dedicando ocho horas al d\u00eda y por la que recibe 600 pesos (10,7 d\u00f3lares) por parte del hotel para el que est\u00e1 trabajando en estas tareas de limpieza.<\/p>\n\n\n\n<p align=\"justify\">Y es que el aumento ha sido excesivo respecto a a\u00f1os anteriores, seg\u00fan conocedores del tema, aunque no hay un reporte oficial sobre la cantidad de playas afectadas en el pa\u00eds.<\/p>\n\n\n\n<p>IMPACTO INCIERTO EN EL TURISMO<\/p>\n\n\n\n<p align=\"justify\">El fen\u00f3meno, que afecta las playas caribe\u00f1as especialmente en verano, sucede en momentos en los que el turismo vuelve a reflotar en Rep\u00fablica Dominicana tras la pandemia.<\/p>\n\n\n\n<p align=\"justify\">El pa\u00eds recibi\u00f3 entre enero y julio 2,4 millones de turistas, una cifra superior a todos los visitantes de 2020, cuando el turismo mundial se detuvo a causa del coronavirus.<\/p>\n\n\n\n<p align=\"justify\">El sargazo \u00abempez\u00f3 a venir de manera muy racional, suave, era manejable, pero \u00faltimamente hemos tenido una andanada importante de sargazo, que realmente nos ha perjudicado\u00bb, dijo a Efe el presidente de la Asociaci\u00f3n de Hoteles del Este (Asoleste), Ernesto Veloz, si bien aclar\u00f3 que no ha habido cancelaci\u00f3n de reservas por esto.<\/p>\n\n\n\n<p align=\"justify\">De opini\u00f3n opuesta, Marcelo Vargas, un touroperador de la zona y responsable del Grupo de Monitoreo del Sargazo en B\u00e1varo\/Punta Cana, asegur\u00f3 que la situaci\u00f3n ya empieza a tener consecuencias, al punto de provocar cambios en los planes de muchos turistas.<\/p>\n\n\n\n<p align=\"justify\">\u00abEn esta zona es dif\u00edcil sacar excursiones. El cliente llega y dice: mira el agua esta sucia, no quiero hacer esa excursi\u00f3n y la cancela\u00bb o, en los mejores de los casos, decide cambiar el destino, afirm\u00f3 Vargas, durante un recorrido por la playa de Bibijagua, en B\u00e1varo.<\/p>\n\n\n\n<p align=\"justify\">De hecho, asegur\u00f3, la preocupaci\u00f3n por el tema provoc\u00f3 una subida considerable de miembros del grupo que dirige, que ya supera los 6.200, la mayor\u00eda de los cuales se sum\u00f3 en los \u00faltimos meses para intercambiar opiniones sobre el tema o pedir informaci\u00f3n sobre el estado actual de las playas.<\/p>\n\n\n\n<p align=\"justify\">Otro organizador de excursiones, que prefiri\u00f3 no identificarse, se mostr\u00f3 a\u00fan m\u00e1s pesimista sobre el futuro inmediato de los viajes internos que realizan en esa zona, a la vez que critic\u00f3 \u00abel poco apoyo\u00bb de las autoridades para resolver este tema.<\/p>\n\n\n\n<p>UNA SOLUCI\u00d3N DESDE LO P\u00daBLICO Y LO PRIVADO<\/p>\n\n\n\n<p align=\"justify\">Varios hoteles de la zona ya cuentan con barreras antisargazo temporales, pero seg\u00fan dijo un hotelero a Efe, algunas de ellas se rompieron hace unas semanas con el paso de la tormenta Grace, arrojando grandes cantidades de algas a la playa.<\/p>\n\n\n\n<p align=\"justify\">Los hoteleros est\u00e1n a la espera de la instalaci\u00f3n de una barrera fija, en un proyecto financiado a partes iguales entre el Estado y el sector privado, que saldr\u00e1 a licitaci\u00f3n en las pr\u00f3ximas semanas.<\/p>\n\n\n\n<p align=\"justify\">Esa barrera es fruto de un acuerdo firmado en noviembre pasado por el Ministerio de Turismo y la Asociaci\u00f3n Nacional de Hoteles y Restaurantes (Asonahores), que supuso la creaci\u00f3n de un fondo de 11,8 millones de d\u00f3lares para mitigar y manejar el sargazo en los pr\u00f3ximos cinco a\u00f1os.<\/p>\n\n\n\n<p align=\"justify\">Estos recursos ser\u00e1n exclusivamente usados para el pago del servicio de suministro e instalaci\u00f3n de 31.524 metros lineales de barreras o soluciones similares en las playas de las zonas de Punta Cana, B\u00e1varo, Cabeza de Toro, Arena Blanca y Uvero Alto, todas en el este, el principal destino tur\u00edstico del pa\u00eds.<\/p>\n\n\n\n<p>Marta Flori\u00e1n<\/p>\n\n\n\n<p>F<em>uente: <a href=\"https:\/\/www.efe.com\/efe\/america\/sociedad\/una-marea-de-sargazo-inunda-las-cristalinas-playas-dominicanas\/20000013-4621870\" target=\"_blank\" rel=\"noreferrer noopener\">https:\/\/www.efe.com\/efe\/america\/sociedad\/una-marea-de-sargazo-inunda-las-cristalinas-playas-dominicanas\/20000013-4621870<\/a><\/em><\/p>\n","protected":false},"excerpt":{"rendered":"<p>Una cantidad sin precedente de sargazo ha invadido este verano parte de las paradis\u00edacas playas de arena blanca y agua cristalina de Rep\u00fablica Dominicana, en pleno proceso de recuperaci\u00f3n del turismo, la principal fuente de divisas del pa\u00eds. Desde hace&hellip; <\/p>\n","protected":false},"author":21,"featured_media":0,"comment_status":"closed","ping_status":"open","sticky":false,"template":"","format":"standard","meta":{"footnotes":""},"categories":[1],"tags":[],"class_list":["post-2435","post","type-post","status-publish","format-standard","hentry","category-sin-categoria"],"_links":{"self":[{"href":"https:\/\/www.cent.uo.edu.cu\/cemzoc-uo\/wp-json\/wp\/v2\/posts\/2435","targetHints":{"allow":["GET"]}}],"collection":[{"href":"https:\/\/www.cent.uo.edu.cu\/cemzoc-uo\/wp-json\/wp\/v2\/posts"}],"about":[{"href":"https:\/\/www.cent.uo.edu.cu\/cemzoc-uo\/wp-json\/wp\/v2\/types\/post"}],"author":[{"embeddable":true,"href":"https:\/\/www.cent.uo.edu.cu\/cemzoc-uo\/wp-json\/wp\/v2\/users\/21"}],"replies":[{"embeddable":true,"href":"https:\/\/www.cent.uo.edu.cu\/cemzoc-uo\/wp-json\/wp\/v2\/comments?post=2435"}],"version-history":[{"count":3,"href":"https:\/\/www.cent.uo.edu.cu\/cemzoc-uo\/wp-json\/wp\/v2\/posts\/2435\/revisions"}],"predecessor-version":[{"id":2464,"href":"https:\/\/www.cent.uo.edu.cu\/cemzoc-uo\/wp-json\/wp\/v2\/posts\/2435\/revisions\/2464"}],"wp:attachment":[{"href":"https:\/\/www.cent.uo.edu.cu\/cemzoc-uo\/wp-json\/wp\/v2\/media?parent=2435"}],"wp:term":[{"taxonomy":"category","embeddable":true,"href":"https:\/\/www.cent.uo.edu.cu\/cemzoc-uo\/wp-json\/wp\/v2\/categories?post=2435"},{"taxonomy":"post_tag","embeddable":true,"href":"https:\/\/www.cent.uo.edu.cu\/cemzoc-uo\/wp-json\/wp\/v2\/tags?post=2435"}],"curies":[{"name":"wp","href":"https:\/\/api.w.org\/{rel}","templated":true}]}}