{"id":2471,"date":"2021-09-08T07:57:00","date_gmt":"2021-09-08T11:57:00","guid":{"rendered":"https:\/\/www.cent.uo.edu.cu\/cemzoc-uo\/?p=2471"},"modified":"2021-09-07T09:01:09","modified_gmt":"2021-09-07T13:01:09","slug":"actuar-ahora-para-reducir-el-aumento-de-la-temperatura-global-del-planeta-es-una-cuestion-de-justicia-climatica","status":"publish","type":"post","link":"https:\/\/www.cent.uo.edu.cu\/cemzoc-uo\/2021\/09\/08\/actuar-ahora-para-reducir-el-aumento-de-la-temperatura-global-del-planeta-es-una-cuestion-de-justicia-climatica\/","title":{"rendered":"Actuar ahora para reducir el aumento de la temperatura global del planeta es una cuesti\u00f3n de justicia clim\u00e1tica"},"content":{"rendered":"\n<p align=\"justify\">La crisis clim\u00e1tica que asola al planeta en forma de incendios e inundaciones perjudica por igual a las poblaciones m\u00e1s vulnerables de los pa\u00edses pobres y ricos, por lo que es esencial limitar el aumento de la temperatura global al objetivo acordado internacionalmente de 1,5\u00bac por encima de los niveles preindustriales, afirm\u00f3 este lunes la vicesecretaria general de la ONU.<\/p>\n\n\n\n<div class=\"wp-block-image\"><figure class=\"alignleft size-large is-resized\"><img loading=\"lazy\" decoding=\"async\" src=\"https:\/\/www.cent.uo.edu.cu\/cemzoc-uo\/files\/2021\/09\/image1170x530cropped-13-1024x464.jpg\" alt=\"\" class=\"wp-image-2472\" width=\"347\" height=\"157\" srcset=\"https:\/\/www.cent.uo.edu.cu\/cemzoc-uo\/files\/2021\/09\/image1170x530cropped-13-1024x464.jpg 1024w, https:\/\/www.cent.uo.edu.cu\/cemzoc-uo\/files\/2021\/09\/image1170x530cropped-13-300x136.jpg 300w, https:\/\/www.cent.uo.edu.cu\/cemzoc-uo\/files\/2021\/09\/image1170x530cropped-13-768x348.jpg 768w, https:\/\/www.cent.uo.edu.cu\/cemzoc-uo\/files\/2021\/09\/image1170x530cropped-13.jpg 1170w\" sizes=\"auto, (max-width: 347px) 100vw, 347px\" \/><figcaption>OMM\/Shravan Regret Iyer<br>Los efectos del cambio clim\u00e1tico son de alcance mundial y no tienen precedentes, desde los cambios en los patrones clim\u00e1ticos que amenazan la producci\u00f3n de alimentos hasta el aumento del nivel del mar que incrementa el riesgo de inundaciones.<\/figcaption><\/figure><\/div>\n\n\n\n<p align=\"justify\">Durante su intervenci\u00f3n en el Di\u00e1logo sobre la Aceleraci\u00f3n de las Soluciones de Adaptaci\u00f3n con Vistas a la COP26, Amina Mohammed se\u00f1al\u00f3 que los impactos clim\u00e1ticos en el planeta ya son visibles con un aumento de 1,2\u00bac, y que las naciones m\u00e1s vulnerables y menos responsables de la crisis clim\u00e1tica experimentar\u00e1n consecuencias todav\u00eda a\u00fan m\u00e1s devastadoras.<\/p>\n\n\n\n<!--more-->\n\n\n\n<p align=\"justify\">\u201cLos efectos repercutir\u00e1n en las econom\u00edas, las comunidades y los ecosistemas, borrando los logros del desarrollo, profundizando la pobreza, aumentando la migraci\u00f3n y exacerbando las tensiones.&nbsp;<strong>Actuar ahora es una cuesti\u00f3n de justicia clim\u00e1tica. Y nosotros tenemos las soluciones\u201d,&nbsp;<\/strong>destac\u00f3.<\/p>\n\n\n\n<p align=\"justify\">Por ello, destac\u00f3 la necesidad de tomar medidas valientes para lograr una econom\u00eda global de emisiones de gases de efecto invernadero de valor cero para el a\u00f1o 2050 y no superar la barrera de los 1,5\u00bac.<\/p>\n\n\n\n<h2 class=\"wp-block-heading\">Se necesita un crecimiento enorme en adaptaci\u00f3n y resistencia clim\u00e1ticas<\/h2>\n\n\n\n<p align=\"justify\">\u201cPero, incluso en ese caso, seguiremos teniendo que enfrentarnos a una violenta alteraci\u00f3n clim\u00e1tica.&nbsp;<strong>Necesitamos un aumento masivo de la inversi\u00f3n en adaptaci\u00f3n y resiliencia\u201d,&nbsp;<\/strong>se\u00f1al\u00f3.<\/p>\n\n\n\n<p align=\"justify\">Mohammed record\u00f3 que&nbsp;<strong>s\u00f3lo el 21% de la financiaci\u00f3n clim\u00e1tica se destina a los esfuerzos de adaptaci\u00f3n<\/strong>&nbsp;y que de los 70.000 millones de d\u00f3lares que necesitan los pa\u00edses en desarrollo en ese concepto \u201csolo se aporta una fracci\u00f3n\u201d.<\/p>\n\n\n\n<p align=\"justify\">Una cifra que solo aumentar\u00e1 con el tiempo ya que los costes de adaptaci\u00f3n para el mundo en desarrollo podr\u00edan aumentar hasta 300.000 millones de d\u00f3lares al a\u00f1o en 2030.<\/p>\n\n\n\n<p>\u201cTenemos el imperativo moral de cerrar esta brecha\u201d, sentenci\u00f3.<\/p>\n\n\n\n<h2 class=\"wp-block-heading\">Los pa\u00edses m\u00e1s necesitados no tienen acceso a la financiaci\u00f3n clim\u00e1tica<\/h2>\n\n\n\n<p align=\"justify\">A\u00f1adi\u00f3 que adem\u00e1s de ser un deber \u00e9tico, la pronta inversi\u00f3n en adaptaci\u00f3n y aumento de la resiliencia tambi\u00e9n presenta&nbsp;un claro argumento&nbsp;econ\u00f3mico.&nbsp;<\/p>\n\n\n\n<p align=\"justify\">\u00abSe salvar\u00e1n vidas y se proteger\u00e1n los medios de subsistencia\u00bb, dijo, y se\u00f1al\u00f3 que por eso el&nbsp;Secretario General&nbsp;ha pedido a los donantes y a los bancos multilaterales de desarrollo que asignen el 50% del total de la inversi\u00f3n p\u00fablica para el clima a la adaptaci\u00f3n y la resiliencia.&nbsp;<\/p>\n\n\n\n<p align=\"justify\">Sin embargo, los pa\u00edses que precisan este apoyo siguen teniendo graves problemas para acceder a la financiaci\u00f3n clim\u00e1tica.&nbsp;<\/p>\n\n\n\n<p align=\"justify\">Por lo cual, destac\u00f3 la importancia de simplificar las normas y facilitar el acceso a los pa\u00edses menos adelantados, los peque\u00f1os Estados insulares en desarrollo y otras naciones vulnerables, as\u00ed como de acelerar las iniciativas, por ejemplo, con el Programa de Aceleraci\u00f3n de la Adaptaci\u00f3n en \u00c1frica<\/p>\n\n\n\n<p align=\"justify\">Finalmente inst\u00f3 a los asistentes al evento a actuar con valent\u00eda ya que solo faltan 80 d\u00edas para la celebraci\u00f3n de la COP26, la conferencia anual de la ONU sobre el clima, que se celebrar\u00e1 en Glasgow en noviembre.<\/p>\n\n\n\n<p><em>Fuente: <a href=\"https:\/\/news.un.org\/es\/story\/2021\/09\/1496372\" target=\"_blank\" rel=\"noreferrer noopener\">https:\/\/news.un.org\/es\/story\/2021\/09\/1496372<\/a><\/em><\/p>\n","protected":false},"excerpt":{"rendered":"<p>La crisis clim\u00e1tica que asola al planeta en forma de incendios e inundaciones perjudica por igual a las poblaciones m\u00e1s vulnerables de los pa\u00edses pobres y ricos, por lo que es esencial limitar el aumento de la temperatura global al&hellip; <\/p>\n","protected":false},"author":21,"featured_media":0,"comment_status":"closed","ping_status":"open","sticky":false,"template":"","format":"standard","meta":{"footnotes":""},"categories":[162,161],"tags":[160],"class_list":["post-2471","post","type-post","status-publish","format-standard","hentry","category-cambio-climatico","category-medio-ambiente","tag-cambio-climatico"],"_links":{"self":[{"href":"https:\/\/www.cent.uo.edu.cu\/cemzoc-uo\/wp-json\/wp\/v2\/posts\/2471","targetHints":{"allow":["GET"]}}],"collection":[{"href":"https:\/\/www.cent.uo.edu.cu\/cemzoc-uo\/wp-json\/wp\/v2\/posts"}],"about":[{"href":"https:\/\/www.cent.uo.edu.cu\/cemzoc-uo\/wp-json\/wp\/v2\/types\/post"}],"author":[{"embeddable":true,"href":"https:\/\/www.cent.uo.edu.cu\/cemzoc-uo\/wp-json\/wp\/v2\/users\/21"}],"replies":[{"embeddable":true,"href":"https:\/\/www.cent.uo.edu.cu\/cemzoc-uo\/wp-json\/wp\/v2\/comments?post=2471"}],"version-history":[{"count":2,"href":"https:\/\/www.cent.uo.edu.cu\/cemzoc-uo\/wp-json\/wp\/v2\/posts\/2471\/revisions"}],"predecessor-version":[{"id":2475,"href":"https:\/\/www.cent.uo.edu.cu\/cemzoc-uo\/wp-json\/wp\/v2\/posts\/2471\/revisions\/2475"}],"wp:attachment":[{"href":"https:\/\/www.cent.uo.edu.cu\/cemzoc-uo\/wp-json\/wp\/v2\/media?parent=2471"}],"wp:term":[{"taxonomy":"category","embeddable":true,"href":"https:\/\/www.cent.uo.edu.cu\/cemzoc-uo\/wp-json\/wp\/v2\/categories?post=2471"},{"taxonomy":"post_tag","embeddable":true,"href":"https:\/\/www.cent.uo.edu.cu\/cemzoc-uo\/wp-json\/wp\/v2\/tags?post=2471"}],"curies":[{"name":"wp","href":"https:\/\/api.w.org\/{rel}","templated":true}]}}