{"id":2480,"date":"2021-09-07T09:59:28","date_gmt":"2021-09-07T13:59:28","guid":{"rendered":"https:\/\/www.cent.uo.edu.cu\/cemzoc-uo\/?p=2480"},"modified":"2021-09-07T10:10:32","modified_gmt":"2021-09-07T14:10:32","slug":"las-emisiones-de-metano-estan-acelerando-el-cambio-climatico-como-podemos-reducirlas","status":"publish","type":"post","link":"https:\/\/www.cent.uo.edu.cu\/cemzoc-uo\/2021\/09\/07\/las-emisiones-de-metano-estan-acelerando-el-cambio-climatico-como-podemos-reducirlas\/","title":{"rendered":"Las emisiones de metano est\u00e1n acelerando el cambio clim\u00e1tico. \u00bfC\u00f3mo podemos reducirlas?"},"content":{"rendered":"\n<p align=\"justify\"><em>Cada a\u00f1o, el <strong>7 de septiembre<\/strong>, el mundo celebra el&nbsp;<strong>D\u00eda Internacional de Aire Limpio por un cielo azul<\/strong>, organizado por el Programa de las Naciones Unidas para el Medio Ambiente. Este d\u00eda tiene como objetivo crear conciencia y facilitar acciones para mejorar la calidad del aire. Es un llamado global para encontrar nuevas formas de hacer las cosas, para reducir las emisiones contaminantes que causamos y garantizar que todos, en todas partes, puedan disfrutar de su derecho a respirar aire puro. El tema del D\u00eda Internacional del Aire Limpio por un cielo azul 2021 es \u00abAire Saludable, Planeta Saludable\u00bb.<\/em><\/p>\n\n\n\n<div class=\"wp-block-image\"><figure class=\"alignleft size-full is-resized\"><img loading=\"lazy\" decoding=\"async\" src=\"https:\/\/www.cent.uo.edu.cu\/cemzoc-uo\/files\/2021\/09\/file-20200720-15-ysggbi.jpeg\" alt=\"\" class=\"wp-image-2482\" width=\"349\" height=\"233\" srcset=\"https:\/\/www.cent.uo.edu.cu\/cemzoc-uo\/files\/2021\/09\/file-20200720-15-ysggbi.jpeg 1000w, https:\/\/www.cent.uo.edu.cu\/cemzoc-uo\/files\/2021\/09\/file-20200720-15-ysggbi-300x200.jpeg 300w, https:\/\/www.cent.uo.edu.cu\/cemzoc-uo\/files\/2021\/09\/file-20200720-15-ysggbi-768x512.jpeg 768w, https:\/\/www.cent.uo.edu.cu\/cemzoc-uo\/files\/2021\/09\/file-20200720-15-ysggbi-306x205.jpeg 306w\" sizes=\"auto, (max-width: 349px) 100vw, 349px\" \/><figcaption>La agricultura y los combustibles f\u00f3siles son las principales causas del aumento de los niveles de metano.\u00a0EPA. https:\/\/theconversation.com\/<\/figcaption><\/figure><\/div>\n\n\n\n<p align=\"justify\">Si alguna vez te has acercado a un \u00e1rea de pastoreo de ganado, es probable que hayas notado algunos malos olores. Lo que probablemente respiraste es metano y sus efectos son m\u00e1s que desagradables. El metano es un potente gas de efecto invernadero y su poder de calentamiento es m\u00e1s de 80 veces mayor que el di\u00f3xido de carbono.<\/p>\n\n\n\n<p align=\"justify\">Una&nbsp;investigaci\u00f3n&nbsp;reciente del Programa de las Naciones Unidas para el Medio Ambiente (PNUMA) y la&nbsp;Coalici\u00f3n Clima y Aire Limpio&nbsp;concluy\u00f3 que reducir las emisiones de metano relacionadas con la agricultura ser\u00eda clave en la batalla contra el cambio clim\u00e1tico. Pero, \u00bfc\u00f3mo puede el mundo hacer eso? Sigue leyendo para conocer las respuestas.<\/p>\n\n\n\n<!--more-->\n\n\n\n<p><strong>\u00bfDe d\u00f3nde viene el metano?<\/strong><\/p>\n\n\n\n<p>La agricultura es la fuente predominante.<\/p>\n\n\n\n<p align=\"justify\">Las emisiones del ganado, provenientes del esti\u00e9rcol y de liberaciones gastroent\u00e9ricas, producen aproximadamente 32% de las emisiones de metano causadas por el hombre. El crecimiento de la poblaci\u00f3n, el desarrollo econ\u00f3mico y la migraci\u00f3n urbana han estimulado un apetito sin precedentes por la prote\u00edna animal y, con una poblaci\u00f3n mundial que se acerca a los 10.000 millones, se espera que esta demanda aumente&nbsp;hasta 70% para 2050.<\/p>\n\n\n\n<p align=\"justify\">Sin embargo, el metano de origen agr\u00edcola no solo proviene de los animales. El cultivo de arroz con c\u00e1scara, en el que los campos inundados evitan que el ox\u00edgeno penetre en el suelo, crea las condiciones ideales para las bacterias emisoras de metano. Este sector representa otro 8% de las emisiones de metano vinculadas a los seres humanos.<\/p>\n\n\n\n<p><strong>\u00bfPor qu\u00e9 preocupan tanto las emisiones de metano?<\/strong><\/p>\n\n\n\n<p align=\"justify\">El metano es el principal contribuyente a la formaci\u00f3n de ozono a nivel del suelo, un contaminante atmosf\u00e9rico peligroso, cuya exposici\u00f3n causa&nbsp;1 mill\u00f3n de muertes prematuras cada a\u00f1o. El metano tambi\u00e9n es un poderoso gas de efecto invernadero. Durante un per\u00edodo de 20 a\u00f1os, su capacidad de calentamiento es 80 veces m\u00e1s potente que la del di\u00f3xido de carbono.<\/p>\n\n\n\n<p align=\"justify\">El metano es responsable de aproximadamente 30% del calentamiento global desde la \u00e9poca preindustrial y se est\u00e1 proliferando m\u00e1s r\u00e1pidamente que en cualquier otro momento desde que se iniciaron los registros en la d\u00e9cada de 1980. De hecho, seg\u00fan los datos de la&nbsp;Oficina Nacional de Administraci\u00f3n Oce\u00e1nica y Atmosf\u00e9rica de los Estados Unidos, incluso cuando las emisiones de di\u00f3xido de carbono se desaceleraron durante los confinamientos relacionados con la pandemia de 2020, el metano atmosf\u00e9rico se dispar\u00f3.<\/p>\n\n\n\n<p><strong>\u00bfC\u00f3mo podemos reducir las emisiones de metano?<\/strong><\/p>\n\n\n\n<p align=\"justify\">El asesor de Agricultura y Sistemas Alimentarios del PNUMA, James Lomax, dice que el mundo debe comenzar por \u00abrepensar los enfoques sobre el cultivo agr\u00edcola y la producci\u00f3n ganadera\u00bb. Eso incluye aprovechar nuevas tecnolog\u00edas, optar por dietas ricas en vegetales y adoptar fuentes alternativas de prote\u00ednas. Lomax dice que esto ser\u00e1 clave si la humanidad quiere reducir las emisiones de gases de efecto invernadero y limitar el calentamiento global a 1,5\u00b0C, el objetivo m\u00e1s ambicioso del Acuerdo de Par\u00eds sobre el cambio clim\u00e1tico.<\/p>\n\n\n\n<figure class=\"wp-block-image size-full is-resized\"><img loading=\"lazy\" decoding=\"async\" src=\"https:\/\/www.cent.uo.edu.cu\/cemzoc-uo\/files\/2021\/09\/Woman-sieving-grains.jpeg\" alt=\"\" class=\"wp-image-2483\" width=\"633\" height=\"432\" srcset=\"https:\/\/www.cent.uo.edu.cu\/cemzoc-uo\/files\/2021\/09\/Woman-sieving-grains.jpeg 840w, https:\/\/www.cent.uo.edu.cu\/cemzoc-uo\/files\/2021\/09\/Woman-sieving-grains-300x205.jpeg 300w, https:\/\/www.cent.uo.edu.cu\/cemzoc-uo\/files\/2021\/09\/Woman-sieving-grains-768x524.jpeg 768w\" sizes=\"auto, (max-width: 633px) 100vw, 633px\" \/><figcaption><em>Foto:\u00a0Unsplash \/ Tuan Anh Tran<\/em><\/figcaption><\/figure>\n\n\n\n<p><strong>\u00bfPueden los agricultores ayudar en la campa\u00f1a para reducir las emisiones de metano?<\/strong><\/p>\n\n\n\n<p align=\"justify\">S\u00ed. Pueden proporcionar a los animales alimentos m\u00e1s nutritivos para que sean m\u00e1s grandes, m\u00e1s sanos y m\u00e1s productivos, produciendo efectivamente m\u00e1s con menos. Los cient\u00edficos tambi\u00e9n est\u00e1n experimentando con tipos alternativos de alimento para reducir el metano producido por las vacas y buscando formas de manejar el esti\u00e9rcol de manera m\u00e1s eficiente cubri\u00e9ndolo, compost\u00e1ndolo o us\u00e1ndolo para producir biog\u00e1s.<\/p>\n\n\n\n<p align=\"justify\">Cuando se trata de cultivos b\u00e1sicos como el arroz con c\u00e1scara, los expertos recomiendan enfoques alternativos de humectaci\u00f3n y secado que podr\u00edan&nbsp;reducir las emisiones a la mitad. En lugar de permitir la inundaci\u00f3n continua de los campos, los arrozales podr\u00edan regarse y drenarse dos o tres veces durante la temporada de crecimiento, lo cual limitar\u00eda la producci\u00f3n de metano sin afectar el rendimiento. Ese proceso tambi\u00e9n requerir\u00eda un tercio menos de agua, lo que lo har\u00eda m\u00e1s econ\u00f3mico.<\/p>\n\n\n\n<p><strong>\u00bfLa reducci\u00f3n del metano realmente ayudar\u00e1 a contrarrestar el cambio clim\u00e1tico?<\/strong><\/p>\n\n\n\n<p align=\"justify\">S\u00ed. El di\u00f3xido de carbono permanece en la atm\u00f3sfera durante cientos o miles de a\u00f1os. Esto significa que incluso si las emisiones se redujeran de forma inmediata y dr\u00e1stica, no ver\u00edamos un efecto sobre el clima sino hasta finales de siglo. Pero solo toma alrededor de una d\u00e9cada para que el metano se descomponga. Por lo tanto, reducir las emisiones de metano ahora tendr\u00eda un impacto a corto plazo y ser\u00eda fundamental para ayudar a mantener al mundo camino a la meta de 1,5\u00b0C.<\/p>\n\n\n\n<p><strong>\u00bfCu\u00e1nto metano realmente podemos eliminar?<\/strong><\/p>\n\n\n\n<p align=\"justify\">Las emisiones de metano causadas por el hombre podr\u00edan reducirse hasta en un 45% en esta d\u00e9cada. Esto evitar\u00eda casi 0,3\u00b0C de calentamiento global para 2045, lo que ayudar\u00eda a limitar el aumento de la temperatura global a 1,5\u00b0C y pondr\u00eda al planeta en el camino correcto para alcanzar los objetivos del Acuerdo de Par\u00eds. Cada a\u00f1o, la consecuente reducci\u00f3n de ozono a nivel del suelo tambi\u00e9n evitar\u00eda 260.000 muertes prematuras, 775.000 visitas al hospital relacionadas con el asma, 73.000 millones de horas de trabajo perdido por calor extremo y 25 millones de toneladas de p\u00e9rdidas de cultivos.<\/p>\n\n\n\n<p><strong>\u00bfQu\u00e9 est\u00e1n haciendo las Naciones Unidas para ayudar a limitar las emisiones de metano?<\/strong><\/p>\n\n\n\n<p align=\"justify\">Mucho. El secretario general de la ONU, Ant\u00f3nio Guterres, ha convocado la&nbsp;Cumbre sobre Sistemas Alimentarios de la ONU&nbsp;para septiembre de 2021, que tiene como objetivo ayudar a que la agricultura y la producci\u00f3n de alimentos sean m\u00e1s respetuosas con el medio ambiente.<\/p>\n\n\n\n<p align=\"justify\">Mientras tanto, la iniciativa de&nbsp;Labor Conjunta de Koronivia sobre la Agricultura&nbsp;de la ONU est\u00e1 apoyando la transformaci\u00f3n de los sistemas agr\u00edcolas y alimentarios, centr\u00e1ndose en c\u00f3mo mantener la productividad en un clima cambiante. Los representantes tambi\u00e9n est\u00e1n trabajando para incorporar la agricultura en la Convenci\u00f3n Marco de las Naciones Unidas sobre el Cambio Clim\u00e1tico y mantendr\u00e1n discusiones en la Conferencia de las Naciones Unidas sobre el Cambio Clim\u00e1tico (COP26), a finales de este a\u00f1o.<\/p>\n\n\n\n<p><em>Fuente: <a href=\"https:\/\/www.unep.org\/es\/noticias-y-reportajes\/reportajes\/las-emisiones-de-metano-estan-acelerando-el-cambio-climatico-como\" target=\"_blank\" rel=\"noreferrer noopener\">https:\/\/www.unep.org\/es\/noticias-y-repo<\/a><\/em><a href=\"https:\/\/www.unep.org\/es\/noticias-y-reportajes\/reportajes\/las-emisiones-de-metano-estan-acelerando-el-cambio-climatico-como\" target=\"_blank\" rel=\"noreferrer noopener\"><em>rtajes\/reportajes\/las-emisiones-de-metano-estan-acelerando-el-cambio-climatico-como<\/em><\/a><\/p>\n","protected":false},"excerpt":{"rendered":"<p>Cada a\u00f1o, el 7 de septiembre, el mundo celebra el&nbsp;D\u00eda Internacional de Aire Limpio por un cielo azul, organizado por el Programa de las Naciones Unidas para el Medio Ambiente. Este d\u00eda tiene como objetivo crear conciencia y facilitar acciones&hellip; <\/p>\n","protected":false},"author":21,"featured_media":0,"comment_status":"closed","ping_status":"open","sticky":false,"template":"","format":"standard","meta":{"footnotes":""},"categories":[1],"tags":[],"class_list":["post-2480","post","type-post","status-publish","format-standard","hentry","category-sin-categoria"],"_links":{"self":[{"href":"https:\/\/www.cent.uo.edu.cu\/cemzoc-uo\/wp-json\/wp\/v2\/posts\/2480","targetHints":{"allow":["GET"]}}],"collection":[{"href":"https:\/\/www.cent.uo.edu.cu\/cemzoc-uo\/wp-json\/wp\/v2\/posts"}],"about":[{"href":"https:\/\/www.cent.uo.edu.cu\/cemzoc-uo\/wp-json\/wp\/v2\/types\/post"}],"author":[{"embeddable":true,"href":"https:\/\/www.cent.uo.edu.cu\/cemzoc-uo\/wp-json\/wp\/v2\/users\/21"}],"replies":[{"embeddable":true,"href":"https:\/\/www.cent.uo.edu.cu\/cemzoc-uo\/wp-json\/wp\/v2\/comments?post=2480"}],"version-history":[{"count":3,"href":"https:\/\/www.cent.uo.edu.cu\/cemzoc-uo\/wp-json\/wp\/v2\/posts\/2480\/revisions"}],"predecessor-version":[{"id":2489,"href":"https:\/\/www.cent.uo.edu.cu\/cemzoc-uo\/wp-json\/wp\/v2\/posts\/2480\/revisions\/2489"}],"wp:attachment":[{"href":"https:\/\/www.cent.uo.edu.cu\/cemzoc-uo\/wp-json\/wp\/v2\/media?parent=2480"}],"wp:term":[{"taxonomy":"category","embeddable":true,"href":"https:\/\/www.cent.uo.edu.cu\/cemzoc-uo\/wp-json\/wp\/v2\/categories?post=2480"},{"taxonomy":"post_tag","embeddable":true,"href":"https:\/\/www.cent.uo.edu.cu\/cemzoc-uo\/wp-json\/wp\/v2\/tags?post=2480"}],"curies":[{"name":"wp","href":"https:\/\/api.w.org\/{rel}","templated":true}]}}