{"id":4340,"date":"2023-02-14T09:47:25","date_gmt":"2023-02-14T13:47:25","guid":{"rendered":"https:\/\/www.cent.uo.edu.cu\/cemzoc-uo\/?p=4340"},"modified":"2023-02-14T09:50:05","modified_gmt":"2023-02-14T13:50:05","slug":"sesion-cientifica-sobre-la-nueva-directiva-1-2022-gestion-de-la-reduccion-del-riesgo-de-desastre-en-la-republica-de-cuba","status":"publish","type":"post","link":"https:\/\/www.cent.uo.edu.cu\/cemzoc-uo\/2023\/02\/14\/sesion-cientifica-sobre-la-nueva-directiva-1-2022-gestion-de-la-reduccion-del-riesgo-de-desastre-en-la-republica-de-cuba\/","title":{"rendered":"Sesi\u00f3n Cient\u00edfica sobre la nueva Directiva 1\/2022. Gesti\u00f3n de la reducci\u00f3n del riesgo de desastre en la Rep\u00fablica de Cuba"},"content":{"rendered":"\n<p>El Consejo Territorial para la concertaci\u00f3n de acciones de ciencia y posgrado para el enfrentamiento al cambio clim\u00e1tico (COTECC-UO) celebr\u00f3 con \u00e9xitos su primera sesi\u00f3n cient\u00edfica sobre la Gesti\u00f3n de la reducci\u00f3n del riesgo de desastre en la Rep\u00fablica de Cuba.<\/p>\n\n\n\n<figure class=\"wp-block-image size-full\"><img loading=\"lazy\" decoding=\"async\" width=\"526\" height=\"526\" src=\"https:\/\/www.cent.uo.edu.cu\/cemzoc-uo\/files\/2023\/02\/329160232_525132459719727_7412276463096695602_n.jpg\" alt=\"\" class=\"wp-image-4341\" srcset=\"https:\/\/www.cent.uo.edu.cu\/cemzoc-uo\/files\/2023\/02\/329160232_525132459719727_7412276463096695602_n.jpg 526w, https:\/\/www.cent.uo.edu.cu\/cemzoc-uo\/files\/2023\/02\/329160232_525132459719727_7412276463096695602_n-300x300.jpg 300w, https:\/\/www.cent.uo.edu.cu\/cemzoc-uo\/files\/2023\/02\/329160232_525132459719727_7412276463096695602_n-150x150.jpg 150w\" sizes=\"auto, (max-width: 526px) 100vw, 526px\" \/><figcaption class=\"wp-element-caption\">Foto:CEMZOC<\/figcaption><\/figure>\n\n\n\n<p>La sesi\u00f3n cient\u00edfica estuvo dirigida por especialistas del Centro de Estudios Multidisciplinarios de Zonas Costeras (CEMZOC), en el cual intervinieron la Dr. C Ofelia P\u00e9rez Montero, Dr. C Ram\u00f3n Alarc\u00f3n Borges, Dr. C Yunior Vel\u00e1zquez Labrada y el Dr. C Alexis P\u00e9rez Figueredo. La actividad cient\u00edfica desarrollada, tributa de igual modo, a los resultados comprometidos de los proyectos \u201cMonitoreo y manejo integrado de ecosistemas costeros ante el cambio clim\u00e1tico en la regi\u00f3n oriental de Cuba (ECOS)\u201d y \u201cGobernanza adaptativa al cambio clim\u00e1tico en municipios costeros de Cuba\u201d.<\/p>\n\n\n\n<p><em><strong><a href=\"http:\/\/www.cent.uo.edu.cu\/cemzoc-uo\/files\/2023\/02\/Sesion-Cientifica_Directiva_1.pdf\" target=\"_blank\" rel=\"noreferrer noopener\">Descargar presentaci\u00f3n<\/a><\/strong><\/em><\/p>\n","protected":false},"excerpt":{"rendered":"<p>El Consejo Territorial para la concertaci\u00f3n de acciones de ciencia y posgrado para el enfrentamiento al cambio clim\u00e1tico (COTECC-UO) celebr\u00f3 con \u00e9xitos su primera sesi\u00f3n cient\u00edfica sobre la Gesti\u00f3n de la reducci\u00f3n del riesgo de desastre en la Rep\u00fablica de&hellip; <\/p>\n","protected":false},"author":21,"featured_media":0,"comment_status":"closed","ping_status":"open","sticky":false,"template":"","format":"standard","meta":{"footnotes":""},"categories":[1],"tags":[],"class_list":["post-4340","post","type-post","status-publish","format-standard","hentry","category-sin-categoria"],"_links":{"self":[{"href":"https:\/\/www.cent.uo.edu.cu\/cemzoc-uo\/wp-json\/wp\/v2\/posts\/4340","targetHints":{"allow":["GET"]}}],"collection":[{"href":"https:\/\/www.cent.uo.edu.cu\/cemzoc-uo\/wp-json\/wp\/v2\/posts"}],"about":[{"href":"https:\/\/www.cent.uo.edu.cu\/cemzoc-uo\/wp-json\/wp\/v2\/types\/post"}],"author":[{"embeddable":true,"href":"https:\/\/www.cent.uo.edu.cu\/cemzoc-uo\/wp-json\/wp\/v2\/users\/21"}],"replies":[{"embeddable":true,"href":"https:\/\/www.cent.uo.edu.cu\/cemzoc-uo\/wp-json\/wp\/v2\/comments?post=4340"}],"version-history":[{"count":2,"href":"https:\/\/www.cent.uo.edu.cu\/cemzoc-uo\/wp-json\/wp\/v2\/posts\/4340\/revisions"}],"predecessor-version":[{"id":4345,"href":"https:\/\/www.cent.uo.edu.cu\/cemzoc-uo\/wp-json\/wp\/v2\/posts\/4340\/revisions\/4345"}],"wp:attachment":[{"href":"https:\/\/www.cent.uo.edu.cu\/cemzoc-uo\/wp-json\/wp\/v2\/media?parent=4340"}],"wp:term":[{"taxonomy":"category","embeddable":true,"href":"https:\/\/www.cent.uo.edu.cu\/cemzoc-uo\/wp-json\/wp\/v2\/categories?post=4340"},{"taxonomy":"post_tag","embeddable":true,"href":"https:\/\/www.cent.uo.edu.cu\/cemzoc-uo\/wp-json\/wp\/v2\/tags?post=4340"}],"curies":[{"name":"wp","href":"https:\/\/api.w.org\/{rel}","templated":true}]}}