{"id":4349,"date":"2023-02-16T09:31:08","date_gmt":"2023-02-16T13:31:08","guid":{"rendered":"https:\/\/www.cent.uo.edu.cu\/cemzoc-uo\/?p=4349"},"modified":"2023-02-16T09:31:10","modified_gmt":"2023-02-16T13:31:10","slug":"paises-enteros-podrian-desaparecer-para-siempre-con-el-aumento-del-nivel-del-mar","status":"publish","type":"post","link":"https:\/\/www.cent.uo.edu.cu\/cemzoc-uo\/2023\/02\/16\/paises-enteros-podrian-desaparecer-para-siempre-con-el-aumento-del-nivel-del-mar\/","title":{"rendered":"Pa\u00edses enteros podr\u00edan desaparecer para siempre con el aumento del nivel del mar"},"content":{"rendered":"\n<p>La elevaci\u00f3n de las aguas marinas amenaza vidas, comunidades y pa\u00edses enteros, puntualiza Ant\u00f3nio Guterres, advirtiendo de consecuencias \u201cimpensables\u201d si el mundo no act\u00faa de inmediato: \u00e9xodos masivos, conflictos por el acceso al agua dulce, la tierra y otros recursos, adem\u00e1s de una serie de cuestiones jur\u00eddicas que nunca se hab\u00edan contemplado.<\/p>\n\n\n\n<figure class=\"wp-block-image size-large\"><img decoding=\"async\" src=\"https:\/\/global.unitednations.entermediadb.net\/assets\/mediadb\/services\/module\/asset\/downloads\/preset\/Collections\/UNHCR\/Embargoed%202\/06-11-2022_Greenpeace_Indonesia-01.jpg\/image1170x530cropped.jpg\" alt=\"\"\/><figcaption class=\"wp-element-caption\">Greenpeace\/Pram \/ Unos ni\u00f1os caminan entre las aguas de las inundaciones en Palangka Raya, en Kalimantan Central (Indonesia).<\/figcaption><\/figure>\n\n\n\n<p>\u201cLa subida del nivel del mar\u00a0<strong>amenaza vidas<\/strong>\u00a0y pone en riesgo el acceso al agua, a los alimentos y a los servicios de salud. (\u2026) Y la subida del nivel del mar amenaza la existencia misma de algunas comunidades e incluso, de algunos pa\u00edses bajos\u201d, record\u00f3 este martes el Secretario General de las Naciones Unidas al\u00a0<a href=\"https:\/\/www.un.org\/securitycouncil\/es\" target=\"_blank\" rel=\"noreferrer noopener\">Consejo de Seguridad<\/a>.<\/p>\n\n\n\n<p>En un debate ministerial del m\u00e1ximo \u00f3rgano resolutivo de la ONU sobre las implicaciones del alza del nivel de mar para la paz y la seguridad internacionales, Ant\u00f3nio Guterres advirti\u00f3 que aunque el mundo lograra limitar a 1,5\u00baC el aumento de la temperatura global para fin de siglo, el nivel del mar se elevar\u00eda considerablemente.<\/p>\n\n\n\n<!--more-->\n\n\n\n<p>Pero si la temperatura aumentara 2\u00baC, la elevaci\u00f3n del agua se duplicar\u00eda, a\u00f1adi\u00f3.<\/p>\n\n\n\n<p>Guterres indic\u00f3 que, sea cual fuere el caso,&nbsp;<strong>muchos pa\u00edses y metr\u00f3polis se encuentran en riesgo<\/strong>.<\/p>\n\n\n\n<p>\u201c<strong>El peligro es especialmente grave para los casi 900 millones de personas que viven en zonas costeras a poca altura<\/strong>, es decir, uno de cada diez habitantes del planeta\u201d, dijo.<\/p>\n\n\n\n<p>Entre los efectos que ya sufren estas poblaciones mencion\u00f3 el ejemplo del Caribe, donde el aumento del nivel del mar ha contribuido a la devastaci\u00f3n de los medios de vida locales en los sectores del turismo y la agricultura.<\/p>\n\n\n\n<h2 class=\"wp-block-heading\">Las consecuencias ser\u00e1n impensables<\/h2>\n\n\n\n<p>Sin embargo, con el tiempo las consecuencias ser\u00e1n \u201cimpensables\u201d: \u201cComunidades bajas y&nbsp;<strong>pa\u00edses enteros podr\u00edan desaparecer para siempre. Ser\u00edamos testigos de un \u00e9xodo masivo de poblaciones enteras a escala b\u00edblica.<\/strong>&nbsp;Y ver\u00edamos una competencia cada vez m\u00e1s feroz por el agua dulce, la tierra y otros recursos\u201d, vaticin\u00f3, y agreg\u00f3 que el impacto del alza del nivel del mar ya est\u00e1 dando lugar a nuevos factores de inestabilidad y conflicto.<\/p>\n\n\n\n<p>Para hacer frente a esta situaci\u00f3n, el\u00a0<a href=\"https:\/\/www.un.org\/sg\/es\" target=\"_blank\" rel=\"noreferrer noopener\">Secretario General<\/a>\u00a0<strong>inst\u00f3 a actuar en tres \u00e1reas.<\/strong><\/p>\n\n\n\n<p>La primera es encarar el origen de la subida de los mares: la crisis clim\u00e1tica.<\/p>\n\n\n\n<p>\u201cNecesitamos con urgencia m\u00e1s&nbsp;<strong>acciones concertadas para reducir las emisiones de carbono y garantizar la justicia clim\u00e1tica<\/strong>\u201d, enfatiz\u00f3, detallando que esto significa, entre otras cosa, cumplir con el compromiso de asignar 100.000 millones de d\u00f3lares para que los pa\u00edses en desarrollo transiten a las energ\u00edas renovables, duplicar el financiamiento para la adaptaci\u00f3n y otorgar financiamiento masivo privado a costos razonables.<\/p>\n\n\n\n<p>La segunda \u00e1rea de actuaci\u00f3n es implementar&nbsp;<strong>estrategias que pongan fin a la pobreza, la discriminaci\u00f3n, la desigualdad y las violaciones de derechos humanos<\/strong>, ya que todo esto causa inseguridad.<\/p>\n\n\n\n<p>Del mismo modo, se deben mejorar los sistemas de previsi\u00f3n y las alerta temprana para preparar y proteger a las comunidades vulnerables.<\/p>\n\n\n\n<figure class=\"wp-block-image size-large\"><img decoding=\"async\" src=\"https:\/\/global.unitednations.entermediadb.net\/assets\/mediadb\/services\/module\/asset\/downloads\/preset\/Libraries\/Production%20Library\/07-02-2023_UNEP_Indonesia-02.jpg\/image770x420cropped.jpg\" alt=\"\"\/><figcaption class=\"wp-element-caption\">\u00a9 PNUMA\/Nathanial Brown<\/figcaption><\/figure>\n\n\n\n<h2 class=\"wp-block-heading\">Nuevas cuestiones jur\u00eddicas<\/h2>\n\n\n\n<p>En tercer lugar, explic\u00f3 Guterres, es necesario&nbsp;<strong>abordar las consecuencias de la elevaci\u00f3n del nivel del mar en un marco jur\u00eddico y de derechos humanos<\/strong>&nbsp;porque generar\u00e1 posibles litigios relacionados con la integridad territorial y los espacios mar\u00edtimos, adem\u00e1s de que suscitar\u00e1 grandes desplazamientos de poblaci\u00f3n que tendr\u00e1n que contemplarse con la \u00f3ptica de los derechos de los refugiados.<\/p>\n\n\n\n<p>Asimismo, se tendr\u00e1n que poner en marcha soluciones jur\u00eddicas y pr\u00e1cticas innovadoras para hacer frente a los impactos del aumento del nivel del mar en el desplazamiento forzado de poblaciones y en la existencia misma del territorio terrestre de determinados Estados.<\/p>\n\n\n\n<p>&nbsp;<strong>\u201cLos derechos humanos de las personas no desaparecen cuando desaparecen sus hogares\u201d,<\/strong>&nbsp;enfatiz\u00f3.<\/p>\n\n\n\n<p>&nbsp;En este sentido, afirm\u00f3 que el Consejo de Seguridad de la ONU tiene un papel fundamental en la movilizaci\u00f3n de la voluntad pol\u00edtica necesaria para abordar los devastadores desaf\u00edos de seguridad que plantea la subida de las aguas.<\/p>\n\n\n\n<p>&nbsp;\u201cTodos debemos seguir dando a este problema la visibilidad que merece y apoyar las vidas, los medios de subsistencia y las comunidades que viven en la primera l\u00ednea de esta crisis\u201d, concluy\u00f3 el Secretario General.<\/p>\n\n\n\n<h2 class=\"wp-block-heading\">\u00bfQu\u00e9 pasa con la soberan\u00eda si un pa\u00eds se hunde?<\/h2>\n\n\n\n<p>El presidente de la\u00a0<a href=\"https:\/\/www.un.org\/es\/ga\/about\/index.shtml\" target=\"_blank\" rel=\"noreferrer noopener\">Asamblea General<\/a>, Csaba\u00a0K\u0151r\u00f6si, tambi\u00e9n participante en el debate, hizo eco de las palabras del l\u00edder de la ONU en cuanto a que el aumento del nivel del mar inducido por el clima est\u00e1 provocando nuevas cuestiones legales que se encuentran en el centro de la identidad nacional y estatal.<\/p>\n\n\n\n<p>\u201c\u00bfQu\u00e9 sucede con la soberan\u00eda de una naci\u00f3n, incluida la membres\u00eda de la ONU, si se hunde bajo el mar? Incluidos sus derechos de voto.&nbsp;<strong>Hay reglas sobre la creaci\u00f3n de Estados, pero no hay ninguna sobre su desaparici\u00f3n f\u00edsica.<\/strong>&nbsp;\u00bfQui\u00e9n se preocupa por sus poblaciones desplazadas? \u00bfC\u00f3mo influir\u00edan incluso los primeros cambios en las costas en los l\u00edmites mar\u00edtimos? \u00bfY c\u00f3mo afectar\u00eda eso a las zonas econ\u00f3micas exclusivas?\u201d, pregunt\u00f3.<\/p>\n\n\n\n<p>Al igual que Ant\u00f3nio Guterres, K\u0151r\u00f6si acogi\u00f3 con benepl\u00e1cito que la Comisi\u00f3n de Derecho Internacional y la Sexta Comisi\u00f3n de la Asamblea General ya est\u00e9n discutiendo estos temas urgentes.<\/p>\n\n\n\n<p>Por otra parte, el presidente del a Asamblea sostuvo que las emergencias clim\u00e1ticas abren nuevas ventanas para la cooperaci\u00f3n e inclusi\u00f3n y llam\u00f3 a fortalecer las alianzas para lograr la transformaci\u00f3n hacia un mundo m\u00e1s seguro.<\/p>\n\n\n\n<p>Fuente: <strong><em><a href=\"https:\/\/news.un.org\/es\/story\/2023\/02\/1518587\" target=\"_blank\" rel=\"noreferrer noopener\">https:\/\/news.un.org\/es\/story\/2023\/02\/1518587<\/a><\/em><\/strong><\/p>\n","protected":false},"excerpt":{"rendered":"<p>La elevaci\u00f3n de las aguas marinas amenaza vidas, comunidades y pa\u00edses enteros, puntualiza Ant\u00f3nio Guterres, advirtiendo de consecuencias \u201cimpensables\u201d si el mundo no act\u00faa de inmediato: \u00e9xodos masivos, conflictos por el acceso al agua dulce, la tierra y otros recursos,&hellip; <\/p>\n","protected":false},"author":21,"featured_media":0,"comment_status":"closed","ping_status":"open","sticky":false,"template":"","format":"standard","meta":{"footnotes":""},"categories":[162],"tags":[160],"class_list":["post-4349","post","type-post","status-publish","format-standard","hentry","category-cambio-climatico","tag-cambio-climatico"],"_links":{"self":[{"href":"https:\/\/www.cent.uo.edu.cu\/cemzoc-uo\/wp-json\/wp\/v2\/posts\/4349","targetHints":{"allow":["GET"]}}],"collection":[{"href":"https:\/\/www.cent.uo.edu.cu\/cemzoc-uo\/wp-json\/wp\/v2\/posts"}],"about":[{"href":"https:\/\/www.cent.uo.edu.cu\/cemzoc-uo\/wp-json\/wp\/v2\/types\/post"}],"author":[{"embeddable":true,"href":"https:\/\/www.cent.uo.edu.cu\/cemzoc-uo\/wp-json\/wp\/v2\/users\/21"}],"replies":[{"embeddable":true,"href":"https:\/\/www.cent.uo.edu.cu\/cemzoc-uo\/wp-json\/wp\/v2\/comments?post=4349"}],"version-history":[{"count":1,"href":"https:\/\/www.cent.uo.edu.cu\/cemzoc-uo\/wp-json\/wp\/v2\/posts\/4349\/revisions"}],"predecessor-version":[{"id":4350,"href":"https:\/\/www.cent.uo.edu.cu\/cemzoc-uo\/wp-json\/wp\/v2\/posts\/4349\/revisions\/4350"}],"wp:attachment":[{"href":"https:\/\/www.cent.uo.edu.cu\/cemzoc-uo\/wp-json\/wp\/v2\/media?parent=4349"}],"wp:term":[{"taxonomy":"category","embeddable":true,"href":"https:\/\/www.cent.uo.edu.cu\/cemzoc-uo\/wp-json\/wp\/v2\/categories?post=4349"},{"taxonomy":"post_tag","embeddable":true,"href":"https:\/\/www.cent.uo.edu.cu\/cemzoc-uo\/wp-json\/wp\/v2\/tags?post=4349"}],"curies":[{"name":"wp","href":"https:\/\/api.w.org\/{rel}","templated":true}]}}