{"id":4359,"date":"2023-02-22T07:48:00","date_gmt":"2023-02-22T11:48:00","guid":{"rendered":"https:\/\/www.cent.uo.edu.cu\/cemzoc-uo\/?p=4359"},"modified":"2023-02-16T09:53:40","modified_gmt":"2023-02-16T13:53:40","slug":"megasequias-huracanes-inundaciones-deshielo-y-deforestacion-el-cambio-climatico-en-america-latina","status":"publish","type":"post","link":"https:\/\/www.cent.uo.edu.cu\/cemzoc-uo\/2023\/02\/22\/megasequias-huracanes-inundaciones-deshielo-y-deforestacion-el-cambio-climatico-en-america-latina\/","title":{"rendered":"Megasequ\u00edas, huracanes, inundaciones, deshielo y deforestaci\u00f3n, el cambio clim\u00e1tico en Am\u00e9rica Latina"},"content":{"rendered":"\n<p>Esos fen\u00f3menos meteorol\u00f3gicos no son el futuro. Est\u00e1n sucediendo ya. Y ese impacto, junto con el del COVID-19,<strong>\u00a0<\/strong>est\u00e1 afectando no solo a la biodiversidad de la regi\u00f3n, sino que tambi\u00e9n alcanza dimensiones econ\u00f3mico-sociales como el avance de la pobreza, el hambre y la desigualdad.<\/p>\n\n\n\n<figure class=\"wp-block-image size-large\"><img loading=\"lazy\" decoding=\"async\" width=\"1024\" height=\"464\" src=\"https:\/\/www.cent.uo.edu.cu\/cemzoc-uo\/files\/2023\/02\/image1170x530cropped-3-1024x464.jpg\" alt=\"\" class=\"wp-image-4360\" srcset=\"https:\/\/www.cent.uo.edu.cu\/cemzoc-uo\/files\/2023\/02\/image1170x530cropped-3-1024x464.jpg 1024w, https:\/\/www.cent.uo.edu.cu\/cemzoc-uo\/files\/2023\/02\/image1170x530cropped-3-300x136.jpg 300w, https:\/\/www.cent.uo.edu.cu\/cemzoc-uo\/files\/2023\/02\/image1170x530cropped-3-768x348.jpg 768w, https:\/\/www.cent.uo.edu.cu\/cemzoc-uo\/files\/2023\/02\/image1170x530cropped-3.jpg 1170w\" sizes=\"auto, (max-width: 1024px) 100vw, 1024px\" \/><figcaption class=\"wp-element-caption\">UNAM\/ Mar\u00eda Paula Mart\u00ednez \/ El glaciar Ayoloco del volc\u00e1n Iztacc\u00edhuatl, en el centro de M\u00e9xico, se perdi\u00f3 debido al cambio clim\u00e1tico.<br><\/figcaption><\/figure>\n\n\n\n<p>El tiempo extremo y los impactos del cambio clim\u00e1tico, como la sequ\u00edas y precipitaciones extremas, las olas de calor terrestres y marinas y el derretimiento de los glaciares, est\u00e1n afectando ya a la regi\u00f3n de Am\u00e9rica Latina y el Caribe, desde la Amazonia hasta los Andes y desde las aguas del Pac\u00edfico y el Atl\u00e1ntico hasta los fondos nevados de la Patagonia.<\/p>\n\n\n\n<p>Ante ese panorama, el\u00a0<a rel=\"noreferrer noopener\" href=\"https:\/\/library.wmo.int\/index.php?lvl=notice_display&amp;id=21926\" target=\"_blank\">Informe sobre el estado del clima en Am\u00e9rica Latina y el Caribe 2021<\/a>\u00a0de la Organizaci\u00f3n Meteorol\u00f3gica Mundial (<a rel=\"noreferrer noopener\" href=\"https:\/\/public.wmo.int\/es\" target=\"_blank\">OMM<\/a>) pone de manifiesto las profundas repercusiones en los ecosistemas, la seguridad alimentaria y del agua, la salud humana y la pobreza.<\/p>\n\n\n\n<!--more-->\n\n\n\n<p>El documento revela, entre otros impactos medioambientales, que las tasas de deforestaci\u00f3n en la regi\u00f3n fueron las m\u00e1s altas desde 2009, en un golpe tanto para el medio ambiente como para la mitigaci\u00f3n del cambio clim\u00e1tico. Mientras, los glaciares andinos&nbsp;perdieron&nbsp;m\u00e1s del 30% de su superficie en menos de 50 a\u00f1os. Y la \u00abmegasequ\u00eda de Chile Central\u00bb es la m\u00e1s larga en al menos 1000 a\u00f1os.<\/p>\n\n\n\n<p>\u00abEl informe muestra que los riesgos hidrometeorol\u00f3gicos, como las sequ\u00edas, las olas de calor, las olas de fr\u00edo, los ciclones tropicales y las inundaciones,<strong>\u00a0han provocado, lamentablemente, la p\u00e9rdida de cientos de vidas<\/strong>, graves da\u00f1os a la producci\u00f3n de cultivos y a las infraestructuras y desplazamientos humanos\u00bb, dijo el secretario general de la agencia de la ONU autora del informe, el profesor Petteri Taalas.<\/p>\n\n\n\n<figure class=\"wp-block-image size-full\"><img loading=\"lazy\" decoding=\"async\" width=\"1024\" height=\"683\" src=\"https:\/\/www.cent.uo.edu.cu\/cemzoc-uo\/files\/2023\/02\/image1024x768.jpg\" alt=\"\" class=\"wp-image-4361\" srcset=\"https:\/\/www.cent.uo.edu.cu\/cemzoc-uo\/files\/2023\/02\/image1024x768.jpg 1024w, https:\/\/www.cent.uo.edu.cu\/cemzoc-uo\/files\/2023\/02\/image1024x768-300x200.jpg 300w, https:\/\/www.cent.uo.edu.cu\/cemzoc-uo\/files\/2023\/02\/image1024x768-768x512.jpg 768w, https:\/\/www.cent.uo.edu.cu\/cemzoc-uo\/files\/2023\/02\/image1024x768-306x205.jpg 306w\" sizes=\"auto, (max-width: 1024px) 100vw, 1024px\" \/><figcaption class=\"wp-element-caption\">UNICEF\/Ruiz Sotomayor \/ El hurac\u00e1n Iota caus\u00f3 destrucci\u00f3n e inundaciones en toda Nicaragua, dejando a miles de personas sin hogar.<br>Cambio clim\u00e1tico y COVID-19, un camino hacia atr\u00e1s<br>\u00abSe prev\u00e9 que el aumento del nivel del mar y el calentamiento de los oc\u00e9anos sigan afectando a los medios de subsistencia, el turismo, la salud, la alimentaci\u00f3n, la energ\u00eda y la seguridad del agua en las zonas costeras, especialmente en las peque\u00f1as islas y en los pa\u00edses de Am\u00e9rica Central. Para muchas ciudades andinas, el deshielo de los glaciares representa la p\u00e9rdida de una importante fuente de agua dulce que actualmente se utiliza para uso dom\u00e9stico, riego y energ\u00eda hidroel\u00e9ctrica. En Sudam\u00e9rica, la continua degradaci\u00f3n de la selva amaz\u00f3nica sigue siendo una de las principales preocupaciones para la regi\u00f3n, pero tambi\u00e9n para el clima mundial, teniendo en cuenta el papel de la selva en el ciclo del carbono\u00bb, dijo el profesor Taalas.<br>El informe se dio a conocer durante una Conferencia T\u00e9cnica Regional de la OMM para los pa\u00edses de Am\u00e9rica del Sur, organizada por la OMM en Cartagena (Colombia) este viernes 22 de julio de 2022.<br>Se trata del segundo a\u00f1o que la Organizaci\u00f3n Meteorol\u00f3gica Mundial elabora este informe regional anual, que proporciona a los responsables de la toma de decisiones informaci\u00f3n m\u00e1s precisa y localizada para que puedan tomar medidas.<br>\u00abEl empeoramiento del cambio clim\u00e1tico y los efectos agravados de la pandemia del\u00a0<a href=\"https:\/\/news.un.org\/es\/events\/cobertura-especial-de-noticias-onu-sobre-el-coronavirus\" target=\"_blank\" rel=\"noreferrer noopener\">COVID-19<\/a>\u00a0<strong>no solo han afectado a la biodiversidad de la regi\u00f3n, sino que tambi\u00e9n han estancado d\u00e9cadas de progreso<\/strong>\u00a0contra la pobreza, la inseguridad alimentaria y la reducci\u00f3n de la desigualdad en la regi\u00f3n\u00bb, dijo Mario Cimoli de la Comisi\u00f3n Econ\u00f3mica para Am\u00e9rica Latina y el Caribe (<a rel=\"noreferrer noopener\" href=\"https:\/\/www.cepal.org\/es\" target=\"_blank\">CEPAL<\/a>).<br>Para Cimoli, abordar esos desaf\u00edos, que se encuentran interconectados, requiere una colaboraci\u00f3n a su vez interconectada e \u201cinformada por la ciencia\u00bb.<\/figcaption><\/figure>\n\n\n\n<iframe loading=\"lazy\" width=\"984\" height=\"554\" src=\"https:\/\/www.youtube.com\/embed\/-XDpaaTeKyM\" title=\"The State of the Climate in Latin America and the Caribbean 2021 - Spanish\" frameborder=\"0\" allow=\"accelerometer; autoplay; clipboard-write; encrypted-media; gyroscope; picture-in-picture; web-share\" allowfullscreen><\/iframe>\n\n\n\n<h2 class=\"wp-block-heading\">Principales resultados del informe<\/h2>\n\n\n\n<p>El documento examina todos los aspectos del cambio clim\u00e1tico desde un punto de vista meteorol\u00f3gico y medioambiental, entre los que destacan:<\/p>\n\n\n\n<ul class=\"wp-block-list\">\n<li><strong>La temperatura:<\/strong>&nbsp;La tendencia al calentamiento continu\u00f3 en 2021 en Am\u00e9rica Latina y el Caribe. La tasa media de aumento de la temperatura fue de alrededor de 0,2\u00b0C\/d\u00e9cada entre 1991 y 2021, en comparaci\u00f3n con 0,1\u00b0C\/d\u00e9cada entre 1961 y 1990.<\/li>\n\n\n\n<li><strong>Los glaciares de los Andes tropicales<\/strong>&nbsp;han perdido un 30% y m\u00e1s de su superficie desde la d\u00e9cada de 1980, con una tendencia de balance de masa negativo de -0,97 m de agua equivalente por a\u00f1o durante el per\u00edodo de seguimiento 1990-2020. Algunos glaciares de Per\u00fa han perdido m\u00e1s del 50% de su superficie. El retroceso de los glaciares y la correspondiente p\u00e9rdida de masa de hielo han aumentado&nbsp;<strong>el riesgo de escasez de agua para la poblaci\u00f3n y los ecosistemas andinos<\/strong>.<\/li>\n\n\n\n<li><strong>El nivel del mar&nbsp;<\/strong>en la regi\u00f3n sigui\u00f3 subiendo a un ritmo m\u00e1s r\u00e1pido que en el resto del mundo, sobre todo en la costa atl\u00e1ntica de Sudam\u00e9rica al sur del ecuador (3,52 \u00b1 0,0 mm al a\u00f1o, de 1993 a 2021), y en el Atl\u00e1ntico Norte subtropical y el Golfo de M\u00e9xico (3,48 \u00b1 0,1 mm al a\u00f1o, de 1993 a 1991). El aumento del nivel del mar amenaza a una gran parte de la poblaci\u00f3n, que se concentra en las zonas costeras, ya que contamina los acu\u00edferos de agua dulce, erosiona las costas, inunda las zonas bajas y aumenta el riesgo de mareas de tempestad.<\/li>\n\n\n\n<li><strong>La megasequ\u00eda de Chile Central<\/strong>&nbsp;continu\u00f3 en 2021, con 13 a\u00f1os hasta la fecha, lo que constituye la sequ\u00eda m\u00e1s larga en esta regi\u00f3n en al menos mil a\u00f1os, exacerbando una tendencia a la desecaci\u00f3n y situando a Chile a la cabeza de la crisis h\u00eddrica de la regi\u00f3n. Adem\u00e1s, una sequ\u00eda de varios a\u00f1os en la cuenca del Paran\u00e1-La Plata, la peor desde 1944, afect\u00f3 al centro-sur de Brasil y a partes de Paraguay y Bolivia. Los da\u00f1os causados por la sequ\u00eda en la cuenca del Paran\u00e1-La Plata redujeron la producci\u00f3n de cultivos, incluida la soja y el ma\u00edz, lo que afect\u00f3 a los mercados mundiales de cultivos. En Am\u00e9rica del Sur en general, las condiciones de sequ\u00eda provocaron una disminuci\u00f3n del -2,6% en la cosecha de cereales de 2020-2021 en comparaci\u00f3n con la temporada anterior.<\/li>\n\n\n\n<li><strong>La temporada de huracanes en el Atl\u00e1ntico de 2021<\/strong>&nbsp;tuvo el tercer mayor n\u00famero de tormentas con nombre registrado, 21, incluyendo siete huracanes, y fue la sexta temporada consecutiva de huracanes en el Atl\u00e1ntico por encima de lo normal. Algunas de estas tormentas afectaron directamente a la regi\u00f3n.<\/li>\n\n\n\n<li><strong>Las lluvias extremas de 2021<\/strong>, con valores r\u00e9cord en muchos lugares, provocaron inundaciones y corrimientos de tierra. Se produjeron p\u00e9rdidas considerables, como cientos de v\u00edctimas mortales, decenas de miles de viviendas destruidas o da\u00f1adas y cientos de miles de personas desplazadas. Las inundaciones y corrimientos de tierra en los estados brasile\u00f1os de Bah\u00eda y Minas Gerais provocaron unas p\u00e9rdidas estimadas en 3100 millones de d\u00f3lares.<\/li>\n\n\n\n<li><strong>La deforestaci\u00f3n en la selva amaz\u00f3nica brasile\u00f1a<\/strong>&nbsp;se duplic\u00f3 en comparaci\u00f3n con la media de 2009-2018, alcanzando su nivel m\u00e1s alto desde 2009. En 2021 se perdi\u00f3 un 22% m\u00e1s de superficie forestal que en 2020.<\/li>\n\n\n\n<li>Un total de 7,7 millones de personas, en Guatemala, El Salvador y Nicaragua, experimentaron&nbsp;<strong>altos niveles de falta de alimentos e inseguridad alimentaria en 2021<\/strong>, con factores que contribuyen a ello, como los impactos continuos de los huracanes Eta e Iota a finales de 2020 y los impactos econ\u00f3micos de la pandemia COVID-19.<\/li>\n\n\n\n<li><strong>Los Andes, el noreste de Brasil y los pa\u00edses del norte de Am\u00e9rica Central se encuentran entre las regiones m\u00e1s sensibles a las migraciones<\/strong>&nbsp;y desplazamientos relacionados con el clima, un fen\u00f3meno que ha aumentado en los \u00faltimos ocho a\u00f1os. Las migraciones y los desplazamientos de poblaci\u00f3n tienen m\u00faltiples causas. El cambio clim\u00e1tico y los fen\u00f3menos extremos asociados son factores amplificadores que exacerban los factores sociales, econ\u00f3micos y medioambientales.<\/li>\n\n\n\n<li>Am\u00e9rica del Sur es una de las regiones con mayor necesidad documentada de&nbsp;<strong>reforzar los sistemas de alerta temprana de peligros m\u00faltiples<\/strong>, unas herramientas esenciales para una adaptaci\u00f3n eficaz al cambio clim\u00e1tico en zonas de riesgo de fen\u00f3menos meteorol\u00f3gicos, h\u00eddricos y clim\u00e1ticos extremos.<\/li>\n<\/ul>\n\n\n\n<p>Fuente: <strong><em><a href=\"https:\/\/news.un.org\/es\/story\/2022\/07\/1511942\" target=\"_blank\" rel=\"noreferrer noopener\">https:\/\/news.un.org\/es\/story\/2022\/07\/1511942<\/a><\/em><\/strong><\/p>\n","protected":false},"excerpt":{"rendered":"<p>Esos fen\u00f3menos meteorol\u00f3gicos no son el futuro. Est\u00e1n sucediendo ya. Y ese impacto, junto con el del COVID-19,\u00a0est\u00e1 afectando no solo a la biodiversidad de la regi\u00f3n, sino que tambi\u00e9n alcanza dimensiones econ\u00f3mico-sociales como el avance de la pobreza, el&hellip; <\/p>\n","protected":false},"author":21,"featured_media":0,"comment_status":"closed","ping_status":"open","sticky":false,"template":"","format":"standard","meta":{"footnotes":""},"categories":[1],"tags":[160,6],"class_list":["post-4359","post","type-post","status-publish","format-standard","hentry","category-sin-categoria","tag-cambio-climatico","tag-medio-ambiente"],"_links":{"self":[{"href":"https:\/\/www.cent.uo.edu.cu\/cemzoc-uo\/wp-json\/wp\/v2\/posts\/4359","targetHints":{"allow":["GET"]}}],"collection":[{"href":"https:\/\/www.cent.uo.edu.cu\/cemzoc-uo\/wp-json\/wp\/v2\/posts"}],"about":[{"href":"https:\/\/www.cent.uo.edu.cu\/cemzoc-uo\/wp-json\/wp\/v2\/types\/post"}],"author":[{"embeddable":true,"href":"https:\/\/www.cent.uo.edu.cu\/cemzoc-uo\/wp-json\/wp\/v2\/users\/21"}],"replies":[{"embeddable":true,"href":"https:\/\/www.cent.uo.edu.cu\/cemzoc-uo\/wp-json\/wp\/v2\/comments?post=4359"}],"version-history":[{"count":1,"href":"https:\/\/www.cent.uo.edu.cu\/cemzoc-uo\/wp-json\/wp\/v2\/posts\/4359\/revisions"}],"predecessor-version":[{"id":4362,"href":"https:\/\/www.cent.uo.edu.cu\/cemzoc-uo\/wp-json\/wp\/v2\/posts\/4359\/revisions\/4362"}],"wp:attachment":[{"href":"https:\/\/www.cent.uo.edu.cu\/cemzoc-uo\/wp-json\/wp\/v2\/media?parent=4359"}],"wp:term":[{"taxonomy":"category","embeddable":true,"href":"https:\/\/www.cent.uo.edu.cu\/cemzoc-uo\/wp-json\/wp\/v2\/categories?post=4359"},{"taxonomy":"post_tag","embeddable":true,"href":"https:\/\/www.cent.uo.edu.cu\/cemzoc-uo\/wp-json\/wp\/v2\/tags?post=4359"}],"curies":[{"name":"wp","href":"https:\/\/api.w.org\/{rel}","templated":true}]}}