{"id":4363,"date":"2023-02-24T07:57:00","date_gmt":"2023-02-24T11:57:00","guid":{"rendered":"https:\/\/www.cent.uo.edu.cu\/cemzoc-uo\/?p=4363"},"modified":"2023-02-16T14:45:42","modified_gmt":"2023-02-16T18:45:42","slug":"las-olas-de-calor-continuaran-hasta-2060-con-independencia-de-si-logramos-mitigar-el-cambio-climatico-2","status":"publish","type":"post","link":"https:\/\/www.cent.uo.edu.cu\/cemzoc-uo\/2023\/02\/24\/las-olas-de-calor-continuaran-hasta-2060-con-independencia-de-si-logramos-mitigar-el-cambio-climatico-2\/","title":{"rendered":"Las olas de calor continuar\u00e1n hasta 2060 con independencia de si logramos mitigar el cambio clim\u00e1tico"},"content":{"rendered":"\n<p>Tenemos una atm\u00f3sfera dopada, asegura el responsable de la agencia de la ONU encargada de vigilar el clima, que se\u00f1ala como las olas de calor como la que est\u00e1 viviendo buena parte de Europa en estos d\u00edas ser\u00e1n normales en el futuro.<\/p>\n\n\n\n<figure class=\"wp-block-image size-large is-resized\"><img loading=\"lazy\" decoding=\"async\" src=\"https:\/\/www.cent.uo.edu.cu\/cemzoc-uo\/files\/2023\/02\/image1170x530cropped-5-1024x464.jpg\" alt=\"\" class=\"wp-image-4364\" width=\"867\" height=\"393\" srcset=\"https:\/\/www.cent.uo.edu.cu\/cemzoc-uo\/files\/2023\/02\/image1170x530cropped-5-1024x464.jpg 1024w, https:\/\/www.cent.uo.edu.cu\/cemzoc-uo\/files\/2023\/02\/image1170x530cropped-5-300x136.jpg 300w, https:\/\/www.cent.uo.edu.cu\/cemzoc-uo\/files\/2023\/02\/image1170x530cropped-5-768x348.jpg 768w, https:\/\/www.cent.uo.edu.cu\/cemzoc-uo\/files\/2023\/02\/image1170x530cropped-5.jpg 1170w\" sizes=\"auto, (max-width: 867px) 100vw, 867px\" \/><figcaption class=\"wp-element-caption\">OMM\/Carlos Castillejo Balsera \/ Una tormenta llega a la playa de Barcelona, en Espa\u00f1a.<\/figcaption><\/figure>\n\n\n\n<p>El calor extremo en Europa occidental est\u00e1 provocando devastadores incendios forestales en Francia y Espa\u00f1a y una sequ\u00eda sin precedentes en Italia y Portugal, mientras el Reino Unido ha registrado este martes la temperatura m\u00e1s alta de su historia, con algo m\u00e1s de 40 grados cent\u00edgrados, medidos en el aeropuerto londinense de Heathrow.<\/p>\n\n\n\n<p>Sin embargo, esto no es una excepci\u00f3n. Las olas de calor como la que actualmente vive Europa y otras tendencias negativas en el clima ser\u00e1n cada vez m\u00e1s frecuentes y continuar\u00e1n al menos \u00abhasta 2060\u00bb, seg\u00fan advirti\u00f3 el secretario general de la Organizaci\u00f3n Meteorol\u00f3gica Mundial (<a rel=\"noreferrer noopener\" href=\"https:\/\/public.wmo.int\/es\" target=\"_blank\">OMM<\/a>).<\/p>\n\n\n\n<!--more-->\n\n\n\n<p>Este patr\u00f3n est\u00e1 relacionado con el calentamiento observado del planeta que puede atribuirse a la actividad humana, lo que suscita una gran preocupaci\u00f3n por el futuro del planeta.<\/p>\n\n\n\n<p>\u00abLas olas de calor se est\u00e1n haciendo m\u00e1s comunes a causa del cambio clim\u00e1tico\u00bb,&nbsp;dijo&nbsp;Petteri Taalas que, usando una analog\u00eda deportiva, explic\u00f3 que&nbsp;<strong>hemos dopado a la atm\u00f3sfera inyectando m\u00e1s gases de efecto invernadero, sobre todo di\u00f3xido de carbono<\/strong>, por lo que el calentamiento y otras tendencias \u201ccontinuar\u00e1n al menos hasta 2060, independientemente del \u00e9xito o no a la hora de mitigar el cambio clim\u00e1tico\u00bb.<\/p>\n\n\n\n<p>\u201cEn el futuro este tipo de olas de calor ser\u00e1n normales y veremos extremos a\u00fan m\u00e1s fuertes. Hemos lanzado tanto di\u00f3xido de carbono a la atm\u00f3sfera que la tendencia negativa continuar\u00e1 en las pr\u00f3ximas d\u00e9cadas y de momento no hemos sido capaces de reducir nuestras emisiones mundiales\u201d<strong>,<\/strong>&nbsp;subray\u00f3 el experto en una rueda de prensa para analizar la actual ola de calor en Europa, celebrada junto con la&nbsp;<a href=\"http:\/\/www.who.int\/es\/\" target=\"_blank\" rel=\"noreferrer noopener\">Organizaci\u00f3n Mundial de la Salud<\/a>&nbsp;(OMS).<\/p>\n\n\n\n<p>En ese respecto, Taalas ahond\u00f3: \u00abYa hemos perdido la partida en lo que respecta al deshielo de los glaciares. Esperamos que el deshielo de los glaciares contin\u00fae durante los pr\u00f3ximos cientos de a\u00f1os o incluso miles de a\u00f1os&#8230; El aumento del nivel del mar continuar\u00e1 durante el mismo per\u00edodo\u00bb.<\/p>\n\n\n\n<p>Taalas reflej\u00f3 la creciente preocupaci\u00f3n por los patrones clim\u00e1ticos extremos en su elecci\u00f3n de vestimenta el martes, dijo a los periodistas, eligiendo llevar manga corta y una corbata roja y azul, en reconocimiento al creciente n\u00famero de alertas rojas que se encienden en toda Europa.<\/p>\n\n\n\n<figure class=\"wp-block-image size-full\"><img loading=\"lazy\" decoding=\"async\" width=\"1024\" height=\"682\" src=\"https:\/\/www.cent.uo.edu.cu\/cemzoc-uo\/files\/2023\/02\/image1024x768-3.jpg\" alt=\"\" class=\"wp-image-4365\" srcset=\"https:\/\/www.cent.uo.edu.cu\/cemzoc-uo\/files\/2023\/02\/image1024x768-3.jpg 1024w, https:\/\/www.cent.uo.edu.cu\/cemzoc-uo\/files\/2023\/02\/image1024x768-3-300x200.jpg 300w, https:\/\/www.cent.uo.edu.cu\/cemzoc-uo\/files\/2023\/02\/image1024x768-3-768x512.jpg 768w, https:\/\/www.cent.uo.edu.cu\/cemzoc-uo\/files\/2023\/02\/image1024x768-3-306x205.jpg 306w\" sizes=\"auto, (max-width: 1024px) 100vw, 1024px\" \/><figcaption class=\"wp-element-caption\">\u00a9 UNICEF\/Srikanth Kolari \/ Un glaciar de monta\u00f1a de Kargil, India, se reduce a causa del aumento de las temperaturas y de la disminuci\u00f3n de las nevadas.<\/figcaption><\/figure>\n\n\n\n<h2 class=\"wp-block-heading\">Efectos sobre la salud<\/h2>\n\n\n\n<p>Taalas record\u00f3 que en 2003 una ola de calor dej\u00f3 75.000 muertos en Europa y destac\u00f3 que, aunque ahora hay mejores medios de adaptaci\u00f3n, la Organizaci\u00f3n espera un aumento en las muertes entre las personas mayores y con condiciones previas.<\/p>\n\n\n\n<p>Sobre c\u00f3mo nos afecta medicamente a los seres humanos, habl\u00f3 tambi\u00e9n en la rueda de prensa la doctora Mar\u00eda Neira, de la Organizaci\u00f3n Mundial de la Salud, quien se\u00f1al\u00f3 que las olas de calor suponen un desaf\u00edo ya que cuando la temperatura llega a 41 grados es algo excepcional y&nbsp;<strong>el cuerpo tiene que luchar por mantener estable la temperatura interna<\/strong>.<\/p>\n\n\n\n<p>Esa lucha genera a su vez fatiga, golpes de calor, hipertensi\u00f3n, hipertermia y un cambio de comportamiento, agravado por la falta de descanso nocturno, que afecta incluso la salud mental.<\/p>\n\n\n\n<h2 class=\"wp-block-heading\">Contaminaci\u00f3n del aire<\/h2>\n\n\n\n<p>Las olas de calor tambi\u00e9n act\u00faan como una especie de tapa atmosf\u00e9rica, atrapando contaminantes y degradando la calidad del aire, con consecuencias negativas para la salud, sobre todo para personas vulnerables como los ancianos.<\/p>\n\n\n\n<p>\u00ab<strong>El cambio clim\u00e1tico est\u00e1 afectando a nuestra salud de muchas maneras, no s\u00f3lo por las olas de calor, que tienen consecuencias directas<\/strong>\u00ab, sino tambi\u00e9n en otros \u00e1mbitos de la atenci\u00f3n sanitaria esencial, como el aumento de los niveles de enfermedad, a\u00f1adi\u00f3 la doctora Neira, directora de Salud P\u00fablica y Medioambiental de la OMS.<\/p>\n\n\n\n<p>Explic\u00f3 que est\u00e1 en juego el acceso fiable a los alimentos y al agua, ya que los niveles de producci\u00f3n agr\u00edcola \u201cest\u00e1n en riesgo\u00bb, y que \u201cseguramente habr\u00e1 escasez de agua\u00bb.<\/p>\n\n\n\n<p>Adem\u00e1s, dijo que&nbsp;<strong>el 99% de la poblaci\u00f3n mundial respira un aire que no cumple las normas sanitarias establecidas por la ONU<\/strong>, lo que repercute enormemente en las afecciones respiratorias y cardiovasculares cr\u00f3nicas.<\/p>\n\n\n\n<h2 class=\"wp-block-heading\">Efectos sobre la agricultura y el turismo<\/h2>\n\n\n\n<p>El director general de la Organizaci\u00f3n Meteorol\u00f3gica Mundial tambi\u00e9n advirti\u00f3 de los efectos de estos fen\u00f3menos clim\u00e1ticos extremos en la agricultura,&nbsp;<strong>ya que agostan los cultivos antes de las cosechas<\/strong>.<\/p>\n\n\n\n<p>\u00abEsperamos ver grandes impactos en la agricultura. Durante las anteriores olas de calor en Europa, perdimos gran parte de las cosechas. Y en la situaci\u00f3n actual -ya tenemos la crisis alimentaria mundial a causa de la guerra en Ucrania- esta ola de calor va a tener un mayor impacto negativo en las actividades agr\u00edcolas\u00bb, alert\u00f3 Taalas.<\/p>\n\n\n\n<p>Las olas de calor tambi\u00e9n tendr\u00e1n un impacto en el turismo en el sur de Europa ya que, como el indica el funcionario de la ONU, no es muy agradable visitar los sitios tur\u00edsticos de pa\u00edses como Grecia, Italia, Espa\u00f1a y Portugal a temperaturas que rondan los 40 grados.<\/p>\n\n\n\n<p>Robert Stefansky, jefe de Servicios Aplicados del Clima de la OMM, se\u00f1al\u00f3 por su parte que se espera que el pico de la actual ola de calor se haya alcanzado este martes en el Reino Unido, Francia y Suiza, aunque se prev\u00e9 que continu\u00e9 unos d\u00edas m\u00e1s.<\/p>\n\n\n\n<p>Stefansky record\u00f3 que a\u00fan no se ha superado el r\u00e9cord de temperatura en Europa, registrado en la isla italiana de Sicilia el a\u00f1o pasado, cuando se alcanzaron los 48,8 grados cent\u00edgrados, pero indic\u00f3 que ayer el servicio meteorol\u00f3gico de Portugal observ\u00f3 una temperatura de 47 grados.<\/p>\n\n\n\n<p>\u201c<strong>Nuestra preocupaci\u00f3n es que estos r\u00e9cords se producen cada vez m\u00e1s cercanos en el tiempo<\/strong>\u201d, a\u00f1adi\u00f3 Stefansky.<\/p>\n\n\n\n<figure class=\"wp-block-image size-full\"><img loading=\"lazy\" decoding=\"async\" width=\"1024\" height=\"682\" src=\"https:\/\/www.cent.uo.edu.cu\/cemzoc-uo\/files\/2023\/02\/image1024x768-2.jpg\" alt=\"\" class=\"wp-image-4366\" srcset=\"https:\/\/www.cent.uo.edu.cu\/cemzoc-uo\/files\/2023\/02\/image1024x768-2.jpg 1024w, https:\/\/www.cent.uo.edu.cu\/cemzoc-uo\/files\/2023\/02\/image1024x768-2-300x200.jpg 300w, https:\/\/www.cent.uo.edu.cu\/cemzoc-uo\/files\/2023\/02\/image1024x768-2-768x512.jpg 768w, https:\/\/www.cent.uo.edu.cu\/cemzoc-uo\/files\/2023\/02\/image1024x768-2-306x205.jpg 306w\" sizes=\"auto, (max-width: 1024px) 100vw, 1024px\" \/><figcaption class=\"wp-element-caption\">Climate Visuals Countdown\/Andrew Watson \/ Una estaci\u00f3n de paneles solares en Andaluc\u00eda, en el sur de Espa\u00f1a.<\/figcaption><\/figure>\n\n\n\n<h2 class=\"wp-block-heading\">La clave es la ambici\u00f3n<\/h2>\n\n\n\n<p>Para la doctora Neira, \u00abla mejor soluci\u00f3n ser\u00e1, de nuevo, ser muy ambiciosos a la hora de abordar las causas de este calentamiento global\u00bb.<\/p>\n\n\n\n<p>\u00abLlevamos mucho tiempo alertando de que el cambio clim\u00e1tico est\u00e1 afectando mucho a la salud humana\u00bb, lo que tambi\u00e9n repercutir\u00e1 en la lucha por alcanzar las emisiones netas de carbono, y en la crucial transici\u00f3n hacia fuentes de energ\u00eda limpias y renovables, subray\u00f3.<\/p>\n\n\n\n<p>Finalmente, dijo que<strong>\u00a0se teme que en las pr\u00f3ximas semanas se produzcan m\u00e1s muertes entre los ancianos y las personas con problemas de salud preexistentes<\/strong>, debido a la ola de calor que se est\u00e1 produciendo, con los consiguientes retos para los sistemas sanitarios, para hacer frente a la creciente demanda.<\/p>\n\n\n\n<p>Fuente: <strong><em><a href=\"https:\/\/news.un.org\/es\/story\/2022\/07\/1511872\" target=\"_blank\" rel=\"noreferrer noopener\">https:\/\/news.un.org\/es\/story\/2022\/07\/1511872<\/a><\/em><\/strong><\/p>\n","protected":false},"excerpt":{"rendered":"<p>Tenemos una atm\u00f3sfera dopada, asegura el responsable de la agencia de la ONU encargada de vigilar el clima, que se\u00f1ala como las olas de calor como la que est\u00e1 viviendo buena parte de Europa en estos d\u00edas ser\u00e1n normales en&hellip; <\/p>\n","protected":false},"author":21,"featured_media":0,"comment_status":"closed","ping_status":"open","sticky":false,"template":"","format":"standard","meta":{"footnotes":""},"categories":[1],"tags":[160,6],"class_list":["post-4363","post","type-post","status-publish","format-standard","hentry","category-sin-categoria","tag-cambio-climatico","tag-medio-ambiente"],"_links":{"self":[{"href":"https:\/\/www.cent.uo.edu.cu\/cemzoc-uo\/wp-json\/wp\/v2\/posts\/4363","targetHints":{"allow":["GET"]}}],"collection":[{"href":"https:\/\/www.cent.uo.edu.cu\/cemzoc-uo\/wp-json\/wp\/v2\/posts"}],"about":[{"href":"https:\/\/www.cent.uo.edu.cu\/cemzoc-uo\/wp-json\/wp\/v2\/types\/post"}],"author":[{"embeddable":true,"href":"https:\/\/www.cent.uo.edu.cu\/cemzoc-uo\/wp-json\/wp\/v2\/users\/21"}],"replies":[{"embeddable":true,"href":"https:\/\/www.cent.uo.edu.cu\/cemzoc-uo\/wp-json\/wp\/v2\/comments?post=4363"}],"version-history":[{"count":1,"href":"https:\/\/www.cent.uo.edu.cu\/cemzoc-uo\/wp-json\/wp\/v2\/posts\/4363\/revisions"}],"predecessor-version":[{"id":4367,"href":"https:\/\/www.cent.uo.edu.cu\/cemzoc-uo\/wp-json\/wp\/v2\/posts\/4363\/revisions\/4367"}],"wp:attachment":[{"href":"https:\/\/www.cent.uo.edu.cu\/cemzoc-uo\/wp-json\/wp\/v2\/media?parent=4363"}],"wp:term":[{"taxonomy":"category","embeddable":true,"href":"https:\/\/www.cent.uo.edu.cu\/cemzoc-uo\/wp-json\/wp\/v2\/categories?post=4363"},{"taxonomy":"post_tag","embeddable":true,"href":"https:\/\/www.cent.uo.edu.cu\/cemzoc-uo\/wp-json\/wp\/v2\/tags?post=4363"}],"curies":[{"name":"wp","href":"https:\/\/api.w.org\/{rel}","templated":true}]}}