{"id":4368,"date":"2023-02-27T07:06:00","date_gmt":"2023-02-27T11:06:00","guid":{"rendered":"https:\/\/www.cent.uo.edu.cu\/cemzoc-uo\/?p=4368"},"modified":"2023-02-16T17:10:37","modified_gmt":"2023-02-16T21:10:37","slug":"reducir-la-contaminacion-ayudara-combatir-las-superbacterias","status":"publish","type":"post","link":"https:\/\/www.cent.uo.edu.cu\/cemzoc-uo\/2023\/02\/27\/reducir-la-contaminacion-ayudara-combatir-las-superbacterias\/","title":{"rendered":"Reducir la contaminaci\u00f3n ayudar\u00e1 combatir las superbacterias"},"content":{"rendered":"\n<p>La principal rebaja debe venir de las industrias farmac\u00e9utica, sanitaria y agr\u00edcola. De no conseguirse, se perder\u00e1n diez millones de vidas en un cuarto de siglo, habr\u00e1 una ca\u00edda del PIB de 3,4 billones de d\u00f3lares anuales y un aumento de la pobreza extrema de 24 millones de personas. La situaci\u00f3n afecta m\u00e1s a los pa\u00edses del sur en un nuevo ejemplo de desigualdad.<\/p>\n\n\n\n<figure class=\"wp-block-image size-large\"><img loading=\"lazy\" decoding=\"async\" width=\"1024\" height=\"464\" src=\"https:\/\/www.cent.uo.edu.cu\/cemzoc-uo\/files\/2023\/02\/image1170x530cropped-7-1024x464.jpg\" alt=\"\" class=\"wp-image-4369\" srcset=\"https:\/\/www.cent.uo.edu.cu\/cemzoc-uo\/files\/2023\/02\/image1170x530cropped-7-1024x464.jpg 1024w, https:\/\/www.cent.uo.edu.cu\/cemzoc-uo\/files\/2023\/02\/image1170x530cropped-7-300x136.jpg 300w, https:\/\/www.cent.uo.edu.cu\/cemzoc-uo\/files\/2023\/02\/image1170x530cropped-7-768x348.jpg 768w, https:\/\/www.cent.uo.edu.cu\/cemzoc-uo\/files\/2023\/02\/image1170x530cropped-7.jpg 1170w\" sizes=\"auto, (max-width: 1024px) 100vw, 1024px\" \/><figcaption class=\"wp-element-caption\">UNICEF\/Johanna Alarc\u00f3n \/ Un estudiante participa en la limpieza comunitaria de playas en Ecuador.<\/figcaption><\/figure>\n\n\n\n<p>Hasta diez millones de personas podr\u00edan morir anualmente de aqu\u00ed a 2050 debido a la resistencia a los medicamentos que han desarrollado algunas bacterias y otros microbios, seg\u00fan afirma el Programa de las&nbsp;<a href=\"https:\/\/www.unenvironment.org\/es\" target=\"_blank\" rel=\"noreferrer noopener\">Naciones Unidas para el Medio Ambiente<\/a>&nbsp;(PNUMA) en un informe presentado el martes en Bridgetown (Barbados).<\/p>\n\n\n\n<p>Para reducir esas alarmantes cifras, el documento destaca la necesidad de reducir la contaminaci\u00f3n, especialmente la generada por los sectores farmac\u00e9utico, sanitario y agr\u00edcola.<\/p>\n\n\n\n<!--more-->\n\n\n\n<p>El PNUMA tambi\u00e9n pide que&nbsp;<strong>se refuercen las medidas para reducir la aparici\u00f3n, transmisi\u00f3n y propagaci\u00f3n de \u00absuperbacterias\u00bb<\/strong>&nbsp;(cepas de bacterias que se han hecho resistentes a todos los antibi\u00f3ticos conocidos) y otros casos de antimicrobianos, que ya se est\u00e1n cobrando un grave tributo en la salud humana, animal y vegetal.<\/p>\n\n\n\n<p>El estudio se centra en las dimensiones medioambientales de los antimicrobianos, que es como se conoce a las bacterias, virus, hongos y par\u00e1sitos que dejan de responder a los medicamentos.<\/p>\n\n\n\n<p>El creciente uso y abuso de antimicrobianos y otros factores de estr\u00e9s microbiano (por ejemplo, la presencia de metales pesados y otros contaminantes) crean condiciones favorables para que los microorganismos desarrollen resistencia.<\/p>\n\n\n\n<p>Esto, a su vez,&nbsp;<strong>plantea graves amenazas para la salud humana, animal, vegetal y medioambiental<\/strong>, la inocuidad de los alimentos, la seguridad alimentaria y la prevenci\u00f3n, preparaci\u00f3n y respuesta ante pandemias.<\/p>\n\n\n\n<p>Los sectores farmac\u00e9utico, agr\u00edcola y sanitario son los principales impulsores del desarrollo y la propagaci\u00f3n de los antimicrobianos en el medio ambiente, junto con los contaminantes procedentes de sistemas deficientes de saneamiento, alcantarillado y residuos municipales.<\/p>\n\n\n\n<h2 class=\"wp-block-heading\">Otro ejemplo de desigualdad<\/h2>\n\n\n\n<p>La resistencia de los microbios afecta de manera desproporcionada a los pa\u00edses de renta baja y media y contribuye a casi cinco millones de muertes al a\u00f1o, seg\u00fan el informe Global Research on Antimicrobial Resistance.<\/p>\n\n\n\n<p>\u00abEl informe sobre la resistencia a los antimicrobianos publicado hoy por el PNUMA&nbsp;<strong>es un ejemplo m\u00e1s de desigualdad<\/strong>, en el sentido de que la crisis de la resistencia a los antimicrobianos est\u00e1 afectando de manera desproporcionada a los pa\u00edses del Sur\u00bb, declar\u00f3 la primera ministra de Barbados, Mia Mottley, que preside una iniciativa respaldada por la ONU en la que participan l\u00edderes mundiales y expertos.<\/p>\n\n\n\n<p>Seg\u00fan la\u00a0<a rel=\"noreferrer noopener\" href=\"http:\/\/www.who.int\/es\/\" target=\"_blank\">Organizaci\u00f3n Mundial de la Salud<\/a>\u00a0(OMS), los antimicrobianos se encuentran entre\u00a0<a href=\"https:\/\/news.un.org\/es\/story\/2019\/01\/1449582\" target=\"_blank\" rel=\"noreferrer noopener\">las diez principales amenazas mundiales para la salud<\/a>.<\/p>\n\n\n\n<p>En 2019, se estima que 1,27 millones de muertes en todo el mundo se atribuyeron directamente a infecciones resistentes a los medicamentos. En general, casi cinco millones de muertes se asociaron con esa resistencia.<\/p>\n\n\n\n<p>Se espera que para 2050 se produzcan unos 10 millones de muertes directas adicionales al a\u00f1o,\u00a0<strong>lo que equivale al n\u00famero de muertes causadas globalmente por el c\u00e1ncer en 2020<\/strong>.<\/p>\n\n\n\n<figure class=\"wp-block-image size-large\"><img loading=\"lazy\" decoding=\"async\" width=\"1024\" height=\"464\" src=\"https:\/\/www.cent.uo.edu.cu\/cemzoc-uo\/files\/2023\/02\/image1170x530cropped-8-1024x464.jpg\" alt=\"\" class=\"wp-image-4370\" srcset=\"https:\/\/www.cent.uo.edu.cu\/cemzoc-uo\/files\/2023\/02\/image1170x530cropped-8-1024x464.jpg 1024w, https:\/\/www.cent.uo.edu.cu\/cemzoc-uo\/files\/2023\/02\/image1170x530cropped-8-300x136.jpg 300w, https:\/\/www.cent.uo.edu.cu\/cemzoc-uo\/files\/2023\/02\/image1170x530cropped-8-768x348.jpg 768w, https:\/\/www.cent.uo.edu.cu\/cemzoc-uo\/files\/2023\/02\/image1170x530cropped-8.jpg 1170w\" sizes=\"auto, (max-width: 1024px) 100vw, 1024px\" \/><figcaption class=\"wp-element-caption\">Centros para el Control y la Detecci\u00f3n de Enfermedades (CDC) \/ Los antimicrobianos son bacterias, virus, hongos, parasitos y otros microbios que han desarrollado una resistencia a los antibi\u00f3ticos.<\/figcaption><\/figure>\n\n\n\n<h2 class=\"wp-block-heading\">Alimentaci\u00f3n y salud en peligro<\/h2>\n\n\n\n<p>Los antimicrobianos y las superbacterias tambi\u00e9n afectan a la econom\u00eda y se espera que cause una ca\u00edda del Producto Interior Bruto (PIB) de al menos 3,4 billones de d\u00f3lares anuales para finales de la d\u00e9cada, empujando a unos 24 millones de personas a la pobreza extrema.<\/p>\n\n\n\n<p>Inger Andersen, directora ejecutiva del PNUMA, explic\u00f3 que&nbsp;<strong>la triple crisis planetaria, el cambio clim\u00e1tico, la contaminaci\u00f3n y la p\u00e9rdida de biodiversidad,&nbsp;<\/strong>ha contribuido a este fen\u00f3meno.<\/p>\n\n\n\n<p>\u00abLa contaminaci\u00f3n del aire, el suelo y los cursos de agua socava el derecho humano a un medio ambiente limpio y sano. Los mismos factores que provocan la degradaci\u00f3n del medio ambiente est\u00e1n agravando el problema de la resistencia a los antimicrobianos. Los efectos de la resistencia de los antimicrobianos podr\u00edan destruir nuestra salud y nuestros sistemas alimentarios\u00bb, advirti\u00f3.<\/p>\n\n\n\n<h2 class=\"wp-block-heading\">Una respuesta sanitaria<\/h2>\n\n\n\n<p>Hacer frente a los antimicrobianos requiere una respuesta multisectorial que reconozca que&nbsp;<strong>la salud de las personas, los animales, las plantas y el medio ambiente est\u00e1n estrechamente relacionados<\/strong>&nbsp;y son interdependientes.<\/p>\n\n\n\n<p>Esto est\u00e1 en consonancia con el marco de \u00abUna sola salud\u00bb desarrollado las citadas agencias de la ONU, la Organizaci\u00f3n de las Naciones Unidas para la Agricultura y la Alimentaci\u00f3n (<a href=\"http:\/\/www.fao.org\/home\/es\/\" target=\"_blank\" rel=\"noreferrer noopener\">FAO<\/a>) y la Organizaci\u00f3n Mundial de Sanidad Animal (WOAH).<\/p>\n\n\n\n<p>De hecho, la FAO \u00abest\u00e1 plenamente comprometida a trabajar con sus socios para crear sistemas agroalimentarios m\u00e1s eficientes, m\u00e1s inclusivos, m\u00e1s resistentes y sostenibles para una mejor producci\u00f3n, una mejor nutrici\u00f3n, un mejor medio ambiente y una vida mejor para todos\u00bb, dijo su director general, Qu Dongyu, tambi\u00e9n desde Barbados, donde se celebra la Sexta Reuni\u00f3n del Grupo de L\u00edderes Mundiales sobre la antimicrobianos, presidida por la primera ministra Mottley.<\/p>\n\n\n\n<h2 class=\"wp-block-heading\">Recomendaciones<\/h2>\n\n\n\n<p>El documento contiene medidas para hacer frente tanto al deterioro del entorno natural como al aumento de la resistencia a los antibi\u00f3ticos, centr\u00e1ndose en abordar las principales fuentes de contaminaci\u00f3n derivadas de un saneamiento deficiente, las aguas residuales y los residuos comunitarios y municipales.<\/p>\n\n\n\n<p>Las recomendaciones incluyen:<\/p>\n\n\n\n<ul class=\"wp-block-list\">\n<li>la creaci\u00f3n de marcos s\u00f3lidos de gobernanza, planificaci\u00f3n, reglamentaci\u00f3n y legislaci\u00f3n a nivel nacional<\/li>\n\n\n\n<li>el aumento de los esfuerzos mundiales para mejorar la gesti\u00f3n integrada del agua<\/li>\n\n\n\n<li>el establecimiento de normas internacionales sobre lo que constituye un buen indicador microbiol\u00f3gico de antimicrobianos a partir de muestras ambientales<\/li>\n\n\n\n<li>la exploraci\u00f3n de opciones para reorientar las inversiones, incluso para garantizar una financiaci\u00f3n sostenible<\/li>\n<\/ul>\n\n\n\n<h2 class=\"wp-block-heading\">Iniciativa para la agricultura<\/h2>\n\n\n\n<p>Actualmente la FAO est\u00e1 preparando una iniciativa mundial a 10 a\u00f1os para&nbsp;<strong>reducir la necesidad de antimicrobianos en los sistemas agroalimentarios<\/strong>.<\/p>\n\n\n\n<p>Adem\u00e1s, la organizaci\u00f3n ha desarrollado la primera versi\u00f3n de la plataforma inform\u00e1tica internacional para el seguimiento de la resistencia a los antimicrobianos, que tiene como objetivo\u00a0<strong>abordar la falta de informaci\u00f3n existente de esta materia<\/strong>\u00a0en los sistemas agroalimentarios.<\/p>\n\n\n\n<p>Fuente: <em><strong><a href=\"https:\/\/news.un.org\/es\/story\/2023\/02\/1518392\" target=\"_blank\" rel=\"noreferrer noopener\">https:\/\/news.un.org\/es\/story\/2023\/02\/1518392<\/a><\/strong><\/em><\/p>\n","protected":false},"excerpt":{"rendered":"<p>La principal rebaja debe venir de las industrias farmac\u00e9utica, sanitaria y agr\u00edcola. De no conseguirse, se perder\u00e1n diez millones de vidas en un cuarto de siglo, habr\u00e1 una ca\u00edda del PIB de 3,4 billones de d\u00f3lares anuales y un aumento&hellip; <\/p>\n","protected":false},"author":21,"featured_media":0,"comment_status":"closed","ping_status":"open","sticky":false,"template":"","format":"standard","meta":{"footnotes":""},"categories":[1],"tags":[6,165],"class_list":["post-4368","post","type-post","status-publish","format-standard","hentry","category-sin-categoria","tag-medio-ambiente","tag-salud"],"_links":{"self":[{"href":"https:\/\/www.cent.uo.edu.cu\/cemzoc-uo\/wp-json\/wp\/v2\/posts\/4368","targetHints":{"allow":["GET"]}}],"collection":[{"href":"https:\/\/www.cent.uo.edu.cu\/cemzoc-uo\/wp-json\/wp\/v2\/posts"}],"about":[{"href":"https:\/\/www.cent.uo.edu.cu\/cemzoc-uo\/wp-json\/wp\/v2\/types\/post"}],"author":[{"embeddable":true,"href":"https:\/\/www.cent.uo.edu.cu\/cemzoc-uo\/wp-json\/wp\/v2\/users\/21"}],"replies":[{"embeddable":true,"href":"https:\/\/www.cent.uo.edu.cu\/cemzoc-uo\/wp-json\/wp\/v2\/comments?post=4368"}],"version-history":[{"count":1,"href":"https:\/\/www.cent.uo.edu.cu\/cemzoc-uo\/wp-json\/wp\/v2\/posts\/4368\/revisions"}],"predecessor-version":[{"id":4371,"href":"https:\/\/www.cent.uo.edu.cu\/cemzoc-uo\/wp-json\/wp\/v2\/posts\/4368\/revisions\/4371"}],"wp:attachment":[{"href":"https:\/\/www.cent.uo.edu.cu\/cemzoc-uo\/wp-json\/wp\/v2\/media?parent=4368"}],"wp:term":[{"taxonomy":"category","embeddable":true,"href":"https:\/\/www.cent.uo.edu.cu\/cemzoc-uo\/wp-json\/wp\/v2\/categories?post=4368"},{"taxonomy":"post_tag","embeddable":true,"href":"https:\/\/www.cent.uo.edu.cu\/cemzoc-uo\/wp-json\/wp\/v2\/tags?post=4368"}],"curies":[{"name":"wp","href":"https:\/\/api.w.org\/{rel}","templated":true}]}}