{"id":4397,"date":"2023-03-06T07:19:00","date_gmt":"2023-03-06T11:19:00","guid":{"rendered":"https:\/\/www.cent.uo.edu.cu\/cemzoc-uo\/?p=4397"},"modified":"2023-03-01T10:21:42","modified_gmt":"2023-03-01T14:21:42","slug":"la-posible-vuelta-del-fenomeno-el-nino-amenaza-con-batir-records-de-temperaturas-mundiales","status":"publish","type":"post","link":"https:\/\/www.cent.uo.edu.cu\/cemzoc-uo\/2023\/03\/06\/la-posible-vuelta-del-fenomeno-el-nino-amenaza-con-batir-records-de-temperaturas-mundiales\/","title":{"rendered":"La posible vuelta del fen\u00f3meno El Ni\u00f1o amenaza con batir r\u00e9cords de temperaturas mundiales"},"content":{"rendered":"\n<p>Las probabilidades de que se produzca este fen\u00f3meno son bajas pero elevadas a partir de julio y agosto. La posibilidad de que hasta 2026 haya por lo menos un a\u00f1o con las temperaturas m\u00e1s altas jam\u00e1s registradas es del 93%, seg\u00fan la principal autoridad de la ONU en meteorolog\u00eda.<\/p>\n\n\n\n<figure class=\"wp-block-image size-large is-resized\"><img loading=\"lazy\" decoding=\"async\" src=\"https:\/\/www.cent.uo.edu.cu\/cemzoc-uo\/files\/2023\/03\/image1170x530cropped-1024x464.jpg\" alt=\"\" class=\"wp-image-4398\" width=\"914\" height=\"414\" srcset=\"https:\/\/www.cent.uo.edu.cu\/cemzoc-uo\/files\/2023\/03\/image1170x530cropped-1024x464.jpg 1024w, https:\/\/www.cent.uo.edu.cu\/cemzoc-uo\/files\/2023\/03\/image1170x530cropped-300x136.jpg 300w, https:\/\/www.cent.uo.edu.cu\/cemzoc-uo\/files\/2023\/03\/image1170x530cropped-768x348.jpg 768w, https:\/\/www.cent.uo.edu.cu\/cemzoc-uo\/files\/2023\/03\/image1170x530cropped.jpg 1170w\" sizes=\"auto, (max-width: 914px) 100vw, 914px\" \/><figcaption class=\"wp-element-caption\">UNICEF\/Josh Este \/ Puesta de sol en la costa de Tanna, en Vanuatu.<\/figcaption><\/figure>\n\n\n\n<p>Tras tres a\u00f1os consecutivos de un inusualmente persistente y prolongado fen\u00f3meno La Ni\u00f1a, que afect\u00f3 a los patrones de temperatura y precipitaciones en distintas partes del mundo, la Organizaci\u00f3n Meteorol\u00f3gica Mundial (<a rel=\"noreferrer noopener\" href=\"https:\/\/public.wmo.int\/es\" target=\"_blank\">OMM<\/a>) avanz\u00f3 este mi\u00e9rcoles la posibilidad de que durante los pr\u00f3ximos meses se produzca un episodio c\u00e1lido del fen\u00f3meno El Ni\u00f1o.<\/p>\n\n\n\n<!--more-->\n\n\n\n<p>Las probabilidades de que se forme este fen\u00f3meno natural durante la primera mitad del a\u00f1o son bajas (15% en abril-junio), aunque aumentar\u00e1n progresivamente entre mayo y junio (hasta un 35%) y crecer\u00e1n notablemente entre julio y agosto (55%).<\/p>\n\n\n\n<p>Sin embargo, la Organizaci\u00f3n matiza que estas previsiones depender\u00e1n de la elevada incertidumbre asociada a las predicciones en esta \u00e9poca del a\u00f1o (conocida t\u00e9cnicamente como barrera de la predictibilidad primaveral).<\/p>\n\n\n\n<h2 class=\"wp-block-heading\">Pese a los altos registros, La Ni\u00f1a detuvo el aumento de las temperaturas globales<\/h2>\n\n\n\n<p>El secretario general de la OMM, el profesor Petteri Taalas, destac\u00f3 que el enfriamiento provocado por el largo episodio de La Ni\u00f1a contuvo temporalmente el aumento de las temperaturas mundiales, \u201c<strong>a pesar de que el per\u00edodo de los \u00faltimos ocho a\u00f1os fue el m\u00e1s c\u00e1lido jam\u00e1s registrado\u00bb.<\/strong><\/p>\n\n\n\n<p>Ante la probable llegada del fen\u00f3meno El Ni\u00f1o, Taalas apunt\u00f3 la posibilidad&nbsp;<strong>de que \u00abse produzca otro repunte de las temperaturas mundiales\u00bb.<\/strong><\/p>\n\n\n\n<h2 class=\"wp-block-heading\">Alta probabilidad de que el a\u00f1o m\u00e1s c\u00e1lido jam\u00e1s registrado ocurra antes de 2026<\/h2>\n\n\n\n<p>Pese a que la combinaci\u00f3n de El Ni\u00f1o y el cambio clim\u00e1tico provocaron que 2016 fuera el a\u00f1o m\u00e1s c\u00e1lido jam\u00e1s registrado,&nbsp;<strong>hay un 93% de probabilidades de que al menos un a\u00f1o hasta 2026 supere este registro<\/strong>, y un 50% de probabilidades de que la temperatura global alcance temporalmente los 1,5\u00b0C por encima de la era preindustrial, seg\u00fan un estudio del Servicio Meteorol\u00f3gico Nacional del Reino Unido, el principal centro de predicciones clim\u00e1ticas anuales de la OMM.<\/p>\n\n\n\n<p>El actual episodio de La Ni\u00f1a comenz\u00f3 en septiembre de 2020 con una breve pausa en el verano del hemisferio norte en 2021. Este fen\u00f3meno natural se produce por el enfriamiento generalizado de las temperaturas de la superficie de la parte central y oriental del Oc\u00e9ano Pac\u00edfico ecuatorial, unido a cambios en la atm\u00f3sfera tropical. En las regiones afectadas, suele tener el efecto contrario que El Ni\u00f1o sobre el tiempo y el clima.<\/p>\n\n\n\n<p>La Ni\u00f1a se vincul\u00f3 a la sequ\u00eda persistente que padece el Gran Cuerno de \u00c1frica y amplias zonas de Sudam\u00e9rica, as\u00ed como a precipitaciones superiores a la media en el sudeste asi\u00e1tico y Australasia.<\/p>\n\n\n\n<p>Una nueva previsi\u00f3n clim\u00e1tica regional publicada la semana pasada advirti\u00f3 que la catastr\u00f3fica situaci\u00f3n en el Cuerno de \u00c1frica&nbsp;<strong>empeorar\u00eda a\u00fan m\u00e1s debido a que se prev\u00e9 una escasa temporada de lluvias entre marzo y mayo.<\/strong><\/p>\n\n\n\n<p>Aunque El Ni\u00f1o y La Ni\u00f1a son fen\u00f3menos naturales, se producen en un contexto de cambio clim\u00e1tico provocado por la actividad humana que aumenta las temperaturas globales, afecta a los patrones estacionales de lluvias y provoca temperaturas m\u00e1s extremas.<\/p>\n\n\n\n<p>Fuente: <em><a href=\"https:\/\/news.un.org\/es\/story\/2023\/03\/1518967\" target=\"_blank\" rel=\"noreferrer noopener\">https:\/\/news.un.org\/es\/story\/2023\/03\/1518967<\/a><\/em><\/p>\n","protected":false},"excerpt":{"rendered":"<p>Las probabilidades de que se produzca este fen\u00f3meno son bajas pero elevadas a partir de julio y agosto. La posibilidad de que hasta 2026 haya por lo menos un a\u00f1o con las temperaturas m\u00e1s altas jam\u00e1s registradas es del 93%,&hellip; <\/p>\n","protected":false},"author":21,"featured_media":0,"comment_status":"closed","ping_status":"open","sticky":false,"template":"","format":"standard","meta":{"footnotes":""},"categories":[1],"tags":[160,6],"class_list":["post-4397","post","type-post","status-publish","format-standard","hentry","category-sin-categoria","tag-cambio-climatico","tag-medio-ambiente"],"_links":{"self":[{"href":"https:\/\/www.cent.uo.edu.cu\/cemzoc-uo\/wp-json\/wp\/v2\/posts\/4397","targetHints":{"allow":["GET"]}}],"collection":[{"href":"https:\/\/www.cent.uo.edu.cu\/cemzoc-uo\/wp-json\/wp\/v2\/posts"}],"about":[{"href":"https:\/\/www.cent.uo.edu.cu\/cemzoc-uo\/wp-json\/wp\/v2\/types\/post"}],"author":[{"embeddable":true,"href":"https:\/\/www.cent.uo.edu.cu\/cemzoc-uo\/wp-json\/wp\/v2\/users\/21"}],"replies":[{"embeddable":true,"href":"https:\/\/www.cent.uo.edu.cu\/cemzoc-uo\/wp-json\/wp\/v2\/comments?post=4397"}],"version-history":[{"count":1,"href":"https:\/\/www.cent.uo.edu.cu\/cemzoc-uo\/wp-json\/wp\/v2\/posts\/4397\/revisions"}],"predecessor-version":[{"id":4399,"href":"https:\/\/www.cent.uo.edu.cu\/cemzoc-uo\/wp-json\/wp\/v2\/posts\/4397\/revisions\/4399"}],"wp:attachment":[{"href":"https:\/\/www.cent.uo.edu.cu\/cemzoc-uo\/wp-json\/wp\/v2\/media?parent=4397"}],"wp:term":[{"taxonomy":"category","embeddable":true,"href":"https:\/\/www.cent.uo.edu.cu\/cemzoc-uo\/wp-json\/wp\/v2\/categories?post=4397"},{"taxonomy":"post_tag","embeddable":true,"href":"https:\/\/www.cent.uo.edu.cu\/cemzoc-uo\/wp-json\/wp\/v2\/tags?post=4397"}],"curies":[{"name":"wp","href":"https:\/\/api.w.org\/{rel}","templated":true}]}}