{"id":4493,"date":"2023-03-21T08:49:18","date_gmt":"2023-03-21T12:49:18","guid":{"rendered":"https:\/\/www.cent.uo.edu.cu\/cemzoc-uo\/?p=4493"},"modified":"2023-03-21T08:51:28","modified_gmt":"2023-03-21T12:51:28","slug":"dia-mundial-del-agua","status":"publish","type":"post","link":"https:\/\/www.cent.uo.edu.cu\/cemzoc-uo\/2023\/03\/21\/dia-mundial-del-agua\/","title":{"rendered":"D\u00eda Mundial del Agua"},"content":{"rendered":"\n<p>El&nbsp;<strong>D\u00eda Mundial del Agua<\/strong>&nbsp;se celebra el 22 de marzo de cada a\u00f1o y su principal objetivo es generar conciencia acerca de la importancia de cuidar los recursos de agua en el planeta, un elemento vital para la vida de todas las especies de la Tierra.<\/p>\n\n\n\n<figure class=\"wp-block-image size-large\"><img loading=\"lazy\" decoding=\"async\" width=\"1024\" height=\"768\" src=\"https:\/\/www.cent.uo.edu.cu\/cemzoc-uo\/files\/2023\/03\/P1010083-1024x768.jpg\" alt=\"\" class=\"wp-image-4495\" srcset=\"https:\/\/www.cent.uo.edu.cu\/cemzoc-uo\/files\/2023\/03\/P1010083-1024x768.jpg 1024w, https:\/\/www.cent.uo.edu.cu\/cemzoc-uo\/files\/2023\/03\/P1010083-300x225.jpg 300w, https:\/\/www.cent.uo.edu.cu\/cemzoc-uo\/files\/2023\/03\/P1010083-768x576.jpg 768w, https:\/\/www.cent.uo.edu.cu\/cemzoc-uo\/files\/2023\/03\/P1010083-1536x1152.jpg 1536w, https:\/\/www.cent.uo.edu.cu\/cemzoc-uo\/files\/2023\/03\/P1010083-2048x1536.jpg 2048w\" sizes=\"auto, (max-width: 1024px) 100vw, 1024px\" \/><figcaption class=\"wp-element-caption\">Foto: Alain Paneque<\/figcaption><\/figure>\n\n\n\n<p>Con la celebraci\u00f3n de esta efem\u00e9ride se pretende dar a conocer la crisis mundial del agua y la problem\u00e1tica que afrontan millones de personas que no tienen acceso al suministro de agua potable, as\u00ed como las medidas urgentes que se deben tomar al respecto.<\/p>\n\n\n\n<!--more-->\n\n\n\n<h2 class=\"wp-block-heading\" id=\"resTit_2\">Origen del D\u00eda Mundial del Agua<\/h2>\n\n\n\n<p>El&nbsp;<strong>D\u00eda Mundial del Agua<\/strong>&nbsp;fue proclamado por la Organizaci\u00f3n de las Naciones Unidas (ONU) en 1992. Ese a\u00f1o se celebr\u00f3 en R\u00edo de Janeiro la&nbsp;<strong><em>Conferencia de las Naciones Unidas sobre el Medio Ambiente y el Desarrollo<\/em><\/strong>. De all\u00ed surgi\u00f3 la propuesta, siendo 1993 el primer a\u00f1o de celebraci\u00f3n.<\/p>\n\n\n\n<p>Posteriormente tuvieron lugar otras menciones como el&nbsp;<em><strong>A\u00f1o Internacional de Cooperaci\u00f3n en la Esfera del Agua 2013<\/strong><\/em>&nbsp;y el&nbsp;<strong><em>Decenio \u00abAgua para el Desarrollo Sostenible\u00bb 2018-2028<\/em><\/strong>. Todo esto remarca la idea de la ONU de que el agua es fundamental para el desarrollo y la paz mundial.<\/p>\n\n\n\n<p><strong>El agua es un recurso natural compuesto por mol\u00e9culas de hidr\u00f3geno y ox\u00edgeno<\/strong>, que es indispensable para la vida. Es un bien considerado como el&nbsp;<em><strong>oro l\u00edquido del planeta<\/strong><\/em>&nbsp;y que hace posible que todas las especies terrestres contin\u00faen creciendo y desarroll\u00e1ndose cada d\u00eda.<\/p>\n\n\n\n<p>De ah\u00ed la importancia de evitar su despilfarro. Es un recurso limitado, en el que hace falta una mayor toma de conciencia para su preservaci\u00f3n, porque si alg\u00fan d\u00eda llegara a escasear, traer\u00eda consecuencias irreversibles para la humanidad.<\/p>\n\n\n\n<h2 class=\"wp-block-heading\" id=\"resTit_3\">El Agua: un derecho fundamental para la vida<\/h2>\n\n\n\n<p><strong>El agua es un derecho fundamental&nbsp;<\/strong>para la preservaci\u00f3n de la vida, en todas sus formas. Considerada como un derecho humano, este valioso e indispensable recurso natural no llega de forma segura a un gran n\u00famero de personas en distintos pa\u00edses, sobre todo a los m\u00e1s pobres, donde el agua potable no es accesible.<\/p>\n\n\n\n<p>De acuerdo a la&nbsp;<strong>ONU&nbsp;<\/strong>la poblaci\u00f3n m\u00e1s afectada es la carente de recursos econ\u00f3micos, donde el saneamiento de las aguas es un verdadero lujo, s\u00f3lo posible para las sociedades m\u00e1s avanzadas y los pa\u00edses desarrollados.<\/p>\n\n\n\n<p>M\u00e1s de un tercio de la poblaci\u00f3n mundial no goza de los servicios de agua potable segura, lo que se traduce a m\u00e1s de 2.000 millones de personas que no reciben el agua de calidad en sus hogares. Por esta raz\u00f3n mueren hombres, mujeres y ni\u00f1os cada a\u00f1o.<\/p>\n\n\n\n<p>Para los refugiados, personas sin hogar y todos los que viven en pobreza extrema no hay ninguna posibilidad de gozar de este recurso, tan vital para la vida.<\/p>\n\n\n\n<p>Para erradicar la miseria y todas las consecuencias que acarrea, la Organizaci\u00f3n de las Naciones Unidas busca alternativas para hacer de este mundo un lugar m\u00e1s viable para todos. Esto s\u00f3lo se alcanzar\u00e1 a trav\u00e9s del llamado&nbsp;<strong>desarrollo sostenible<\/strong>.<\/p>\n\n\n\n<h2 class=\"wp-block-heading\" id=\"resTit_4\">Tema 2023: Se el cambio<\/h2>\n\n\n\n<p>En la celebraci\u00f3n de esta efem\u00e9ride anualmente se selecciona un lema o tema central.&nbsp;<strong>El lema del D\u00eda Mundial del Agua 2023 es:&nbsp;<em>\u00abAcelerar el cambio\u00bb&nbsp;<\/em><\/strong>con una llamada a la acci\u00f3n para la sociedad:&nbsp;<em><strong>\u00abSe el cambio\u00bb<\/strong><\/em>. Se trata de poner de relieve la necesidad urgente de acelerar el cambio para conseguir que el agua llegue a todos los rincones del planeta, incluso a los m\u00e1s pobres.<\/p>\n\n\n\n<p>Se ha creado una campa\u00f1a mundial para animar a las personas a tomar medidas para cambiar la forma en la que usan el agua. Con el lema&nbsp;<em><strong>\u00abSe el cambio que quieres ver en el mundo\u00bb&nbsp;<\/strong><\/em>se traslada la responsabilidad de la gesti\u00f3n del agua a cada uno de nosotros.<\/p>\n\n\n\n<figure class=\"wp-block-image size-large\"><img loading=\"lazy\" decoding=\"async\" width=\"724\" height=\"1024\" src=\"https:\/\/www.cent.uo.edu.cu\/cemzoc-uo\/files\/2023\/03\/wwd2023_poster_spa-724x1024.png\" alt=\"\" class=\"wp-image-4497\" srcset=\"https:\/\/www.cent.uo.edu.cu\/cemzoc-uo\/files\/2023\/03\/wwd2023_poster_spa-724x1024.png 724w, https:\/\/www.cent.uo.edu.cu\/cemzoc-uo\/files\/2023\/03\/wwd2023_poster_spa-212x300.png 212w, https:\/\/www.cent.uo.edu.cu\/cemzoc-uo\/files\/2023\/03\/wwd2023_poster_spa-768x1086.png 768w, https:\/\/www.cent.uo.edu.cu\/cemzoc-uo\/files\/2023\/03\/wwd2023_poster_spa-1086x1536.png 1086w, https:\/\/www.cent.uo.edu.cu\/cemzoc-uo\/files\/2023\/03\/wwd2023_poster_spa-1448x2048.png 1448w\" sizes=\"auto, (max-width: 724px) 100vw, 724px\" \/><\/figure>\n\n\n\n<h2 class=\"wp-block-heading\" id=\"resTit_5\">Temas de a\u00f1os anteriores<\/h2>\n\n\n\n<h3 class=\"wp-block-heading\" id=\"resTit_5_1\">Tema 2022: Agua Subterr\u00e1nea: Haciendo Visible lo Invisible<\/h3>\n\n\n\n<p>Para el a\u00f1o 2022 el tema seleccionado fue&nbsp;<strong><em>\u00abAgua Subterr\u00e1nea: Haciendo Visible lo Invisible\u00bb<\/em><\/strong>.<\/p>\n\n\n\n<p>Con ello se pretende destacar la importancia de las aguas subterr\u00e1neas, as\u00ed como destacar la necesidad de generar acciones para evitar su sobre-explotaci\u00f3n y procurar su disponibilidad en todo el mundo. Se estima que el 97% del agua dulce se ubica en acu\u00edferos o formaciones geol\u00f3gicas, compuestas por capas de rocas y sedimentos que conservan agua en su interior.<\/p>\n\n\n\n<p>Son una fuente vital de sustento para la provisi\u00f3n y suministro de agua potable, el mantenimiento de ecosistemas, as\u00ed como para el sostenimiento de la agricultura y la industria.<\/p>\n\n\n\n<p>Por otra parte, se pretende visibilizar el impacto del cambio clim\u00e1tico en las aguas subterr\u00e1neas. Se requiere aunar esfuerzos para gestionar de forma sostenible el preciado l\u00edquido.<\/p>\n\n\n\n<p>Se invita a las personas y comunidades a realizar un video de 60 segundos que muestre c\u00f3mo afecta el agua subterr\u00e1nea nuestras vidas, utilizando los hashtags&nbsp;<strong><em>#MyGroundwaterStory<\/em><\/strong>&nbsp;y&nbsp;<strong><em>#WorldWaterDay<\/em><\/strong>. Puedes subirlos a YouTube o Vimeo y enviar el enlace a&nbsp;<strong><em>mygroundwaterstory@un-igrac.org<\/em><\/strong>.<\/p>\n\n\n\n<h3 class=\"wp-block-heading\" id=\"resTit_5_2\">Tema 2021: Agua para frenar el coronavirus<\/h3>\n\n\n\n<p>En la campa\u00f1a del a\u00f1o 2021 se resalt\u00f3 la importancia del agua para frenar epidemias y enfermedades infecciosas. Lavarse las manos es fundamental para frenar la transmisi\u00f3n del COVID-19 y otras enfermedades.<\/p>\n\n\n\n<p>Si dispones de agua y jab\u00f3n para lavarte las manos, eres privilegiado. Casi tres mil millones de personas no tienen c\u00f3mo hacerlo. Se cre\u00f3 la campa\u00f1a&nbsp;<strong><em>#ManosLimpias&nbsp;<\/em><\/strong>(<strong><em>#SafeHands<\/em><\/strong>&nbsp;en ingl\u00e9s).<\/p>\n\n\n\n<h3 class=\"wp-block-heading\" id=\"resTit_5_3\">Tema 2020: Agua y Cambio Clim\u00e1tico<\/h3>\n\n\n\n<p>El agua est\u00e1 estrechamente vinculada al cambio clim\u00e1tico. Es por ello que la campa\u00f1a de 2020 se centr\u00f3 en la importancia de reducir las inundaciones, sequ\u00edas, la contaminaci\u00f3n del agua y su escasez.<\/p>\n\n\n\n<p>Si controlamos los recursos h\u00eddricos, seremos capaces de reducir los gases de efecto invernadero. Es importante buscar soluciones sostenibles para el acceso al agua potable y al saneamiento. Todos tenemos un papel en esta lucha, porque la ejecuci\u00f3n de peque\u00f1as acciones se traducen en grandes cambios.<\/p>\n\n\n\n<p>Fuente: <em><a href=\"https:\/\/www.diainternacionalde.com\/ficha\/dia-mundial-agua\" target=\"_blank\" rel=\"noreferrer noopener\">https:\/\/www.diainternacionalde.com\/ficha\/dia-mundial-agua<\/a><\/em><\/p>\n","protected":false},"excerpt":{"rendered":"<p>El&nbsp;D\u00eda Mundial del Agua&nbsp;se celebra el 22 de marzo de cada a\u00f1o y su principal objetivo es generar conciencia acerca de la importancia de cuidar los recursos de agua en el planeta, un elemento vital para la vida de todas&hellip; <\/p>\n","protected":false},"author":21,"featured_media":0,"comment_status":"closed","ping_status":"open","sticky":false,"template":"","format":"standard","meta":{"footnotes":""},"categories":[1],"tags":[],"class_list":["post-4493","post","type-post","status-publish","format-standard","hentry","category-sin-categoria"],"_links":{"self":[{"href":"https:\/\/www.cent.uo.edu.cu\/cemzoc-uo\/wp-json\/wp\/v2\/posts\/4493","targetHints":{"allow":["GET"]}}],"collection":[{"href":"https:\/\/www.cent.uo.edu.cu\/cemzoc-uo\/wp-json\/wp\/v2\/posts"}],"about":[{"href":"https:\/\/www.cent.uo.edu.cu\/cemzoc-uo\/wp-json\/wp\/v2\/types\/post"}],"author":[{"embeddable":true,"href":"https:\/\/www.cent.uo.edu.cu\/cemzoc-uo\/wp-json\/wp\/v2\/users\/21"}],"replies":[{"embeddable":true,"href":"https:\/\/www.cent.uo.edu.cu\/cemzoc-uo\/wp-json\/wp\/v2\/comments?post=4493"}],"version-history":[{"count":2,"href":"https:\/\/www.cent.uo.edu.cu\/cemzoc-uo\/wp-json\/wp\/v2\/posts\/4493\/revisions"}],"predecessor-version":[{"id":4534,"href":"https:\/\/www.cent.uo.edu.cu\/cemzoc-uo\/wp-json\/wp\/v2\/posts\/4493\/revisions\/4534"}],"wp:attachment":[{"href":"https:\/\/www.cent.uo.edu.cu\/cemzoc-uo\/wp-json\/wp\/v2\/media?parent=4493"}],"wp:term":[{"taxonomy":"category","embeddable":true,"href":"https:\/\/www.cent.uo.edu.cu\/cemzoc-uo\/wp-json\/wp\/v2\/categories?post=4493"},{"taxonomy":"post_tag","embeddable":true,"href":"https:\/\/www.cent.uo.edu.cu\/cemzoc-uo\/wp-json\/wp\/v2\/tags?post=4493"}],"curies":[{"name":"wp","href":"https:\/\/api.w.org\/{rel}","templated":true}]}}