{"id":4536,"date":"2023-03-23T07:57:00","date_gmt":"2023-03-23T11:57:00","guid":{"rendered":"https:\/\/www.cent.uo.edu.cu\/cemzoc-uo\/?p=4536"},"modified":"2023-03-21T09:03:39","modified_gmt":"2023-03-21T13:03:39","slug":"dia-meteorologico-mundial-2","status":"publish","type":"post","link":"https:\/\/www.cent.uo.edu.cu\/cemzoc-uo\/2023\/03\/23\/dia-meteorologico-mundial-2\/","title":{"rendered":"D\u00eda Meteorol\u00f3gico Mundial"},"content":{"rendered":"\n<p><strong>El 23 de marzo se celebra el D\u00eda Meteorol\u00f3gico Mundial<\/strong>, y se estableci\u00f3 para conmemorar la puesta en marcha del Convenio para la creaci\u00f3n de la\u00a0<strong>Organizaci\u00f3n Meteorol\u00f3gica Mundial (<em>OMM<\/em>)<\/strong>, cuyo objetivo es asegurar el bienestar, protecci\u00f3n y seguridad de toda la humanidad.<\/p>\n\n\n\n<figure class=\"wp-block-image size-large is-resized\"><img loading=\"lazy\" decoding=\"async\" src=\"https:\/\/www.cent.uo.edu.cu\/cemzoc-uo\/files\/2023\/03\/IMG_9154-1024x683.jpg\" alt=\"\" class=\"wp-image-4538\" width=\"651\" height=\"434\" srcset=\"https:\/\/www.cent.uo.edu.cu\/cemzoc-uo\/files\/2023\/03\/IMG_9154-1024x683.jpg 1024w, https:\/\/www.cent.uo.edu.cu\/cemzoc-uo\/files\/2023\/03\/IMG_9154-300x200.jpg 300w, https:\/\/www.cent.uo.edu.cu\/cemzoc-uo\/files\/2023\/03\/IMG_9154-768x512.jpg 768w, https:\/\/www.cent.uo.edu.cu\/cemzoc-uo\/files\/2023\/03\/IMG_9154-1536x1024.jpg 1536w, https:\/\/www.cent.uo.edu.cu\/cemzoc-uo\/files\/2023\/03\/IMG_9154-2048x1365.jpg 2048w, https:\/\/www.cent.uo.edu.cu\/cemzoc-uo\/files\/2023\/03\/IMG_9154-306x205.jpg 306w\" sizes=\"auto, (max-width: 651px) 100vw, 651px\" \/><figcaption class=\"wp-element-caption\">Foto: CEMZOC<\/figcaption><\/figure>\n\n\n\n<p>El\u00a0<strong>D\u00eda Meteorol\u00f3gico Mundial<\/strong>, es una fecha relevante que tiene como objetivo crear conciencia de la importancia que tiene la meteorolog\u00eda y la hidrolog\u00eda para el equilibrio medio ambiental y todas las actividades que realiza el hombre en el planeta, as\u00ed como para la continuidad de la vida tal y como se conoce hasta ahora.<\/p>\n\n\n\n<!--more-->\n\n\n\n<iframe loading=\"lazy\" width=\"665\" height=\"374\" src=\"https:\/\/www.youtube.com\/embed\/ams2aEe8fMQ\" title=\"D\u00eda Meteorol\u00f3gico Mundial\" frameborder=\"0\" allow=\"accelerometer; autoplay; clipboard-write; encrypted-media; gyroscope; picture-in-picture; web-share\" allowfullscreen><\/iframe>\n\n\n\n<p>El D\u00eda Meteorol\u00f3gico Mundial se celebra desde 1997 y cada a\u00f1o los m\u00e1s de 180 Estados Miembros que integran la\u00a0<strong>Organizaci\u00f3n Meteorol\u00f3gica Mundial<\/strong>, celebran este d\u00eda, centr\u00e1ndose en un tema de inter\u00e9s para la humanidad.<\/p>\n\n\n\n<h2 class=\"wp-block-heading\" id=\"resTit_2\">Tema 2023: El futuro del tiempo, el clima y el agua a trav\u00e9s de las generaciones<\/h2>\n\n\n\n<p>Cada a\u00f1o se establece un tema para trabajar sobre \u00e9l. El tema 2023 del D\u00eda Meteorol\u00f3gico Mundial es: \u00abEl futuro del tiempo, el clima y el agua a trav\u00e9s de las generaciones\u00bb.<\/p>\n\n\n\n<p>Con este tema se pretenden destacar los avances tecnol\u00f3gicos pasados, el progreso actual y el futuro, desde los tel\u00e9grafos de finales del siglo XIX y los pron\u00f3sticos de env\u00edo hasta las supercomputadoras y la tecnolog\u00eda espacial, adem\u00e1s de la inteligencia artificial. Todos estos avances han sido muy importantes en las predicciones meteorol\u00f3gicas y en las alertas tempranas, que salvan vidas.<\/p>\n\n\n\n<h2 class=\"wp-block-heading\" id=\"resTit_3\">Temas de a\u00f1os anteriores del D\u00eda Meteorol\u00f3gico Mundial<\/h2>\n\n\n\n<h3 class=\"wp-block-heading\" id=\"resTit_3_1\">Tema para 2022: Alerta temprana y acci\u00f3n temprana<\/h3>\n\n\n\n<p><em><strong>El tema del D\u00eda Meteorol\u00f3gico Mundial para 2022 fue\u00bbAlerta temprana y acci\u00f3n temprana<\/strong><\/em>\u00bb y destac\u00f3 la importancia de la informaci\u00f3n meteorol\u00f3gica, hidrol\u00f3gica y clim\u00e1tica para reducir el riesgo de desastres, proteger los medios de subsistencia de las comunidades y la vida de las personas.<\/p>\n\n\n\n<p>El cambio clim\u00e1tico hace que los fen\u00f3menos meteorol\u00f3gicos, relacionados con el tiempo, el clima y el agua sean cada vez m\u00e1s extremos. Estamos m\u00e1s expuestos que nunca a desastres, tambi\u00e9n debido al crecimiento demogr\u00e1fico, la degradaci\u00f3n del medio ambiente y la urbanizaci\u00f3n descontrolada de muchos lugares del mundo. Y por ello, las predicciones ya no bastan. Es vital desarrollar sistemas de alerta temprana, para estar preparados y ser capaces de actuar en el momento oportuno.<\/p>\n\n\n\n<h3 class=\"wp-block-heading\" id=\"resTit_3_2\">Tema para 2021: El oc\u00e9ano, nuestro clima y nuestro tiempo<\/h3>\n\n\n\n<p><strong>En 2021, el D\u00eda Meteorol\u00f3gico Mundial puso su enfoque en el oc\u00e9ano<\/strong>, ya que \u00e9ste supone uno de los mayores condicionantes del clima en el planeta.Tambi\u00e9n es importante recordar que en 2021 comienz\u00f3 el&nbsp;<em><strong>Decenio de las Naciones Unidas de las Ciencias Oce\u00e1nicas para el Desarrollo Sostenible (2021-2030).<\/strong><\/em><\/p>\n\n\n\n<h2 class=\"wp-block-heading\" id=\"resTit_4\">\u00bfQu\u00e9 se entiende por meteorolog\u00eda?<\/h2>\n\n\n\n<p>La meteorolog\u00eda es una ciencia que se encarga de estudiar todos&nbsp;<strong>los fen\u00f3menos que ocurren en la atm\u00f3sfera de la Tierra<\/strong>&nbsp;como el clima, los vientos, la lluvia, entre otros.<\/p>\n\n\n\n<h2 class=\"wp-block-heading\" id=\"resTit_5\">La meteorolog\u00eda y el cambio clim\u00e1tico<\/h2>\n\n\n\n<p>En las \u00faltimas d\u00e9cadas ha ocurrido un incremento de los fen\u00f3menos meteorol\u00f3gicos como&nbsp;<strong>huracanes, tormentas el\u00e9ctricas, sequ\u00edas, incendios forestales, inundaciones, entre otros<\/strong>, que representan una gran amenaza para la vida del hombre en el planeta.<\/p>\n\n\n\n<p>Todo esto ha provocado un cambio clim\u00e1tico de gran envergadura, que ha causado la desaparici\u00f3n de muchas especies, grandes ecosistemas marinos y terrestres y la muerte de millones de seres humanos.<\/p>\n\n\n\n<p>Puedes consultar nuestro art\u00edculo sobre el\u00a0<a href=\"https:\/\/www.diainternacionalde.com\/ficha\/dia-internacional-contra-cambio-climatico\" target=\"_blank\" rel=\"noreferrer noopener\">D\u00eda Internacional contra el Cambio Clim\u00e1tico<\/a><\/p>\n\n\n\n<h2 class=\"wp-block-heading\" id=\"resTit_6\">Cumbre sobre el clima en las Naciones Unidas<\/h2>\n\n\n\n<p>En diciembre de 2019 se produjo la cumbre para debatir sobre el estado del clima mundial celebrada en las&nbsp;<strong>Naciones Unidas<\/strong>. En ese encuentro se present\u00f3 un informe con cifras realmente alarmantes referentes al aumento de las temperaturas y los fuertes fen\u00f3menos meteorol\u00f3gicos ocurridos en los \u00faltimos a\u00f1os.<\/p>\n\n\n\n<p>En dicho inform\u00e9, se habl\u00f3 del impacto a largo plazo de todos estos cambios para la econom\u00eda, la sociedad, el ambiente y los seres humanos. El objetivo, fue buscar soluciones al problema con la ayuda y participaci\u00f3n de los pa\u00edses y con ello, se logre el desarrollo sostenible que tanto se desea para el bien de toda la humanidad.<\/p>\n\n\n\n<h2 class=\"wp-block-heading\" id=\"resTit_7\">\u00bfPor qu\u00e9 es importante celebrar el D\u00eda Meteorol\u00f3gico Mundial?<\/h2>\n\n\n\n<figure class=\"wp-block-image size-full\"><img loading=\"lazy\" decoding=\"async\" width=\"650\" height=\"488\" src=\"https:\/\/www.cent.uo.edu.cu\/cemzoc-uo\/files\/2023\/03\/03-23_dia-meteorologico-mundial_m.jpg\" alt=\"\" class=\"wp-image-4540\" srcset=\"https:\/\/www.cent.uo.edu.cu\/cemzoc-uo\/files\/2023\/03\/03-23_dia-meteorologico-mundial_m.jpg 650w, https:\/\/www.cent.uo.edu.cu\/cemzoc-uo\/files\/2023\/03\/03-23_dia-meteorologico-mundial_m-300x225.jpg 300w\" sizes=\"auto, (max-width: 650px) 100vw, 650px\" \/><figcaption class=\"wp-element-caption\">Fotograf\u00eda de un arco\u00edris<\/figcaption><\/figure>\n\n\n\n<p>El motivo principal para celebrar el&nbsp;<strong>D\u00eda Meteorol\u00f3gico Mundial<\/strong>&nbsp;es crear conciencia entre los hombres y los distintos gobiernos del mundo,&nbsp;<strong>del papel que tiene el cuidado y preservaci\u00f3n del clima y del medio ambiente<\/strong>, para la preservaci\u00f3n de la vida en la Tierra.<\/p>\n\n\n\n<p>Por otro lado, se busca hallar salida al cambio clim\u00e1tico ocurrido los \u00faltimos a\u00f1os, para de esta forma reducir los riesgos de un desastre a nivel global, que ponga en peligro a la especie humana.<\/p>\n\n\n\n<p>Sin embargo, hay&nbsp;<em>muchos pa\u00edses que, ante esta crisis, no han mostrado mayor preocupaci\u00f3n<\/em>, pero no se pierde la esperanza de que, trabajando mancomunadamente, estemos a tiempo de evitar un colapso global.<\/p>\n\n\n\n<h2 class=\"wp-block-heading\" id=\"resTit_8\">\u00bfC\u00f3mo celebrar el D\u00eda Meteorol\u00f3gico Mundial?<\/h2>\n\n\n\n<p>Todos, de manera individual o colectiva podemos aportar nuestro granito de arena para cuidar y preservar el ambiente y de esta manera evitar mayores da\u00f1os a nuestro planeta.<\/p>\n\n\n\n<p>As\u00ed, que comienza hoy mismo a cuidar los recursos naturales, bajar el consumo de energ\u00eda, preservar las especies y tener una mentalidad m\u00e1s ecol\u00f3gica, adem\u00e1s te invitamos a compartir tu opini\u00f3n sobre este interesante tema en las redes sociales con el hashtag <strong><em>#D\u00edaMeteorologicoMundial<\/em><\/strong>.<\/p>\n\n\n\n<p>Fuente: <em><a href=\"https:\/\/www.diainternacionalde.com\/ficha\/dia-meteorologico-mundial\" target=\"_blank\" rel=\"noreferrer noopener\">https:\/\/www.diainternacionalde.com\/ficha\/dia-meteorologico-mundial<\/a><\/em><\/p>\n","protected":false},"excerpt":{"rendered":"<p>El 23 de marzo se celebra el D\u00eda Meteorol\u00f3gico Mundial, y se estableci\u00f3 para conmemorar la puesta en marcha del Convenio para la creaci\u00f3n de la\u00a0Organizaci\u00f3n Meteorol\u00f3gica Mundial (OMM), cuyo objetivo es asegurar el bienestar, protecci\u00f3n y seguridad de toda&hellip; <\/p>\n","protected":false},"author":21,"featured_media":0,"comment_status":"closed","ping_status":"open","sticky":false,"template":"","format":"standard","meta":{"footnotes":""},"categories":[162,161],"tags":[],"class_list":["post-4536","post","type-post","status-publish","format-standard","hentry","category-cambio-climatico","category-medio-ambiente"],"_links":{"self":[{"href":"https:\/\/www.cent.uo.edu.cu\/cemzoc-uo\/wp-json\/wp\/v2\/posts\/4536","targetHints":{"allow":["GET"]}}],"collection":[{"href":"https:\/\/www.cent.uo.edu.cu\/cemzoc-uo\/wp-json\/wp\/v2\/posts"}],"about":[{"href":"https:\/\/www.cent.uo.edu.cu\/cemzoc-uo\/wp-json\/wp\/v2\/types\/post"}],"author":[{"embeddable":true,"href":"https:\/\/www.cent.uo.edu.cu\/cemzoc-uo\/wp-json\/wp\/v2\/users\/21"}],"replies":[{"embeddable":true,"href":"https:\/\/www.cent.uo.edu.cu\/cemzoc-uo\/wp-json\/wp\/v2\/comments?post=4536"}],"version-history":[{"count":1,"href":"https:\/\/www.cent.uo.edu.cu\/cemzoc-uo\/wp-json\/wp\/v2\/posts\/4536\/revisions"}],"predecessor-version":[{"id":4542,"href":"https:\/\/www.cent.uo.edu.cu\/cemzoc-uo\/wp-json\/wp\/v2\/posts\/4536\/revisions\/4542"}],"wp:attachment":[{"href":"https:\/\/www.cent.uo.edu.cu\/cemzoc-uo\/wp-json\/wp\/v2\/media?parent=4536"}],"wp:term":[{"taxonomy":"category","embeddable":true,"href":"https:\/\/www.cent.uo.edu.cu\/cemzoc-uo\/wp-json\/wp\/v2\/categories?post=4536"},{"taxonomy":"post_tag","embeddable":true,"href":"https:\/\/www.cent.uo.edu.cu\/cemzoc-uo\/wp-json\/wp\/v2\/tags?post=4536"}],"curies":[{"name":"wp","href":"https:\/\/api.w.org\/{rel}","templated":true}]}}