{"id":4550,"date":"2023-03-23T10:15:52","date_gmt":"2023-03-23T14:15:52","guid":{"rendered":"https:\/\/www.cent.uo.edu.cu\/cemzoc-uo\/?p=4550"},"modified":"2023-03-23T10:39:26","modified_gmt":"2023-03-23T14:39:26","slug":"defensas-maestria-en-manejo-integrado-de-zonas-costeras-vii-edicion","status":"publish","type":"post","link":"https:\/\/www.cent.uo.edu.cu\/cemzoc-uo\/2023\/03\/23\/defensas-maestria-en-manejo-integrado-de-zonas-costeras-vii-edicion\/","title":{"rendered":"Defensas Maestr\u00eda en Manejo Integrado de Zonas Costeras VII Edici\u00f3n."},"content":{"rendered":"\n<p>Este 22 de marzo de 2023, comenzaron las primeras defensas de maestr\u00eda correspondientes a la VII edici\u00f3n del programa, el cual fue evaluado de excelencia por la Junta de Acreditaci\u00f3n Nacional en el 2021.<\/p>\n\n\n\n<figure class=\"wp-block-image size-large is-resized\"><img loading=\"lazy\" decoding=\"async\" src=\"https:\/\/www.cent.uo.edu.cu\/cemzoc-uo\/files\/2023\/03\/IMG_0501-1024x683.jpg\" alt=\"\" class=\"wp-image-4552\" width=\"712\" height=\"475\" srcset=\"https:\/\/www.cent.uo.edu.cu\/cemzoc-uo\/files\/2023\/03\/IMG_0501-1024x683.jpg 1024w, https:\/\/www.cent.uo.edu.cu\/cemzoc-uo\/files\/2023\/03\/IMG_0501-300x200.jpg 300w, https:\/\/www.cent.uo.edu.cu\/cemzoc-uo\/files\/2023\/03\/IMG_0501-768x512.jpg 768w, https:\/\/www.cent.uo.edu.cu\/cemzoc-uo\/files\/2023\/03\/IMG_0501-1536x1024.jpg 1536w, https:\/\/www.cent.uo.edu.cu\/cemzoc-uo\/files\/2023\/03\/IMG_0501-2048x1365.jpg 2048w, https:\/\/www.cent.uo.edu.cu\/cemzoc-uo\/files\/2023\/03\/IMG_0501-306x205.jpg 306w\" sizes=\"auto, (max-width: 712px) 100vw, 712px\" \/><figcaption class=\"wp-element-caption\">Foto: CEMZOC<\/figcaption><\/figure>\n\n\n\n<p>Las tesis defendidas abarcaron las siguientes tem\u00e1ticas:<\/p>\n\n\n\n<p>Influencia de asentamientos poblacionales espont\u00e1neos en la deforestaci\u00f3n sobre la cuenca hidrogr\u00e1fica San Juan.(Ing. Alain Paneque Mart\u00ednez)<br>Propuesta de programa de manejo integrado para la conservaci\u00f3n de Cittarium pica en el sector costero Mar Verde &#8211; Juragu\u00e1 (Lic. Indira Hern\u00e1ndez Ferrer)<br> Zonificaci\u00f3n de playas para el manejo integrado de la unidad costera ambiental Chivirico. (Ing. Rosdiney Torreblanca Guilarte)<\/p>\n\n\n\n<p class=\"has-text-align-center\"><strong>Galer\u00eda de im\u00e1genes <\/strong><\/p>\n\n\n\n[ngg src=\u00bbgalleries\u00bb ids=\u00bb2&#8243; display=\u00bbbasic_thumbnail\u00bb thumbnail_crop=\u00bb0&#8243;]\n","protected":false},"excerpt":{"rendered":"<p>Este 22 de marzo de 2023, comenzaron las primeras defensas de maestr\u00eda correspondientes a la VII edici\u00f3n del programa, el cual fue evaluado de excelencia por la Junta de Acreditaci\u00f3n Nacional en el 2021. Las tesis defendidas abarcaron las siguientes&hellip; <\/p>\n","protected":false},"author":21,"featured_media":0,"comment_status":"closed","ping_status":"open","sticky":false,"template":"","format":"standard","meta":{"footnotes":""},"categories":[1],"tags":[],"class_list":["post-4550","post","type-post","status-publish","format-standard","hentry","category-sin-categoria"],"_links":{"self":[{"href":"https:\/\/www.cent.uo.edu.cu\/cemzoc-uo\/wp-json\/wp\/v2\/posts\/4550","targetHints":{"allow":["GET"]}}],"collection":[{"href":"https:\/\/www.cent.uo.edu.cu\/cemzoc-uo\/wp-json\/wp\/v2\/posts"}],"about":[{"href":"https:\/\/www.cent.uo.edu.cu\/cemzoc-uo\/wp-json\/wp\/v2\/types\/post"}],"author":[{"embeddable":true,"href":"https:\/\/www.cent.uo.edu.cu\/cemzoc-uo\/wp-json\/wp\/v2\/users\/21"}],"replies":[{"embeddable":true,"href":"https:\/\/www.cent.uo.edu.cu\/cemzoc-uo\/wp-json\/wp\/v2\/comments?post=4550"}],"version-history":[{"count":3,"href":"https:\/\/www.cent.uo.edu.cu\/cemzoc-uo\/wp-json\/wp\/v2\/posts\/4550\/revisions"}],"predecessor-version":[{"id":4618,"href":"https:\/\/www.cent.uo.edu.cu\/cemzoc-uo\/wp-json\/wp\/v2\/posts\/4550\/revisions\/4618"}],"wp:attachment":[{"href":"https:\/\/www.cent.uo.edu.cu\/cemzoc-uo\/wp-json\/wp\/v2\/media?parent=4550"}],"wp:term":[{"taxonomy":"category","embeddable":true,"href":"https:\/\/www.cent.uo.edu.cu\/cemzoc-uo\/wp-json\/wp\/v2\/categories?post=4550"},{"taxonomy":"post_tag","embeddable":true,"href":"https:\/\/www.cent.uo.edu.cu\/cemzoc-uo\/wp-json\/wp\/v2\/tags?post=4550"}],"curies":[{"name":"wp","href":"https:\/\/api.w.org\/{rel}","templated":true}]}}