{"id":5887,"date":"2025-08-29T20:58:37","date_gmt":"2025-08-30T00:58:37","guid":{"rendered":"https:\/\/www.cent.uo.edu.cu\/cemzoc-uo\/?p=5887"},"modified":"2025-08-29T20:58:38","modified_gmt":"2025-08-30T00:58:38","slug":"el-mundo-exige-que-se-tomen-medidas-contra-la-contaminacion-por-plasticos","status":"publish","type":"post","link":"https:\/\/www.cent.uo.edu.cu\/cemzoc-uo\/2025\/08\/29\/el-mundo-exige-que-se-tomen-medidas-contra-la-contaminacion-por-plasticos\/","title":{"rendered":"El mundo exige que se tomen medidas contra la contaminaci\u00f3n por pl\u00e1sticos"},"content":{"rendered":"\n<p>Las negociaciones para desarrollar un tratado global legalmente vinculante contra la contaminaci\u00f3n por pl\u00e1sticos arrancaron esta semana en Ginebra. A menos que se firme un acuerdo, se prev\u00e9 que la producci\u00f3n y los desechos de pl\u00e1stico se tripliquen para 2060, causando da\u00f1os significativos, incluso a nuestra salud, seg\u00fan la agencia del medioambiente.<\/p>\n\n\n\n<figure class=\"wp-block-image size-large\"><img loading=\"lazy\" decoding=\"async\" width=\"1024\" height=\"464\" src=\"https:\/\/www.cent.uo.edu.cu\/cemzoc-uo\/files\/2025\/08\/image1170x530cropped-1-1024x464.jpg\" alt=\"\" class=\"wp-image-5889\" srcset=\"https:\/\/www.cent.uo.edu.cu\/cemzoc-uo\/files\/2025\/08\/image1170x530cropped-1-1024x464.jpg 1024w, https:\/\/www.cent.uo.edu.cu\/cemzoc-uo\/files\/2025\/08\/image1170x530cropped-1-300x136.jpg 300w, https:\/\/www.cent.uo.edu.cu\/cemzoc-uo\/files\/2025\/08\/image1170x530cropped-1-768x348.jpg 768w, https:\/\/www.cent.uo.edu.cu\/cemzoc-uo\/files\/2025\/08\/image1170x530cropped-1.jpg 1170w\" sizes=\"auto, (max-width: 1024px) 100vw, 1024px\" \/><figcaption class=\"wp-element-caption\">\u00a9 PNUMA\/Justin Jin \/ Trabajadores retiran residuos pl\u00e1sticos de un barco pesquero frente a la costa este de China.<br><br><\/figcaption><\/figure>\n\n\n\n<p>El martes se iniciaron negociaciones en la sede de la ONU en Ginebra con delegados de casi 180 pa\u00edses para acordar un tratado legalmente vinculante que combata la contaminaci\u00f3n pl\u00e1stica. \u00abEl mundo quiere y, de hecho, necesita un tratado sobre el pl\u00e1stico porque la crisis se est\u00e1 saliendo de control, y la gente est\u00e1 francamente indignada\u00bb, dijo Inger Andersen,\u00a0<a target=\"_blank\" rel=\"noreferrer noopener\"><\/a>\u00a0directora ejecutiva del Programa de las Naciones Unidas para el Medio Ambiente (<a href=\"https:\/\/www.unep.org\/\" target=\"_blank\" rel=\"noreferrer noopener\">PNUMA<\/a>), la agencia que lidera las conversaciones.<\/p>\n\n\n\n<!--more-->\n\n\n\n<p>\u00abSabemos que el pl\u00e1stico&nbsp;<strong>est\u00e1 en nuestra naturaleza, en nuestros oc\u00e9anos, y s\u00ed, incluso en nuestros cuerpos&nbsp;<\/strong>(&#8230;) Lo que es seguro es que nadie quiere vivir con la contaminaci\u00f3n pl\u00e1stica\u00bb, subray\u00f3.<\/p>\n\n\n\n<h2 class=\"wp-block-heading\">Fuera de control<\/h2>\n\n\n\n<p>A menos que se firme un acuerdo internacional, se prev\u00e9 que la producci\u00f3n y los desechos de pl\u00e1stico se tripliquen para 2060, causando da\u00f1os significativos, incluso a nuestra salud, seg\u00fan el&nbsp;<a href=\"https:\/\/www.unenvironment.org\/es\" target=\"_blank\" rel=\"noreferrer noopener\">PNUMA<\/a>.<\/p>\n\n\n\n<p>La directora de la Oficina Federal para el Medio Ambiente de Suiza, Katrin Schneeberger, se hizo eco del llamado a un tratado legalmente vinculante, insistiendo en que los desechos pl\u00e1sticos \u00ab<strong>est\u00e1n asfixiando nuestros lagos, da\u00f1ando la vida silvestre y amenazando la salud humana<\/strong>. Esto es m\u00e1s que un problema ambiental, es un desaf\u00edo global que exige una acci\u00f3n urgente y colectiva\u00bb.<\/p>\n\n\n\n<p>En declaraciones a los periodistas al margen de las negociaciones del tratado, Schneeberger subray\u00f3 que los pa\u00edses productores \u00abno pidieron un l\u00edmite de producci\u00f3n\u00bb.<\/p>\n\n\n\n<h2 class=\"wp-block-heading\">\u00bfEsp\u00edritu de compromiso?<\/h2>\n\n\n\n<p>\u00abLlegar a un entendimiento compartido de que se necesitan&nbsp;<strong>medidas tanto en el lado de la producci\u00f3n como en el del consumo<\/strong>&nbsp;puede ayudar a desbloquear las negociaciones\u00bb, sostuvo Schneeberger.<\/p>\n\n\n\n<p>Los partidarios de un acuerdo lo han comparado con el\u00a0<a href=\"https:\/\/unfccc.int\/es\/acerca-de-las-ndc\/el-acuerdo-de-paris\" target=\"_blank\" rel=\"noreferrer noopener\">Acuerdo de Par\u00eds<\/a>\u00a0sobre\u00a0<a href=\"https:\/\/news.un.org\/es\/news\/topic\/climate-change\" target=\"_blank\" rel=\"noreferrer noopener\">cambio clim\u00e1tico<\/a>\u00a0en t\u00e9rminos de su importancia. Tambi\u00e9n han se\u00f1alado la presi\u00f3n que supuestamente se ejerce contra un acuerdo por parte de los petroestados, cuyo crudo y gas natural proporcionan los componentes b\u00e1sicos de los pl\u00e1sticos.<\/p>\n\n\n\n<p>\u00ab<strong>No saldremos de la crisis de la contaminaci\u00f3n pl\u00e1stica a trav\u00e9s del reciclaje: necesitamos una transformaci\u00f3n sist\u00e9mica para lograr la transici\u00f3n a una econom\u00eda circular<\/strong>\u00ab, ha insistido la directora ejecutiva del PNUMA, Inger Andersen, en comentarios anteriores sobre la necesidad de regulaciones globales sobre pl\u00e1sticos.<\/p>\n\n\n\n<h2 class=\"wp-block-heading\">Promover la circularidad<\/h2>\n\n\n\n<p>Con diez d\u00edas de conversaciones programadas sobre el tratado en la sede de la ONU en Ginebra, los partidarios de un acuerdo esperan que cubra el ciclo de vida completo de los pl\u00e1sticos, desde el dise\u00f1o hasta la producci\u00f3n y la eliminaci\u00f3n.<\/p>\n\n\n\n<p>El tratado debe \u00ab<strong>promover la circularidad del pl\u00e1stico y evitar su fuga en el medio ambiente<\/strong>\u00ab, seg\u00fan el texto que ahora gu\u00eda las negociaciones lideradas por el Comit\u00e9 Intergubernamental de Negociaci\u00f3n.<\/p>\n\n\n\n<p>Con 22 p\u00e1ginas, el documento contiene 32 borradores de art\u00edculos que se discutir\u00e1n l\u00ednea por l\u00ednea. El texto sirve como punto de partida para las negociaciones de los pa\u00edses reunidos.<\/p>\n\n\n\n<p>\u00abAlgunos [pa\u00edses] tendr\u00e1n que lidiar con la reducci\u00f3n, otros tendr\u00e1n que hacerlo con el reciclaje mec\u00e1nico y otros tendr\u00e1n que lidiar con alternativas\u00bb, dijo Andersen. \u00abVeamos c\u00f3mo podemos llegar a esto a trav\u00e9s de las negociaciones<strong>.&nbsp;<\/strong>Creo que hay mucha buena fe en el grupo de trabajo en este momento\u00bb.<\/p>\n\n\n\n<p>Las conversaciones dirigidas por el PNUMA siguen a la decisi\u00f3n de los Estados Miembros en 2022 de reunirse y desarrollar un instrumento internacional jur\u00eddicamente vinculante para poner fin a la crisis de la contaminaci\u00f3n por pl\u00e1sticos,&nbsp;<strong>incluso en el medio marino, en un plazo de dos a\u00f1os<\/strong>.<\/p>\n\n\n\n<p>La escala del problema es enorme, con pajitas, vasos y agitadores, bolsas de transporte y cosm\u00e9ticos que contienen micropl\u00e1sticos que terminan en nuestros oc\u00e9anos y vertederos.<\/p>\n\n\n\n<p>En comentarios a los periodistas, Andersen record\u00f3 haber recorrido Pakist\u00e1n despu\u00e9s de que las inundaciones mortales mataran a m\u00e1s de 1000 personas en 2022 y ver que los escombros y el pl\u00e1stico eran \u00abuna gran parte del problema y por eso estamos aqu\u00ed, para encontrar una soluci\u00f3n sin dejar a nadie atr\u00e1s y mientras nos aseguramos de que la rueda econ\u00f3mica siga girando\u00bb.<\/p>\n\n\n\n<h2 class=\"wp-block-heading\">Efecto incapacitante<\/h2>\n\n\n\n<p>Los activistas reunidos al margen de las negociaciones expresaron sus esperanzas de un tratado lo m\u00e1s ambicioso posible.<\/p>\n\n\n\n<p>Entre ellos se encontraba Shellan Saling, de California, quien es la presidenta interina de la Red de Acci\u00f3n Pl\u00e1stica Juvenil.&nbsp;\u00abEl pl\u00e1stico afecta todo, desde el cambio clim\u00e1tico hasta la salud, la fertilidad e incluso los defectos de nacimiento; afecta a las discapacidades f\u00edsicas, as\u00ed como a las discapacidades invisibles\u00bb, dijo a&nbsp;<em>Noticias ONU<\/em>&nbsp;el lunes.<\/p>\n\n\n\n<p>Cualquier tratado firmado en Ginebra tendr\u00e1 que ser lo suficientemente s\u00f3lido como para satisfacer las necesidades de todos los pa\u00edses del mundo cuyo enfoque difiere con respecto al dise\u00f1o, la producci\u00f3n, los desechos y el reciclaje de pl\u00e1sticos. Tambi\u00e9n tendr\u00e1 que resistir la prueba del tiempo, dijo Andersen.<\/p>\n\n\n\n<p>Fuente: \/\/ <a href=\"https:\/\/news.un.org\/es\/story\/2025\/08\/1540303\" target=\"_blank\" rel=\"noreferrer noopener\">https:\/\/news.un.org\/es\/story\/2025\/08\/1540303<\/a><\/p>\n\n\n\n<p><\/p>\n","protected":false},"excerpt":{"rendered":"<p>Las negociaciones para desarrollar un tratado global legalmente vinculante contra la contaminaci\u00f3n por pl\u00e1sticos arrancaron esta semana en Ginebra. A menos que se firme un acuerdo, se prev\u00e9 que la producci\u00f3n y los desechos de pl\u00e1stico se tripliquen para 2060,&hellip; <\/p>\n","protected":false},"author":21,"featured_media":0,"comment_status":"closed","ping_status":"open","sticky":false,"template":"","format":"standard","meta":{"footnotes":""},"categories":[1],"tags":[],"class_list":["post-5887","post","type-post","status-publish","format-standard","hentry","category-sin-categoria"],"_links":{"self":[{"href":"https:\/\/www.cent.uo.edu.cu\/cemzoc-uo\/wp-json\/wp\/v2\/posts\/5887","targetHints":{"allow":["GET"]}}],"collection":[{"href":"https:\/\/www.cent.uo.edu.cu\/cemzoc-uo\/wp-json\/wp\/v2\/posts"}],"about":[{"href":"https:\/\/www.cent.uo.edu.cu\/cemzoc-uo\/wp-json\/wp\/v2\/types\/post"}],"author":[{"embeddable":true,"href":"https:\/\/www.cent.uo.edu.cu\/cemzoc-uo\/wp-json\/wp\/v2\/users\/21"}],"replies":[{"embeddable":true,"href":"https:\/\/www.cent.uo.edu.cu\/cemzoc-uo\/wp-json\/wp\/v2\/comments?post=5887"}],"version-history":[{"count":1,"href":"https:\/\/www.cent.uo.edu.cu\/cemzoc-uo\/wp-json\/wp\/v2\/posts\/5887\/revisions"}],"predecessor-version":[{"id":5891,"href":"https:\/\/www.cent.uo.edu.cu\/cemzoc-uo\/wp-json\/wp\/v2\/posts\/5887\/revisions\/5891"}],"wp:attachment":[{"href":"https:\/\/www.cent.uo.edu.cu\/cemzoc-uo\/wp-json\/wp\/v2\/media?parent=5887"}],"wp:term":[{"taxonomy":"category","embeddable":true,"href":"https:\/\/www.cent.uo.edu.cu\/cemzoc-uo\/wp-json\/wp\/v2\/categories?post=5887"},{"taxonomy":"post_tag","embeddable":true,"href":"https:\/\/www.cent.uo.edu.cu\/cemzoc-uo\/wp-json\/wp\/v2\/tags?post=5887"}],"curies":[{"name":"wp","href":"https:\/\/api.w.org\/{rel}","templated":true}]}}