{"id":5950,"date":"2025-10-13T19:16:22","date_gmt":"2025-10-13T23:16:22","guid":{"rendered":"https:\/\/www.cent.uo.edu.cu\/cemzoc-uo\/?p=5950"},"modified":"2025-10-13T19:26:51","modified_gmt":"2025-10-13T23:26:51","slug":"fecundo-intercambio-de-experiencias-en-el-taller-del-proyecto-adaptahabana-en-santiago-de-cuba","status":"publish","type":"post","link":"https:\/\/www.cent.uo.edu.cu\/cemzoc-uo\/2025\/10\/13\/fecundo-intercambio-de-experiencias-en-el-taller-del-proyecto-adaptahabana-en-santiago-de-cuba\/","title":{"rendered":"Fecundo intercambio de experiencias en el taller del Proyecto Adaptahabana en Santiago de Cuba"},"content":{"rendered":"\n<p>Los d\u00edas 8 y 9 de octubre, la ciudad de Santiago de Cuba se convirti\u00f3 en el epicentro del conocimiento y la innovaci\u00f3n para la resiliencia clim\u00e1tica, al celebrarse el taller del\u00a0<strong>Proyecto Adaptahabana<\/strong>. Un espacio donde la ciencia, la pr\u00e1ctica y la colaboraci\u00f3n se dieron cita para trazar caminos hacia un futuro m\u00e1s sostenible.<\/p>\n\n\n<div class=\"wp-block-image\">\n<figure class=\"aligncenter size-full\"><img loading=\"lazy\" decoding=\"async\" width=\"526\" height=\"526\" src=\"https:\/\/www.cent.uo.edu.cu\/cemzoc-uo\/files\/2025\/10\/558936894_25939124005675022_4149537495364860826_n.jpg\" alt=\"\" class=\"wp-image-5951\" srcset=\"https:\/\/www.cent.uo.edu.cu\/cemzoc-uo\/files\/2025\/10\/558936894_25939124005675022_4149537495364860826_n.jpg 526w, https:\/\/www.cent.uo.edu.cu\/cemzoc-uo\/files\/2025\/10\/558936894_25939124005675022_4149537495364860826_n-300x300.jpg 300w, https:\/\/www.cent.uo.edu.cu\/cemzoc-uo\/files\/2025\/10\/558936894_25939124005675022_4149537495364860826_n-150x150.jpg 150w\" sizes=\"auto, (max-width: 526px) 100vw, 526px\" \/><figcaption class=\"wp-element-caption\"><strong>CEMZOC: Presentando los Resultados de la Ciencia Cubana<\/strong><\/figcaption><\/figure>\n<\/div>\n\n\n<p>El\u00a0<strong>Centro de Estudios Multidisciplinarios de Zonas Costeras (CEMZOC)<\/strong>\u00a0de la Universidad de Oriente tuvo una participaci\u00f3n destacada, exponiendo los s\u00f3lidos resultados cient\u00edficos asociados a la\u00a0<strong>Adaptaci\u00f3n al Cambio Clim\u00e1tico<\/strong>\u00a0en Cuba. Durante el taller, un equipo de investigadores del CEMZOC-FCO, compuesto por los\u00a0<strong>Doctores Alexis P\u00e9rez Figueredo, Yanet Cruz Portorreal, Ram\u00f3n Yordanis Alarc\u00f3n Borges y Yunior Ram\u00f3n Vel\u00e1zquez Labrada<\/strong>, present\u00f3 una ponencia integral que argument\u00f3 los hallazgos te\u00f3ricos, metodol\u00f3gicos y pr\u00e1cticos alcanzados.<\/p>\n\n\n\n<!--more-->\n\n\n\n<h4 class=\"wp-block-heading\"><strong>Una Visi\u00f3n Integrada: Ciencia, Innovaci\u00f3n y Posgrado<\/strong><\/h4>\n\n\n\n<p>Las presentaciones profundizaron en el modelo de\u00a0<strong>gesti\u00f3n integrada<\/strong>\u00a0que caracteriza al CEMZOC, donde la investigaci\u00f3n cient\u00edfica, la innovaci\u00f3n tecnol\u00f3gica y la formaci\u00f3n de posgrado se entrelazan para ofrecer soluciones efectivas y contextualizadas a los retos que impone el cambio clim\u00e1tico en nuestras costas. Este enfoque no solo enriquece el acervo cient\u00edfico nacional, sino que tambi\u00e9n fortalece las capacidades locales y contribuye a la toma de decisiones basada en evidencia, un pilar fundamental para la pol\u00edtica ambiental de Cuba.<\/p>\n\n\n\n<h4 class=\"wp-block-heading\"><strong>Un espacio para el aprendizaje y la colaboraci\u00f3n futura<\/strong><\/h4>\n\n\n\n<p>Desde el CEMZOC, expresamos nuestro m\u00e1s sincero agradecimiento al proyecto&nbsp;<strong>Adaptahabana<\/strong>&nbsp;por la invitaci\u00f3n y por brindarnos esta valiosa oportunidad de intercambio y aprendizaje. Enhorabuena por la exitosa organizaci\u00f3n de un evento que, sin duda, siembra las semillas para futuras colaboraciones y fortalece la red de actores comprometidos con la adaptaci\u00f3n clim\u00e1tica en Cuba.<\/p>\n","protected":false},"excerpt":{"rendered":"<p>Los d\u00edas 8 y 9 de octubre, la ciudad de Santiago de Cuba se convirti\u00f3 en el epicentro del conocimiento y la innovaci\u00f3n para la resiliencia clim\u00e1tica, al celebrarse el taller del\u00a0Proyecto Adaptahabana. Un espacio donde la ciencia, la pr\u00e1ctica&hellip; <\/p>\n","protected":false},"author":21,"featured_media":0,"comment_status":"closed","ping_status":"open","sticky":false,"template":"","format":"standard","meta":{"footnotes":""},"categories":[1],"tags":[],"class_list":["post-5950","post","type-post","status-publish","format-standard","hentry","category-sin-categoria"],"_links":{"self":[{"href":"https:\/\/www.cent.uo.edu.cu\/cemzoc-uo\/wp-json\/wp\/v2\/posts\/5950","targetHints":{"allow":["GET"]}}],"collection":[{"href":"https:\/\/www.cent.uo.edu.cu\/cemzoc-uo\/wp-json\/wp\/v2\/posts"}],"about":[{"href":"https:\/\/www.cent.uo.edu.cu\/cemzoc-uo\/wp-json\/wp\/v2\/types\/post"}],"author":[{"embeddable":true,"href":"https:\/\/www.cent.uo.edu.cu\/cemzoc-uo\/wp-json\/wp\/v2\/users\/21"}],"replies":[{"embeddable":true,"href":"https:\/\/www.cent.uo.edu.cu\/cemzoc-uo\/wp-json\/wp\/v2\/comments?post=5950"}],"version-history":[{"count":4,"href":"https:\/\/www.cent.uo.edu.cu\/cemzoc-uo\/wp-json\/wp\/v2\/posts\/5950\/revisions"}],"predecessor-version":[{"id":5957,"href":"https:\/\/www.cent.uo.edu.cu\/cemzoc-uo\/wp-json\/wp\/v2\/posts\/5950\/revisions\/5957"}],"wp:attachment":[{"href":"https:\/\/www.cent.uo.edu.cu\/cemzoc-uo\/wp-json\/wp\/v2\/media?parent=5950"}],"wp:term":[{"taxonomy":"category","embeddable":true,"href":"https:\/\/www.cent.uo.edu.cu\/cemzoc-uo\/wp-json\/wp\/v2\/categories?post=5950"},{"taxonomy":"post_tag","embeddable":true,"href":"https:\/\/www.cent.uo.edu.cu\/cemzoc-uo\/wp-json\/wp\/v2\/tags?post=5950"}],"curies":[{"name":"wp","href":"https:\/\/api.w.org\/{rel}","templated":true}]}}