{"id":5962,"date":"2025-10-17T22:15:54","date_gmt":"2025-10-18T02:15:54","guid":{"rendered":"https:\/\/www.cent.uo.edu.cu\/cemzoc-uo\/?p=5962"},"modified":"2025-10-17T22:36:02","modified_gmt":"2025-10-18T02:36:02","slug":"dia-mundial-de-proteccion-de-la-naturaleza","status":"publish","type":"post","link":"https:\/\/www.cent.uo.edu.cu\/cemzoc-uo\/2025\/10\/17\/dia-mundial-de-proteccion-de-la-naturaleza\/","title":{"rendered":"D\u00eda Mundial de Protecci\u00f3n de la Naturaleza"},"content":{"rendered":"\n<p><strong>El 18 de octubre se celebra en todo el mundo el D\u00eda Mundial de Protecci\u00f3n de la Naturaleza<\/strong>, con el objetivo de crear conciencia en la poblaci\u00f3n sobre la necesidad de cuidar el planeta.<\/p>\n\n\n<div class=\"wp-block-image\">\n<figure class=\"aligncenter size-full\"><img loading=\"lazy\" decoding=\"async\" width=\"700\" height=\"465\" src=\"http:\/\/www.cent.uo.edu.cu\/cemzoc-uo\/files\/2025\/04\/0-16-zona-costera-de-cuba.jpg\" alt=\"\" class=\"wp-image-5695\" srcset=\"https:\/\/www.cent.uo.edu.cu\/cemzoc-uo\/files\/2025\/04\/0-16-zona-costera-de-cuba.jpg 700w, https:\/\/www.cent.uo.edu.cu\/cemzoc-uo\/files\/2025\/04\/0-16-zona-costera-de-cuba-300x199.jpg 300w\" sizes=\"auto, (max-width: 700px) 100vw, 700px\" \/><\/figure>\n<\/div>\n\n\n<h2 class=\"wp-block-heading\" id=\"resTit_1\">\u00bfPor qu\u00e9 se celebra el D\u00eda de Protecci\u00f3n de la Naturaleza?<\/h2>\n\n\n\n<p>El&nbsp;<strong>D\u00eda Mundial de Protecci\u00f3n de la Naturaleza<\/strong>, se celebra desde el a\u00f1o 1972 fecha en la cual el ex presidente de Argentina el general&nbsp;<strong><em>Juan Domingo Per\u00f3n<\/em><\/strong>, pronunciar\u00e1 en un discurso en Madrid las siguientes palabras:<\/p>\n\n\n\n<p><em>\u00abHa llegado la hora en que todos los pueblos y gobiernos del mundo cobren conciencia de la marcha suicida que la humanidad ha emprendido a trav\u00e9s de la contaminaci\u00f3n del medio ambiente y la biosfera, la dilapidaci\u00f3n de los recursos naturales, el crecimiento sin freno de la poblaci\u00f3n y la sobreestimaci\u00f3n de la tecnolog\u00eda. Es necesario revertir de inmediato la direcci\u00f3n de esa marcha, a trav\u00e9s de una acci\u00f3n mancomunada internacional\u00bb.<\/em><\/p>\n\n\n\n<!--more-->\n\n\n\n<p>Estas palabras llegaron a manos de&nbsp;<strong><em>Kurt Waldheim<\/em><\/strong>, entonces secretario de la&nbsp;<em>ONU<\/em>, por medio de una carta que envi\u00f3 el mismo Per\u00f3n. Las palabras calaron tan profundamente en el secretario que se hizo eco de las mismas ante la&nbsp;<em>Asamblea General<\/em>&nbsp;de este organismo, logrando que la protecci\u00f3n del medio ambiente fuera uno de los objetivos principales de la Agenda 2030.<\/p>\n\n\n\n<p>No obstante, el D\u00eda Mundial de Protecci\u00f3n de la Naturaleza no es una fecha oficial proclamada por la ONU. S\u00ed que es oficial el&nbsp;<a href=\"https:\/\/www.diainternacionalde.com\/ficha\/dia-mundial-medio-ambiente\" target=\"_blank\" rel=\"noreferrer noopener\"><strong>D\u00eda Mundial del Medio Ambiente<\/strong><\/a>, que se celebra el 5 de junio.<\/p>\n\n\n\n<h2 class=\"wp-block-heading\" id=\"resTit_3\">C\u00f3mo ayudar a la naturaleza<\/h2>\n\n\n\n<p>Actualmente uno de los principales objetivos de las&nbsp;<em>Naciones Unidas<\/em>, es conseguir un mundo m\u00e1s sostenible, esto es lo que promueve en la&nbsp;<strong><em>Agenda 2030<\/em><\/strong>, lograr que los pa\u00edses obtengan su desarrollo sin afectar la naturaleza, m\u00e1s bien aprovechando los recursos renovables que esta posee.<\/p>\n\n\n\n<p>La mejor manera de ayudar con este prop\u00f3sito es cumpliendo los siguientes objetivos:<\/p>\n\n\n\n<ul class=\"wp-block-list\">\n<li>Utilizar fuentes energ\u00e9ticas renovables.<\/li>\n\n\n\n<li>Reciclar y reutilizar el pl\u00e1stico y todo aquel material de desecho con el cual se puedan crear nuevos productos.<\/li>\n\n\n\n<li>Hacerle mantenimiento regular al autom\u00f3vil o cambiarlo por uno que use biocombustibles o energ\u00eda el\u00e9ctrica solar.<\/li>\n\n\n\n<li>Construir urbanismos de techos verdes.<\/li>\n\n\n\n<li>Generar composta org\u00e1nica en nuestros hogares para reducir la basura en las ciudades.<\/li>\n\n\n\n<li>Llevar bolsas de compras ecol\u00f3gicas.<\/li>\n\n\n\n<li>Reducir nuestra huella de carbono.<\/li>\n<\/ul>\n\n\n\n<p>Estas son solo algunas sugerencias, pero existe muchas otras acciones que puedes realizar para mantener limpio y sano nuestro planeta.<\/p>\n\n\n\n<p>Fuente: <a href=\"https:\/\/www.diainternacionalde.com\/ficha\/dia-mundial-proteccion-naturaleza\" target=\"_blank\" rel=\"noreferrer noopener\"><em>https:\/\/www.diainternacionalde.com\/ficha\/dia-mundial-proteccion-naturaleza<\/em><\/a><\/p>\n\n\n\n<p><\/p>\n","protected":false},"excerpt":{"rendered":"<p>El 18 de octubre se celebra en todo el mundo el D\u00eda Mundial de Protecci\u00f3n de la Naturaleza, con el objetivo de crear conciencia en la poblaci\u00f3n sobre la necesidad de cuidar el planeta. \u00bfPor qu\u00e9 se celebra el D\u00eda&hellip; <\/p>\n","protected":false},"author":21,"featured_media":0,"comment_status":"closed","ping_status":"open","sticky":false,"template":"","format":"standard","meta":{"footnotes":""},"categories":[1],"tags":[],"class_list":["post-5962","post","type-post","status-publish","format-standard","hentry","category-sin-categoria"],"_links":{"self":[{"href":"https:\/\/www.cent.uo.edu.cu\/cemzoc-uo\/wp-json\/wp\/v2\/posts\/5962","targetHints":{"allow":["GET"]}}],"collection":[{"href":"https:\/\/www.cent.uo.edu.cu\/cemzoc-uo\/wp-json\/wp\/v2\/posts"}],"about":[{"href":"https:\/\/www.cent.uo.edu.cu\/cemzoc-uo\/wp-json\/wp\/v2\/types\/post"}],"author":[{"embeddable":true,"href":"https:\/\/www.cent.uo.edu.cu\/cemzoc-uo\/wp-json\/wp\/v2\/users\/21"}],"replies":[{"embeddable":true,"href":"https:\/\/www.cent.uo.edu.cu\/cemzoc-uo\/wp-json\/wp\/v2\/comments?post=5962"}],"version-history":[{"count":2,"href":"https:\/\/www.cent.uo.edu.cu\/cemzoc-uo\/wp-json\/wp\/v2\/posts\/5962\/revisions"}],"predecessor-version":[{"id":5965,"href":"https:\/\/www.cent.uo.edu.cu\/cemzoc-uo\/wp-json\/wp\/v2\/posts\/5962\/revisions\/5965"}],"wp:attachment":[{"href":"https:\/\/www.cent.uo.edu.cu\/cemzoc-uo\/wp-json\/wp\/v2\/media?parent=5962"}],"wp:term":[{"taxonomy":"category","embeddable":true,"href":"https:\/\/www.cent.uo.edu.cu\/cemzoc-uo\/wp-json\/wp\/v2\/categories?post=5962"},{"taxonomy":"post_tag","embeddable":true,"href":"https:\/\/www.cent.uo.edu.cu\/cemzoc-uo\/wp-json\/wp\/v2\/tags?post=5962"}],"curies":[{"name":"wp","href":"https:\/\/api.w.org\/{rel}","templated":true}]}}