{"id":5968,"date":"2025-11-13T19:20:55","date_gmt":"2025-11-13T23:20:55","guid":{"rendered":"https:\/\/www.cent.uo.edu.cu\/cemzoc-uo\/?p=5968"},"modified":"2025-11-13T19:20:55","modified_gmt":"2025-11-13T23:20:55","slug":"cop30-es-momento-de-imponer-una-nueva-derrota-a-los-negacionistas-climaticos","status":"publish","type":"post","link":"https:\/\/www.cent.uo.edu.cu\/cemzoc-uo\/2025\/11\/13\/cop30-es-momento-de-imponer-una-nueva-derrota-a-los-negacionistas-climaticos\/","title":{"rendered":"COP30: Es momento de imponer una nueva derrota a los negacionistas clim\u00e1ticos"},"content":{"rendered":"\n<p>El presidente de Brasil inaugura la conferencia denunciando a los que \u201crechazan no solo las evidencias de la ciencia, sino tambi\u00e9n los progresos del multilateralismo\u201d y pide acelerar la acci\u00f3n clim\u00e1tica. El n\u00famero de pa\u00edses que ha presentado sus planes nacionales para adoptar medidas contra el calentamiento global asciende ya a 113.<\/p>\n\n\n\n<figure class=\"wp-block-image size-large\"><img loading=\"lazy\" decoding=\"async\" width=\"1024\" height=\"464\" src=\"https:\/\/www.cent.uo.edu.cu\/cemzoc-uo\/files\/2025\/11\/image-1024x464.png\" alt=\"\" class=\"wp-image-5969\" srcset=\"https:\/\/www.cent.uo.edu.cu\/cemzoc-uo\/files\/2025\/11\/image-1024x464.png 1024w, https:\/\/www.cent.uo.edu.cu\/cemzoc-uo\/files\/2025\/11\/image-300x136.png 300w, https:\/\/www.cent.uo.edu.cu\/cemzoc-uo\/files\/2025\/11\/image-768x348.png 768w, https:\/\/www.cent.uo.edu.cu\/cemzoc-uo\/files\/2025\/11\/image.png 1170w\" sizes=\"auto, (max-width: 1024px) 100vw, 1024px\" \/><figcaption class=\"wp-element-caption\">\u00a9 UNFCCC\/Kiara Worth \/ La COP30 comienza en Bel\u00e9m, en la Amazonia brasile\u00f1a.<\/figcaption><\/figure>\n\n\n\n<p>La apertura de la 30\u00aa Conferencia de las Naciones Unidas sobre el Cambio Clim\u00e1tico, (<a href=\"https:\/\/news.un.org\/es\/events\/cop30\" target=\"_blank\" rel=\"noreferrer noopener\">COP30<\/a>) en Bel\u00e9m, Brasil, estuvo marcada por un clima de optimismo, con la presentaci\u00f3n de nuevos planes nacionales en los \u00faltimos d\u00edas, elevando a 113 el n\u00famero de pa\u00edses comprometidos con acciones para reducir el calentamiento global. Juntas, esas naciones\u00a0<strong>concentran el 69% de las emisiones de gases nocivos en la atm\u00f3sfera<\/strong>. En un an\u00e1lisis preliminar, la Comisi\u00f3n de las Naciones Unidas para el Cambio Clim\u00e1tico (<a href=\"https:\/\/unfccc.int\/es\" target=\"_blank\" rel=\"noreferrer noopener\">UNFCC<\/a>C) declar\u00f3 que, con esta actualizaci\u00f3n,\u00a0<strong>las emisiones de gases que causan el efecto invernadero deben caer un 12% hasta 2035<\/strong>.<\/p>\n\n\n\n<!--more-->\n\n\n\n<h2 class=\"wp-block-heading\">Siembran odio y atacan a la ciencia<\/h2>\n\n\n\n<p>En octubre, apenas 64 pa\u00edses hab\u00edan entregado los planes, conocidos como Contribuciones Determinadas a Nivel Nacional, y la proyecci\u00f3n de reducci\u00f3n era del 10%.<\/p>\n\n\n\n<p>El presidente de Brasil, Luiz In\u00e1cio Lula da Silva, destac\u00f3 en su discurso que \u201cel\u00a0<a href=\"https:\/\/news.un.org\/es\/news\/topic\/climate-change\" target=\"_blank\" rel=\"noreferrer noopener\">cambio clim\u00e1tico<\/a>\u00a0no es una amenaza para el futuro, sino una tragedia del presente\u201d, citando como ejemplos recientes el hurac\u00e1n Melissa en el Caribe y el tornado que golpe\u00f3 al estado brasile\u00f1o de Paran\u00e1 la semana pasada. Lula enfatiz\u00f3 su preocupaci\u00f3n ante\u00a0<strong>una acci\u00f3n clim\u00e1tica lenta y la propagaci\u00f3n de desinformaci\u00f3n.<\/strong><\/p>\n\n\n\n<p>\u201cLa COP30 ser\u00e1 la COP de la verdad. En la era de la desinformaci\u00f3n, los negacionistas rechazan no solo las evidencias de la ciencia, sino tambi\u00e9n los progresos del multilateralismo.&nbsp;<strong>Ellos controlan algoritmos, siembran odio, esparcen miedo, atacan las instituciones, la ciencia y las universidades<\/strong>. Es momento de imponer una nueva derrota a los negacionistas\u201d, declar\u00f3.<\/p>\n\n\n\n<p>Para el presidente brasile\u00f1o, sin el&nbsp;<a href=\"https:\/\/unfccc.int\/es\/acerca-de-las-ndc\/el-acuerdo-de-paris\" target=\"_blank\" rel=\"noreferrer noopener\">Acuerdo de Par\u00eds<\/a>&nbsp;el mundo estar\u00eda condenado a un calentamiento catastr\u00f3fico de casi 5 \u00b0C hasta el fin del siglo.<\/p>\n\n\n\n<p>\u201c<strong>Estamos caminando en la direcci\u00f3n correcta, pero a la velocidad equivocada<\/strong>. Al ritmo actual a\u00fan avanzamos hacia un aumento superior a 1,5 \u00b0C en la temperatura global. Romper esa barrera es un riesgo que no podemos correr\u201d, subray\u00f3.<\/p>\n\n\n\n<h2 class=\"wp-block-heading\">Las emisiones est\u00e1n dobl\u00e1ndose hacia abajo<\/h2>\n\n\n\n<p>Por su parte, el secretario ejecutivo de ONU Cambio Clim\u00e1tico, Simon Stiell, afirm\u00f3 que las negociaciones y acuerdos hechos durante las COP est\u00e1n haciendo que la curva de emisiones de gases de efecto invernadero \u201cse incline hacia abajo\u201d.<\/p>\n\n\n\n<p>Reconoci\u00f3 que a\u00fan existe mucho trabajo por hacer, pero record\u00f3 que la ciudad de Bel\u00e9m puede servir como fuente de inspiraci\u00f3n por albergar \u201cla desembocadura del poderoso r\u00edo Amazonas\u201d.<\/p>\n\n\n\n<p>Stiell destac\u00f3 que el r\u00edo \u201cno es una entidad \u00fanica, sino un vasto sistema fluvial sostenido y alimentado por m\u00e1s de mil afluentes\u201d. Seg\u00fan \u00e9l, la implementaci\u00f3n de todo lo que se decide en las COP tambi\u00e9n debe ser \u201c<strong>impulsada por diversas vertientes de cooperaci\u00f3n internacional<\/strong>\u201d.<\/p>\n\n\n\n<iframe src='https:\/\/cdnapisec.kaltura.com\/\/p\/2503451\/embedPlaykitJs\/uiconf_id\/47917953?iframeembed=true&#038;entry_id=1_06mvid2c' style=\"width: 528px; height: 297px\" allowfullscreen webkitallowfullscreen mozAllowFullScreen allow=\"autoplay *; fullscreen *; encrypted-media *\" frameborder=\"0\"><\/iframe>\n\n\n\n<h2 class=\"wp-block-heading\">Ning\u00fan pa\u00eds puede resolver el problema solo<\/h2>\n\n\n\n<p>El responsable de la agencia para el cambio clim\u00e1tico enfatiz\u00f3 que ning\u00fan plan nacional es capaz de resolver el problema solo y que \u201cning\u00fan pa\u00eds del mundo puede soportar el costo de desastres clim\u00e1ticos que reducen el Producto Interno Bruto\u201d.<\/p>\n\n\n\n<p>Para \u00e9l, es \u201cimperdonable\u201d que eventos extremos contin\u00faen diezmando millones de vidas en un momento en que ya existen soluciones.<\/p>\n\n\n\n<p>Stiell tambi\u00e9n resalt\u00f3 que \u201cno tiene sentido econ\u00f3mico ni pol\u00edtico\u201d cruzarse de brazos \u201cmientras sequ\u00edas catastr\u00f3ficas destruyen las cosechas nacionales, haciendo que los precios de los alimentos se disparen\u201d.<\/p>\n\n\n\n<p>Como temas destacados para las negociaciones que comienzan este lunes, mencion\u00f3 la&nbsp;<strong>transici\u00f3n justa y ordenada lejos de los combustibles f\u00f3siles<\/strong>, y los acuerdos para triplicar la capacidad de energ\u00edas renovables y duplicar la eficiencia energ\u00e9tica.<\/p>\n\n\n\n<h2 class=\"wp-block-heading\">Ciencia y acci\u00f3n<\/h2>\n\n\n\n<p>Adem\u00e1s, subray\u00f3 que es necesario avanzar en la&nbsp;<strong>movilizaci\u00f3n de 1,3 billones de d\u00f3lares anuales para la acci\u00f3n clim\u00e1tica&nbsp;<\/strong>en los pa\u00edses en desarrollo, aprobar indicadores para acelerar la meta global de adaptaci\u00f3n y avanzar con el Programa de Acci\u00f3n para la Transici\u00f3n Justa y el Programa de Implementaci\u00f3n de Tecnolog\u00eda.<\/p>\n\n\n\n<p>El presidente de la COP30, Andr\u00e9 Corr\u00eaa do Lago, asumi\u00f3 la conducci\u00f3n de los trabajos y declar\u00f3 abierta la sesi\u00f3n al sonido de una presentaci\u00f3n musical de un pueblo ind\u00edgena y reconoci\u00f3 su papel como guardianes de la Amazon\u00eda.<\/p>\n\n\n\n<p>Pidi\u00f3 que esta sea la COP de la&nbsp;<strong>implementaci\u00f3n, de la adaptaci\u00f3n, de la integraci\u00f3n del clima en la econom\u00eda<\/strong>&nbsp;y, m\u00e1s que nada, una conferencia que escuche y crea en la ciencia, resaltando que esta ser\u00e1 \u201cla COP de la verdad\u201d.<\/p>\n\n\n\n<p>Fuente: <a href=\"https:\/\/news.un.org\/es\/story\/2025\/11\/1540718\" target=\"_blank\" rel=\"noreferrer noopener\"><em><strong>https:\/\/news.un.org\/es\/story\/2025\/11\/1540718<\/strong><\/em><\/a><\/p>\n\n\n\n<p><\/p>\n","protected":false},"excerpt":{"rendered":"<p>El presidente de Brasil inaugura la conferencia denunciando a los que \u201crechazan no solo las evidencias de la ciencia, sino tambi\u00e9n los progresos del multilateralismo\u201d y pide acelerar la acci\u00f3n clim\u00e1tica. El n\u00famero de pa\u00edses que ha presentado sus planes&hellip; <\/p>\n","protected":false},"author":21,"featured_media":0,"comment_status":"closed","ping_status":"open","sticky":false,"template":"","format":"standard","meta":{"footnotes":""},"categories":[1],"tags":[],"class_list":["post-5968","post","type-post","status-publish","format-standard","hentry","category-sin-categoria"],"_links":{"self":[{"href":"https:\/\/www.cent.uo.edu.cu\/cemzoc-uo\/wp-json\/wp\/v2\/posts\/5968","targetHints":{"allow":["GET"]}}],"collection":[{"href":"https:\/\/www.cent.uo.edu.cu\/cemzoc-uo\/wp-json\/wp\/v2\/posts"}],"about":[{"href":"https:\/\/www.cent.uo.edu.cu\/cemzoc-uo\/wp-json\/wp\/v2\/types\/post"}],"author":[{"embeddable":true,"href":"https:\/\/www.cent.uo.edu.cu\/cemzoc-uo\/wp-json\/wp\/v2\/users\/21"}],"replies":[{"embeddable":true,"href":"https:\/\/www.cent.uo.edu.cu\/cemzoc-uo\/wp-json\/wp\/v2\/comments?post=5968"}],"version-history":[{"count":1,"href":"https:\/\/www.cent.uo.edu.cu\/cemzoc-uo\/wp-json\/wp\/v2\/posts\/5968\/revisions"}],"predecessor-version":[{"id":5970,"href":"https:\/\/www.cent.uo.edu.cu\/cemzoc-uo\/wp-json\/wp\/v2\/posts\/5968\/revisions\/5970"}],"wp:attachment":[{"href":"https:\/\/www.cent.uo.edu.cu\/cemzoc-uo\/wp-json\/wp\/v2\/media?parent=5968"}],"wp:term":[{"taxonomy":"category","embeddable":true,"href":"https:\/\/www.cent.uo.edu.cu\/cemzoc-uo\/wp-json\/wp\/v2\/categories?post=5968"},{"taxonomy":"post_tag","embeddable":true,"href":"https:\/\/www.cent.uo.edu.cu\/cemzoc-uo\/wp-json\/wp\/v2\/tags?post=5968"}],"curies":[{"name":"wp","href":"https:\/\/api.w.org\/{rel}","templated":true}]}}