{"id":5971,"date":"2025-11-13T19:25:51","date_gmt":"2025-11-13T23:25:51","guid":{"rendered":"https:\/\/www.cent.uo.edu.cu\/cemzoc-uo\/?p=5971"},"modified":"2025-11-13T19:25:52","modified_gmt":"2025-11-13T23:25:52","slug":"la-cop30-exige-mas-accion-menos-negociacion-y-mayor-financiamiento","status":"publish","type":"post","link":"https:\/\/www.cent.uo.edu.cu\/cemzoc-uo\/2025\/11\/13\/la-cop30-exige-mas-accion-menos-negociacion-y-mayor-financiamiento\/","title":{"rendered":"La COP30 exige m\u00e1s acci\u00f3n, menos negociaci\u00f3n y mayor financiamiento"},"content":{"rendered":"\n<p>Miles de diplom\u00e1ticos y expertos en clima se dirigen a Bel\u00e9m, en la Amazon\u00eda brasile\u00f1a, para la COP30, la \u00faltima ronda de negociaciones clim\u00e1ticas de la ONU. Su tarea es clara: convertir las promesas en acciones y acordar planes m\u00e1s ambiciosos para reducir las emisiones de gases de efecto invernadero.<\/p>\n\n\n\n<figure class=\"wp-block-image size-large\"><img loading=\"lazy\" decoding=\"async\" width=\"1024\" height=\"464\" src=\"https:\/\/www.cent.uo.edu.cu\/cemzoc-uo\/files\/2025\/11\/image-1-1024x464.png\" alt=\"\" class=\"wp-image-5974\" srcset=\"https:\/\/www.cent.uo.edu.cu\/cemzoc-uo\/files\/2025\/11\/image-1-1024x464.png 1024w, https:\/\/www.cent.uo.edu.cu\/cemzoc-uo\/files\/2025\/11\/image-1-300x136.png 300w, https:\/\/www.cent.uo.edu.cu\/cemzoc-uo\/files\/2025\/11\/image-1-768x348.png 768w, https:\/\/www.cent.uo.edu.cu\/cemzoc-uo\/files\/2025\/11\/image-1.png 1170w\" sizes=\"auto, (max-width: 1024px) 100vw, 1024px\" \/><figcaption class=\"wp-element-caption\">\u00a9 UNFCCC\/Diego Herculano \/ La Cumbre sobre el Clima de Bel\u00e9m inicia el 10 de noviembre de 2025.<\/figcaption><\/figure>\n\n\n\n<p>Tras d\u00e9cadas de promesas y cumbres anuales desde Kioto hasta Sharm el-Sheikh y el planeta sigue calent\u00e1ndose. La presi\u00f3n sobre los gobiernos y las grandes empresas para que act\u00faen, y no solo hablen, nunca ha sido mayor. Celebrar la\u00a0<a href=\"https:\/\/news.un.org\/es\/events\/cop30\" target=\"_blank\" rel=\"noreferrer noopener\">COP30<\/a>\u00a0en Bel\u00e9m, al borde de la Amazon\u00eda, la selva tropical m\u00e1s grande del mundo, subraya la gravedad de la situaci\u00f3n: esta regi\u00f3n es tanto un sumidero de carbono vital como una primera l\u00ednea de defensa en la lucha contra la deforestaci\u00f3n y el\u00a0<a href=\"https:\/\/news.un.org\/es\/news\/topic\/climate-change\" target=\"_blank\" rel=\"noreferrer noopener\">cambio clim\u00e1tico<\/a>.<\/p>\n\n\n\n<p>La reuni\u00f3n de este a\u00f1o busca un cambio de rumbo. Los delegados revisar\u00e1n los planes clim\u00e1ticos nacionales, impulsar\u00e1n la obtenci\u00f3n de 1,3 billones de d\u00f3lares anuales en financiaci\u00f3n clim\u00e1tica, adoptar\u00e1n nuevas medidas para ayudar a los pa\u00edses a adaptarse y promover\u00e1n una transici\u00f3n justa hacia econom\u00edas m\u00e1s limpias.<\/p>\n\n\n\n<!--more-->\n\n\n\n<h2 class=\"wp-block-heading\">\u201cEs hora de actuar\u201d<\/h2>\n\n\n\n<p>La COP30 se ha considerado un punto de inflexi\u00f3n: un momento decisivo y una prueba de solidaridad global. La cumbre se inaugura el lunes en Bel\u00e9m con un panorama desalentador: los cient\u00edficos afirman que el planeta se dirige a superar temporalmente el l\u00edmite de calentamiento de 1,5\u00b0C establecido por el&nbsp;<a href=\"https:\/\/unfccc.int\/es\/acerca-de-las-ndc\/el-acuerdo-de-paris\" target=\"_blank\" rel=\"noreferrer noopener\">Acuerdo de Par\u00eds<\/a>.<\/p>\n\n\n\n<p>Este rebase de la marca podr\u00eda ser transitorio, advierten los expertos, pero solo si los pa\u00edses act\u00faan con rapidez para intensificar sus esfuerzos en la reducci\u00f3n de emisiones, la adaptaci\u00f3n a los impactos clim\u00e1ticos y la movilizaci\u00f3n de financiaci\u00f3n.<\/p>\n\n\n\n<p>En su intervenci\u00f3n en la Cumbre de L\u00edderes, el\u00a0<a href=\"https:\/\/www.un.org\/sg\/es\" target=\"_blank\" rel=\"noreferrer noopener\">Secretario General<\/a>\u00a0de la ONU, Ant\u00f3nio Guterres, fue tajante: \u201cYa no es momento de negociar. Es momento de actuar, actuar y actuar\u201d.<\/p>\n\n\n\n<p>Bajo la presidencia de Brasil, la COP30 girar\u00e1 en torno a una agenda de acci\u00f3n con 30 objetivos clave, cada uno impulsado por un grupo de activaci\u00f3n encargado de ampliar la implementaci\u00f3n de soluciones.<\/p>\n\n\n\n<p>Esta iniciativa se ha denominado&nbsp;<em>mutir\u00e3o<\/em>&nbsp;-vocablo ind\u00edgena que significa \u201ctarea colectiva\u201d-, reflejando el impulso de Brasil por destacar el liderazgo y la participaci\u00f3n ind\u00edgena en la conferencia y en la lucha global contra el cambio clim\u00e1tico.<\/p>\n\n\n\n<p>El gobierno afirma que busca que todos los sectores, desde las comunidades ind\u00edgenas hasta los l\u00edderes empresariales, contribuyan al cumplimiento de los compromisos clim\u00e1ticos adquiridos.<\/p>\n\n\n\n<figure class=\"wp-block-image\"><img decoding=\"async\" src=\"https:\/\/global.unitednations.entermediadb.net\/assets\/mediadb\/services\/module\/asset\/downloads\/preset\/Libraries\/Production%20Library\/07-11-2025_UNFCCC_Opener.jpg\/image1024x768.jpg\" alt=\"Los delegados se re\u00fanen para la Cumbre del Clima que se celebra en Bel\u00e9m, Brasil.\" title=\"Los delegados se re\u00fanen para la Cumbre del Clima que se celebra en Bel\u00e9m, Brasil.\"\/><\/figure>\n\n\n\n<p>\u00a9 UNFCCC\/Diego Herculano<\/p>\n\n\n\n<p>Los delegados se re\u00fanen para la Cumbre del Clima que se celebra en Bel\u00e9m, Brasil.<\/p>\n\n\n\n<h2 class=\"wp-block-heading\">Movilizaci\u00f3n de recursos financieros<\/h2>\n\n\n\n<p>Las agendas de acci\u00f3n en las COP se basan en compromisos voluntarios, no en leyes vinculantes. Sin embargo, la magnitud del cambio necesario es enorme: al menos 1,3 billones de d\u00f3lares en inversiones clim\u00e1ticas anuales para 2035.<\/p>\n\n\n\n<p>Sin una acci\u00f3n urgente, los cient\u00edficos advierten que las temperaturas globales podr\u00edan aumentar entre 2,3\u00b0C y 2,8\u00b0C para finales de siglo, dejando vastas regiones inhabitables debido a inundaciones, calor extremo y el colapso de los ecosistemas.<\/p>\n\n\n\n<p>El eje central de las conversaciones en Bel\u00e9m ser\u00e1 el Informe de la Hoja de Ruta Bak\u00fa-Bel\u00e9m para la Inversi\u00f3n de 1,3 billones de d\u00f3lares, elaborado por las presidencias de la&nbsp;<a href=\"https:\/\/news.un.org\/es\/events\/cop29\">COP29<\/a>&nbsp;y la COP30. Este informe establece cinco prioridades para la movilizaci\u00f3n de recursos, entre las que se incluyen el fortalecimiento de seis fondos multilaterales para el clima, la mejora de la cooperaci\u00f3n en materia de impuestos a las actividades contaminantes y la conversi\u00f3n de la deuda soberana en inversi\u00f3n clim\u00e1tica, una medida que podr\u00eda desbloquear hasta 100.000 millones de d\u00f3lares para los pa\u00edses en desarrollo.<\/p>\n\n\n\n<p>El informe tambi\u00e9n aboga por la eliminaci\u00f3n de barreras como las cl\u00e1usulas de los tratados de inversi\u00f3n que permiten a las empresas demandar a los gobiernos por sus pol\u00edticas clim\u00e1ticas. Estas disputas ya han costado a los gobiernos 83.000 millones de d\u00f3lares en 349 casos.<\/p>\n\n\n\n<h2 class=\"wp-block-heading\">\u00bfQu\u00e9 otros temas figuran en la agenda de la COP30?<\/h2>\n\n\n\n<p>Otro punto clave en Bel\u00e9m es la \u00faltima ronda de Contribuciones Determinadas a Nivel Nacional (CDN), planes clim\u00e1ticos nacionales que detallan c\u00f3mo los pa\u00edses pretenden reducir las emisiones. Para mantener el calentamiento global por debajo de 1,5\u00b0C, las emisiones globales deben reducirse en un 60% para 2030. Las CDN actuales solo contemplan una reducci\u00f3n del 10%.<\/p>\n\n\n\n<p>De las 196 Partes del Acuerdo de Par\u00eds, solo 64 hab\u00edan presentado sus Contribuciones Determinadas a Nivel Nacional actualizadas para finales de septiembre. En las conversaciones preparatorias celebradas en Alemania en junio, muchos pa\u00edses advirtieron que esta brecha de ambici\u00f3n debe cerrarse en la COP30.<\/p>\n\n\n\n<p>Se espera que los delegados aprueben 100 indicadores globales para monitorear el progreso en la adaptaci\u00f3n al cambio clim\u00e1tico, lo que permitir\u00e1 medir y comparar los resultados entre las naciones.<\/p>\n\n\n\n<p>Actualmente, 172 pa\u00edses cuentan con al menos una pol\u00edtica o plan de adaptaci\u00f3n, aunque 36 est\u00e1n desactualizados. Los nuevos indicadores deber\u00edan contribuir a la formulaci\u00f3n de pol\u00edticas m\u00e1s transparentes y eficaces.<\/p>\n\n\n\n<p>Con el planeta calent\u00e1ndose a un ritmo sin precedentes, la adaptaci\u00f3n se ha convertido en un pilar fundamental de la acci\u00f3n clim\u00e1tica. Sin embargo, el Programa de la ONU para el Medio Ambiente (<a href=\"https:\/\/www.unenvironment.org\/es\" target=\"_blank\" rel=\"noreferrer noopener\">PNUMA<\/a>) advierte que el financiamiento para la adaptaci\u00f3n debe multiplicarse por doce para 2035 a fin de satisfacer las necesidades de los pa\u00edses en desarrollo.<\/p>\n\n\n\n<p>La COP30 tambi\u00e9n impulsar\u00e1 el Programa de Trabajo para una Transici\u00f3n Justa, cuyo objetivo es garantizar que las medidas clim\u00e1ticas no profundicen la desigualdad. Organizaciones de la sociedad civil solicitan un \u201cMecanismo de Acci\u00f3n de Bel\u00e9m\u201d para coordinar los esfuerzos de transici\u00f3n justa y ampliar el acceso a la tecnolog\u00eda y el financiamiento para los pa\u00edses m\u00e1s vulnerables.<\/p>\n\n\n\n<h2 class=\"wp-block-heading\">\u00bfPor qu\u00e9 son importantes las COP?<\/h2>\n\n\n\n<p>La Conferencia de las Partes de la Convenci\u00f3n Marco de las Naciones Unidas sobre el Cambio Clim\u00e1tico, conocida como COP, sigue siendo el principal foro mundial para abordar la crisis clim\u00e1tica. Las decisiones se toman por consenso, lo que impulsa la cooperaci\u00f3n en materia de mitigaci\u00f3n, adaptaci\u00f3n y financiamiento.<\/p>\n\n\n\n<p>A lo largo de los a\u00f1os, las COP han logrado acuerdos hist\u00f3ricos. En 2015, el Acuerdo de Par\u00eds estableci\u00f3 el objetivo de mantener el aumento de la temperatura global \u201cmuy por debajo de 2\u00b0C\u201d, con la meta de alcanzar los 1,5\u00b0C.<\/p>\n\n\n\n<p>En la&nbsp;<a href=\"https:\/\/unfccc.int\/es\" target=\"_blank\" rel=\"noreferrer noopener\">COP28<\/a>&nbsp;de Dubai, los pa\u00edses acordaron abandonar los combustibles f\u00f3siles \u201cde manera justa, ordenada y equitativa\u201d y triplicar su capacidad de energ\u00eda renovable para 2030. El a\u00f1o pasado, en Bak\u00fa, la COP29 elev\u00f3 el objetivo anual de financiamiento clim\u00e1tico para los pa\u00edses en desarrollo de 100.000 millones de d\u00f3lares a 300.000 millones, con una hoja de ruta para aumentarlo hasta 1,3 billones de d\u00f3lares.<\/p>\n\n\n\n<p>En conjunto, el marco jur\u00eddico construido durante tres d\u00e9cadas en el marco de la Conferencia de las Partes ha contribuido a evitar un aumento de temperatura proyectado de 4\u00b0C para finales de este siglo.<\/p>\n\n\n\n<p>Fuente:<em><strong> <a href=\"https:\/\/news.un.org\/es\/story\/2025\/11\/1540714\" target=\"_blank\" rel=\"noreferrer noopener\">https:\/\/news.un.org\/es\/story\/2025\/11\/1540714<\/a><\/strong><\/em><\/p>\n\n\n\n<p><\/p>\n","protected":false},"excerpt":{"rendered":"<p>Miles de diplom\u00e1ticos y expertos en clima se dirigen a Bel\u00e9m, en la Amazon\u00eda brasile\u00f1a, para la COP30, la \u00faltima ronda de negociaciones clim\u00e1ticas de la ONU. Su tarea es clara: convertir las promesas en acciones y acordar planes m\u00e1s&hellip; <\/p>\n","protected":false},"author":21,"featured_media":0,"comment_status":"closed","ping_status":"open","sticky":false,"template":"","format":"standard","meta":{"footnotes":""},"categories":[1],"tags":[],"class_list":["post-5971","post","type-post","status-publish","format-standard","hentry","category-sin-categoria"],"_links":{"self":[{"href":"https:\/\/www.cent.uo.edu.cu\/cemzoc-uo\/wp-json\/wp\/v2\/posts\/5971","targetHints":{"allow":["GET"]}}],"collection":[{"href":"https:\/\/www.cent.uo.edu.cu\/cemzoc-uo\/wp-json\/wp\/v2\/posts"}],"about":[{"href":"https:\/\/www.cent.uo.edu.cu\/cemzoc-uo\/wp-json\/wp\/v2\/types\/post"}],"author":[{"embeddable":true,"href":"https:\/\/www.cent.uo.edu.cu\/cemzoc-uo\/wp-json\/wp\/v2\/users\/21"}],"replies":[{"embeddable":true,"href":"https:\/\/www.cent.uo.edu.cu\/cemzoc-uo\/wp-json\/wp\/v2\/comments?post=5971"}],"version-history":[{"count":1,"href":"https:\/\/www.cent.uo.edu.cu\/cemzoc-uo\/wp-json\/wp\/v2\/posts\/5971\/revisions"}],"predecessor-version":[{"id":5975,"href":"https:\/\/www.cent.uo.edu.cu\/cemzoc-uo\/wp-json\/wp\/v2\/posts\/5971\/revisions\/5975"}],"wp:attachment":[{"href":"https:\/\/www.cent.uo.edu.cu\/cemzoc-uo\/wp-json\/wp\/v2\/media?parent=5971"}],"wp:term":[{"taxonomy":"category","embeddable":true,"href":"https:\/\/www.cent.uo.edu.cu\/cemzoc-uo\/wp-json\/wp\/v2\/categories?post=5971"},{"taxonomy":"post_tag","embeddable":true,"href":"https:\/\/www.cent.uo.edu.cu\/cemzoc-uo\/wp-json\/wp\/v2\/tags?post=5971"}],"curies":[{"name":"wp","href":"https:\/\/api.w.org\/{rel}","templated":true}]}}