{"id":5972,"date":"2025-11-13T19:57:11","date_gmt":"2025-11-13T23:57:11","guid":{"rendered":"https:\/\/www.cent.uo.edu.cu\/cemzoc-uo\/?p=5972"},"modified":"2025-11-13T19:57:12","modified_gmt":"2025-11-13T23:57:12","slug":"cop30-las-personas-desplazadas-por-el-clima-exigen-tomar-medidas-de-adaptacion","status":"publish","type":"post","link":"https:\/\/www.cent.uo.edu.cu\/cemzoc-uo\/2025\/11\/13\/cop30-las-personas-desplazadas-por-el-clima-exigen-tomar-medidas-de-adaptacion\/","title":{"rendered":"COP30: Las personas desplazadas por el clima exigen tomar medidas de adaptaci\u00f3n"},"content":{"rendered":"\n<p>En la conferencia clim\u00e1tica, celebrada en Bel\u00e9m, Brasil, las voces de quienes viven el desplazamiento clim\u00e1tico resuenan con fuerza. Desde Hait\u00ed hasta Etiop\u00eda, refugiados y l\u00edderes comunitarios recuerdan que la crisis ambiental tambi\u00e9n es humana: una lucha por la dignidad, la justicia y el derecho a un futuro habitable.<\/p>\n\n\n<div class=\"wp-block-image\">\n<figure class=\"aligncenter size-large\"><img loading=\"lazy\" decoding=\"async\" width=\"1024\" height=\"464\" src=\"https:\/\/www.cent.uo.edu.cu\/cemzoc-uo\/files\/2025\/11\/image-3-1024x464.png\" alt=\"\" class=\"wp-image-5979\" srcset=\"https:\/\/www.cent.uo.edu.cu\/cemzoc-uo\/files\/2025\/11\/image-3-1024x464.png 1024w, https:\/\/www.cent.uo.edu.cu\/cemzoc-uo\/files\/2025\/11\/image-3-300x136.png 300w, https:\/\/www.cent.uo.edu.cu\/cemzoc-uo\/files\/2025\/11\/image-3-768x348.png 768w, https:\/\/www.cent.uo.edu.cu\/cemzoc-uo\/files\/2025\/11\/image-3.png 1170w\" sizes=\"auto, (max-width: 1024px) 100vw, 1024px\" \/><figcaption class=\"wp-element-caption\">\u00a9 UNICEF\/Patrice Noel \/ Una mujer camina por Les Cayes, en el sur de Hait\u00ed, llevando consigo sus pertenencias mientras el agua de la inundaci\u00f3n la rodea.<\/figcaption><\/figure>\n<\/div>\n\n\n<p>Las inundaciones, las olas de calor, las sequ\u00edas y las tormentas est\u00e1n obligando a millones de personas a abandonar sus hogares cada a\u00f1o. La mayor\u00eda nunca cruza una frontera; permanecen desplazadas internamente, aunque igualmente desarraigadas. Pero los expertos advierten que, en un futuro no muy lejano, naciones enteras podr\u00edan desaparecer bajo los mares en ascenso o volverse inhabitables debido a la sequ\u00eda.<\/p>\n\n\n\n<!--more-->\n\n\n\n<h2 class=\"wp-block-heading\">Desplazamiento con dignidad<\/h2>\n\n\n\n<p>En la\u00a0<a href=\"https:\/\/news.un.org\/es\/events\/cop30\" target=\"_blank\" rel=\"noreferrer noopener\">COP30<\/a>\u00a0en Bel\u00e9m, Brasil, la\u00a0<a href=\"http:\/\/www.iom.int\/es\" target=\"_blank\" rel=\"noreferrer noopener\">Organizaci\u00f3n Internacional para las Migraciones<\/a>\u00a0(<a href=\"http:\/\/www.iom.int\/es\" target=\"_blank\" rel=\"noreferrer noopener\">OIM<\/a>) de las Naciones Unidas est\u00e1 instando a los negociadores a hacer de la movilidad clim\u00e1tica una parte central de los planes de adaptaci\u00f3n.<\/p>\n\n\n\n<p>\u201cLas personas y comunidades que eligen quedarse deben estar seguras, y aquellas que deciden moverse deben tener la opci\u00f3n de hacerlo con dignidad\u201d, dijo el jueves Ugochi Daniels, subdirectora general de la OIM.<\/p>\n\n\n\n<p>En 80 pa\u00edses, la OIM lleva a cabo proyectos que ponen a las comunidades locales al frente de las soluciones. Daniels espera que la COP30 sea \u201cun punto de inflexi\u00f3n para&nbsp;<strong>situar la movilidad humana como un \u00e1rea clave de la acci\u00f3n clim\u00e1tica<\/strong>\u201d, especialmente en los planes nacionales de adaptaci\u00f3n y en la financiaci\u00f3n para p\u00e9rdidas y da\u00f1os.<\/p>\n\n\n\n<h2 class=\"wp-block-heading\">\u201cDiez segundos que cambiaron mi vida para siempre\u201d<\/h2>\n\n\n\n<p>Para Robert Montinard, de\u00a0<a href=\"https:\/\/news.un.org\/es\/search\/Hait%C3%AD\" target=\"_blank\" rel=\"noreferrer noopener\">Hait\u00ed<\/a>, este debate es personal. El terremoto de 2010 dur\u00f3 apenas 10 segundos, pero destroz\u00f3 vidas durante generaciones. Buscando seguridad, huy\u00f3 a Brasil como refugiado. Hoy lidera la Asociaci\u00f3n Mawon, ayudando a otros a reconstruir sus vidas lejos de su hogar.<\/p>\n\n\n\n<p>En la COP30, Robert insiste en una cosa: las voces de los refugiados deben ser escuchadas.<\/p>\n\n\n\n<p>\u201cQueremos ser parte de la soluci\u00f3n. Queremos que los migrantes y refugiados sean escuchados. Quienes se ven afectados por las consecuencias del&nbsp;<a href=\"https:\/\/news.un.org\/es\/news\/topic\/climate-change\">cambio clim\u00e1tico<\/a>&nbsp;\u2014<strong>refugiados, pueblos ind\u00edgenas, comunidades negras, mujeres\u2014 tienen las soluciones<\/strong>\u201d, dijo.<\/p>\n\n\n\n<p>Esta semana, Robert entreg\u00f3 una propuesta a la primera dama de Brasil, Ros\u00e2ngela Janja da Silva, y a la ministra de Medio Ambiente, Marina Silva. El documento pide la creaci\u00f3n de consejos clim\u00e1ticos municipales, acci\u00f3n contra el racismo ambiental y brigadas comunitarias para responder a los desastres.<\/p>\n\n\n\n<p>Califica la dif\u00edcil situaci\u00f3n de Hait\u00ed como una \u201cinjusticia clim\u00e1tica\u201d. Los mismos huracanes que azotan Florida, dijo, dejan destrucci\u00f3n en su tierra natal; pero mientras Estados Unidos se reconstruye r\u00e1pidamente, los edificios arruinados por el terremoto de 2010 en Hait\u00ed a\u00fan permanecen en ruinas.<\/p>\n\n\n\n<h2 class=\"wp-block-heading\">Una crisis que alimenta el conflicto en Etiop\u00eda<\/h2>\n\n\n\n<p>Desde otro rinc\u00f3n del Sur Global, Makebib Tadesse observa el mismo patr\u00f3n en Etiop\u00eda, donde las presiones clim\u00e1ticas est\u00e1n intensificando los conflictos por la tierra y los recursos.<\/p>\n\n\n\n<p>Describi\u00f3 un \u201c<strong>ciclo continuo de violencia y desplazamiento<\/strong>\u201d a medida que los alimentos y el agua se vuelven m\u00e1s escasos. En el norte de Etiop\u00eda, donde naci\u00f3, el impacto del cambio clim\u00e1tico ahora iguala, o incluso supera, la devastaci\u00f3n de la guerra civil del pa\u00eds entre 1974 y 1991.<\/p>\n\n\n\n<p>\u201cEl cambio clim\u00e1tico est\u00e1 expulsando a la gente de Etiop\u00eda de maneras que nunca&nbsp; hab\u00edamos visto\u201d, dijo.<\/p>\n\n\n\n<p>Tanto Robert como Makebib forman parte de la delegaci\u00f3n del Alto Comisionado de las Naciones Unidas para los Refugiados (<a href=\"http:\/\/www.acnur.org\/\" target=\"_blank\" rel=\"noreferrer noopener\">ACNUR<\/a>) en la COP30, junto con la l\u00edder ind\u00edgena venezolana Gardenia Warao.<\/p>\n\n\n\n<h2 class=\"wp-block-heading\">\u201cDebe celebrarse la apertura de Brasil hacia los refugiados\u201d<\/h2>\n\n\n\n<p>Dando voz a su mensaje est\u00e1 Alfonso Herrera, actor mexicano y embajador de Buena Voluntad para Am\u00e9rica Latina del ACNUR, oficialmente conocido como la Oficina del Alto Comisionado de las Naciones Unidas para los Refugiados.<\/p>\n\n\n\n<p>\u201c<strong>Las voces de los refugiados han sido silenciadas, y deben ser escuchadas<\/strong>\u201d, dijo a Noticias ONU.<\/p>\n\n\n\n<p>Herrera ha viajado por toda la regi\u00f3n, de M\u00e9xico a Venezuela, Honduras y El Salvador, siendo testigo del costo humano del desplazamiento clim\u00e1tico y de los esfuerzos de la ONU por devolver la esperanza mediante la educaci\u00f3n y el apoyo legal.<\/p>\n\n\n\n<p>Cree que la apertura de Brasil para acoger refugiados merece reconocimiento, especialmente \u201ccuando tantos otros pa\u00edses adoptan la actitud completamente opuesta\u201d.<\/p>\n\n\n\n<p>A medida que la COP30 debate c\u00f3mo adaptarse a un planeta cambiante, las personas desplazadas recuerdan al mundo que la acci\u00f3n clim\u00e1tica no se trata solo de salvar ecosistemas, sino de&nbsp;<strong>proteger vidas, preservar la dignidad y garantizar que nadie quede atr\u00e1s ante la marea que sube<\/strong>.<\/p>\n\n\n\n<p>Fuente: <a href=\"https:\/\/news.un.org\/es\/story\/2025\/11\/1540745\" target=\"_blank\" rel=\"noreferrer noopener\"><em><strong>https:\/\/news.un.org\/es\/story\/2025\/11\/1540745<\/strong><\/em><\/a><\/p>\n\n\n\n<p><\/p>\n","protected":false},"excerpt":{"rendered":"<p>En la conferencia clim\u00e1tica, celebrada en Bel\u00e9m, Brasil, las voces de quienes viven el desplazamiento clim\u00e1tico resuenan con fuerza. Desde Hait\u00ed hasta Etiop\u00eda, refugiados y l\u00edderes comunitarios recuerdan que la crisis ambiental tambi\u00e9n es humana: una lucha por la dignidad,&hellip; <\/p>\n","protected":false},"author":21,"featured_media":0,"comment_status":"closed","ping_status":"open","sticky":false,"template":"","format":"standard","meta":{"footnotes":""},"categories":[1],"tags":[],"class_list":["post-5972","post","type-post","status-publish","format-standard","hentry","category-sin-categoria"],"_links":{"self":[{"href":"https:\/\/www.cent.uo.edu.cu\/cemzoc-uo\/wp-json\/wp\/v2\/posts\/5972","targetHints":{"allow":["GET"]}}],"collection":[{"href":"https:\/\/www.cent.uo.edu.cu\/cemzoc-uo\/wp-json\/wp\/v2\/posts"}],"about":[{"href":"https:\/\/www.cent.uo.edu.cu\/cemzoc-uo\/wp-json\/wp\/v2\/types\/post"}],"author":[{"embeddable":true,"href":"https:\/\/www.cent.uo.edu.cu\/cemzoc-uo\/wp-json\/wp\/v2\/users\/21"}],"replies":[{"embeddable":true,"href":"https:\/\/www.cent.uo.edu.cu\/cemzoc-uo\/wp-json\/wp\/v2\/comments?post=5972"}],"version-history":[{"count":1,"href":"https:\/\/www.cent.uo.edu.cu\/cemzoc-uo\/wp-json\/wp\/v2\/posts\/5972\/revisions"}],"predecessor-version":[{"id":5980,"href":"https:\/\/www.cent.uo.edu.cu\/cemzoc-uo\/wp-json\/wp\/v2\/posts\/5972\/revisions\/5980"}],"wp:attachment":[{"href":"https:\/\/www.cent.uo.edu.cu\/cemzoc-uo\/wp-json\/wp\/v2\/media?parent=5972"}],"wp:term":[{"taxonomy":"category","embeddable":true,"href":"https:\/\/www.cent.uo.edu.cu\/cemzoc-uo\/wp-json\/wp\/v2\/categories?post=5972"},{"taxonomy":"post_tag","embeddable":true,"href":"https:\/\/www.cent.uo.edu.cu\/cemzoc-uo\/wp-json\/wp\/v2\/tags?post=5972"}],"curies":[{"name":"wp","href":"https:\/\/api.w.org\/{rel}","templated":true}]}}