{"id":5973,"date":"2025-11-13T19:31:22","date_gmt":"2025-11-13T23:31:22","guid":{"rendered":"https:\/\/www.cent.uo.edu.cu\/cemzoc-uo\/?p=5973"},"modified":"2025-11-13T19:31:23","modified_gmt":"2025-11-13T23:31:23","slug":"declaracion-historica-en-la-cop30-para-combatir-la-desinformacion-sobre-el-clima","status":"publish","type":"post","link":"https:\/\/www.cent.uo.edu.cu\/cemzoc-uo\/2025\/11\/13\/declaracion-historica-en-la-cop30-para-combatir-la-desinformacion-sobre-el-clima\/","title":{"rendered":"Declaraci\u00f3n hist\u00f3rica en la COP30 para combatir la desinformaci\u00f3n sobre el clima"},"content":{"rendered":"\n<p>El documento refuerza la acci\u00f3n contra el contenido falso que circula en l\u00ednea, amplificado por algoritmos. El enviado especial de la COP30 para la Integridad de la Informaci\u00f3n afirma que abordar la desinformaci\u00f3n es esencial para avanzar en las negociaciones e implementar decisiones.<\/p>\n\n\n\n<figure class=\"wp-block-image size-large\"><img loading=\"lazy\" decoding=\"async\" width=\"1024\" height=\"464\" src=\"https:\/\/www.cent.uo.edu.cu\/cemzoc-uo\/files\/2025\/11\/image-2-1024x464.png\" alt=\"\" class=\"wp-image-5976\" srcset=\"https:\/\/www.cent.uo.edu.cu\/cemzoc-uo\/files\/2025\/11\/image-2-1024x464.png 1024w, https:\/\/www.cent.uo.edu.cu\/cemzoc-uo\/files\/2025\/11\/image-2-300x136.png 300w, https:\/\/www.cent.uo.edu.cu\/cemzoc-uo\/files\/2025\/11\/image-2-768x348.png 768w, https:\/\/www.cent.uo.edu.cu\/cemzoc-uo\/files\/2025\/11\/image-2.png 1170w\" sizes=\"auto, (max-width: 1024px) 100vw, 1024px\" \/><figcaption class=\"wp-element-caption\">\u00a9 UNICEF\/Raphael Pouget \/ El enviado especial de la COP30 para la Integridad de la Informaci\u00f3n, Frederico Assis, advierte que la desinformaci\u00f3n alimenta el extremismo pol\u00edtico y pone vidas en riesgo.<\/figcaption><\/figure>\n\n\n\n<p>Los negociadores reunidos en Bel\u00e9m, Brasil, para la Conferencia de las Naciones Unidas sobre el Cambio Clim\u00e1tico (<a href=\"https:\/\/news.un.org\/es\/events\/cop30\" target=\"_blank\" rel=\"noreferrer noopener\">COP30<\/a>) corren contra el tiempo para salvar al planeta de un aumento catastr\u00f3fico de la temperatura. Pero estos esfuerzos est\u00e1n cada vez m\u00e1s amenazados por una ola de desinformaci\u00f3n que podr\u00eda socavar el progreso global. Este mi\u00e9rcoles, un grupo de 12 pa\u00edses firm\u00f3 la\u00a0<em>Declaraci\u00f3n sobre la Integridad de la Informaci\u00f3n en el Cambio Clim\u00e1tico<\/em>. El documento pide medidas concretas para combatir el contenido falso en l\u00ednea y\u00a0<strong>poner fin a los ataques deliberados contra periodistas ambientales, cient\u00edficos e investigadores<\/strong>\u00a0que producen informaci\u00f3n factual y basada en evidencia.<\/p>\n\n\n\n<!--more-->\n\n\n\n<p>La declaraci\u00f3n fue respaldada por Brasil, Canad\u00e1, Chile, Dinamarca, Finlandia, Francia, Alemania, Espa\u00f1a, Suecia, Uruguay, los Pa\u00edses Bajos y B\u00e9lgica.<\/p>\n\n\n\n<p>El anuncio se realiz\u00f3 en el marco de la&nbsp;<em>Iniciativa Global para la Integridad de la Informaci\u00f3n sobre el Cambio Clim\u00e1tico<\/em>, con la participaci\u00f3n de Jo\u00e3o Brant, secretario de Pol\u00edticas Digitales de Brasil, quien afirm\u00f3 que&nbsp;<strong>el objetivo es \u201ccrear una ola de verdad\u201d.<\/strong><\/p>\n\n\n\n<p>La iniciativa, lanzada en junio de este a\u00f1o, es una asociaci\u00f3n entre el Gobierno de Brasil, el Departamento de Comunicaci\u00f3n Global de la ONU y la Organizaci\u00f3n de las Naciones Unidas para&nbsp;<a href=\"https:\/\/www.unesco.org\/es\" target=\"_blank\" rel=\"noreferrer noopener\">la Educaci\u00f3n, la Ciencia y la Cultura<\/a>&nbsp;(<a href=\"https:\/\/es.unesco.org\/\" target=\"_blank\" rel=\"noreferrer noopener\"><\/a><a href=\"https:\/\/en.unesco.org\/\" target=\"_blank\" rel=\"noreferrer noopener\">UNESCO<\/a>).<\/p>\n\n\n\n<h2 class=\"wp-block-heading\">La desinformaci\u00f3n podr\u00eda comprometer las negociaciones<\/h2>\n\n\n\n<p>El enviado especial de la COP30 para la Integridad de la Informaci\u00f3n, Frederico Assis, dijo a Noticias ONU que \u201cla desinformaci\u00f3n, impulsada por visiones del mundo oscurantistas,&nbsp;<strong>alimenta el extremismo pol\u00edtico y pone vidas en riesgo<\/strong>\u201d, incluso en el contexto de desastres relacionados con el clima. Advirti\u00f3 sobre un riesgo real de interferencia en las negociaciones clim\u00e1ticas.<\/p>\n\n\n\n<p>\u201cExiste un amplio reconocimiento de que la desinformaci\u00f3n puede afectar y comprometer cada parte del proceso de la COP \u2014ya sea las negociaciones diplom\u00e1ticas, la agenda de acci\u00f3n, o la movilizaci\u00f3n y las cumbres. Todos nuestros esfuerzos estar\u00e1n en riesgo si no abordamos adecuadamente la desinformaci\u00f3n que proviene del negacionismo\u201d, afirm\u00f3.<\/p>\n\n\n\n<p>Assis destac\u00f3 su&nbsp;<strong>preocupaci\u00f3n por los algoritmos que amplifican contenido \u201cconspirativo y manipulador\u201d<\/strong>, a menudo utilizando \u201ct\u00e1cticas sofisticadas para difundir mensajes falsos\u201d.<\/p>\n\n\n\n<p>Como enviado especial, se le ha encomendado mantener el tema en el debate p\u00fablico, involucrando a l\u00edderes pol\u00edticos, religiosos y sociales, as\u00ed como a la sociedad civil y los medios de comunicaci\u00f3n.<\/p>\n\n\n\n<h2 class=\"wp-block-heading\">Revelando la mec\u00e1nica de la informaci\u00f3n falsa<\/h2>\n\n\n\n<p>En una entrevista con Noticias ONU, el director de la UNESCO para Inclusi\u00f3n, Pol\u00edticas y Transformaci\u00f3n Digital, Guilherme Canela, destac\u00f3 que es la primera vez que el tema de la integridad de la informaci\u00f3n forma parte de la agenda oficial de la COP.<\/p>\n\n\n\n<p>Explic\u00f3 que la iniciativa global ayudar\u00e1 a comprender mejor los mecanismos detr\u00e1s de la propagaci\u00f3n de la desinformaci\u00f3n.<\/p>\n\n\n\n<p>\u201cA\u00fan sabemos muy poco sobre lo que hay detr\u00e1s de esto. Por ejemplo,&nbsp;<strong>\u00bfqui\u00e9n financia estas publicaciones y por qu\u00e9 se difunden m\u00e1s r\u00e1pido que otros tipos de contenido?<\/strong>&nbsp;\u00bfC\u00f3mo ocurre eso? Si no entendemos estos mecanismos, es muy dif\u00edcil dise\u00f1ar estrategias efectivas para combatir este fen\u00f3meno. El n\u00facleo de esta iniciativa global es precisamente financiar, especialmente en el Sur Global, el periodismo de investigaci\u00f3n y proyectos de investigaci\u00f3n que revelen lo que realmente est\u00e1 ocurriendo\u201d, dijo Canela.<\/p>\n\n\n\n<p>El&nbsp;<em>Fondo Global para la Integridad de la Informaci\u00f3n sobre el Cambio Clim\u00e1tico<\/em>, creado bajo la iniciativa, ya ha recibido&nbsp;<strong>447 propuestas de casi 100 pa\u00edses<\/strong>. Con una financiaci\u00f3n inicial de un mill\u00f3n de d\u00f3lares de Brasil, el fondo ha comenzado a apoyar una primera ronda de proyectos \u2014casi dos tercios de ellos provenientes de naciones en desarrollo.<\/p>\n\n\n\n<p>Canela dijo que fue \u201cmuy gratificante\u201d ver el tema ser \u201cadoptado con tanta fuerza en la COP30\u201d.<\/p>\n\n\n\n<h2 class=\"wp-block-heading\">Las narrativas \u201ccambian de disfraz\u201d<\/h2>\n\n\n\n<p>En declaraciones a Noticias ONU, la influencer digital Maria Clara Moraes,&nbsp;<a href=\"https:\/\/shareverified.com\/es\/verified-champions\/\" target=\"_blank\" rel=\"noreferrer noopener\">campeona de la iniciativa&nbsp;<em>Verified<\/em><\/a>&nbsp;de la ONU, dijo que la lucha contra la desinformaci\u00f3n clim\u00e1tica es \u201ccompletamente posible, pero tambi\u00e9n extremadamente desafiante\u201d.<\/p>\n\n\n\n<p>La cofundadora de la plataforma&nbsp;<em>Marias Verdes<\/em>, que tiene m\u00e1s de 500.000 seguidores en TikTok, explic\u00f3 que la desinformaci\u00f3n est\u00e1 altamente organizada y \u201crespaldada por fuerzas poderosas, particularmente la&nbsp;<strong>industria de los combustibles f\u00f3siles<\/strong>\u201d.<\/p>\n\n\n\n<p>Se\u00f1al\u00f3 que las narrativas utilizadas para desacreditar la acci\u00f3n clim\u00e1tica \u201ccambian de disfraz\u201d con el tiempo.<\/p>\n\n\n\n<p>\u201cExisten varios tipos de desinformaci\u00f3n. Una de las m\u00e1s poderosas es decir que ya es demasiado tarde, que no se puede hacer nada, o que eventos como la COP30 no hacen diferencia. Eso tambi\u00e9n es desinformaci\u00f3n. Decir:&nbsp;<em>Esto no est\u00e1 funcionando, es demasiado lento, demasiado complejo, demasiado frustrante<\/em>. Pero, s\u00ed, es importante.&nbsp;<strong>Debemos reafirmar constantemente el valor del multilateralismo y la importancia de espacios como este<\/strong>\u201d, afirm\u00f3.<\/p>\n\n\n\n<h2 class=\"wp-block-heading\">Esperanza en las generaciones m\u00e1s j\u00f3venes<\/h2>\n\n\n\n<p>Maria Clara a\u00f1adi\u00f3 que, al producir contenido sobre sostenibilidad y evidencia cient\u00edfica, ha notado que&nbsp;<strong>las personas son cada vez m\u00e1s conscientes de la emergencia clim\u00e1tica<\/strong>.<\/p>\n\n\n\n<p>Seg\u00fan ella, las generaciones m\u00e1s j\u00f3venes son \u201cuna gran fuente de esperanza y optimismo\u201d.<\/p>\n\n\n\n<p>Subray\u00f3 el papel de cada ciudadano en la creaci\u00f3n de&nbsp;<em>micro-revoluciones<\/em>&nbsp;a trav\u00e9s de decisiones cotidianas que apoyen la acci\u00f3n clim\u00e1tica y contribuyan a transformaciones sist\u00e9micas a gran escala.<\/p>\n\n\n\n<p>Fuente: <a href=\"https:\/\/news.un.org\/es\/story\/2025\/11\/1540738\"><em><strong>https:\/\/news.un.org\/es\/story\/<\/strong><\/em><\/a><em><strong><a href=\"https:\/\/news.un.org\/es\/story\/2025\/11\/1540738\" target=\"_blank\" rel=\"noreferrer noopener\">2<\/a><\/strong><\/em><a href=\"https:\/\/news.un.org\/es\/story\/2025\/11\/1540738\"><em><strong>025\/11\/1540738<\/strong><\/em><\/a><\/p>\n\n\n\n<p><\/p>\n","protected":false},"excerpt":{"rendered":"<p>El documento refuerza la acci\u00f3n contra el contenido falso que circula en l\u00ednea, amplificado por algoritmos. El enviado especial de la COP30 para la Integridad de la Informaci\u00f3n afirma que abordar la desinformaci\u00f3n es esencial para avanzar en las negociaciones&hellip; <\/p>\n","protected":false},"author":21,"featured_media":0,"comment_status":"closed","ping_status":"open","sticky":false,"template":"","format":"standard","meta":{"footnotes":""},"categories":[1],"tags":[],"class_list":["post-5973","post","type-post","status-publish","format-standard","hentry","category-sin-categoria"],"_links":{"self":[{"href":"https:\/\/www.cent.uo.edu.cu\/cemzoc-uo\/wp-json\/wp\/v2\/posts\/5973","targetHints":{"allow":["GET"]}}],"collection":[{"href":"https:\/\/www.cent.uo.edu.cu\/cemzoc-uo\/wp-json\/wp\/v2\/posts"}],"about":[{"href":"https:\/\/www.cent.uo.edu.cu\/cemzoc-uo\/wp-json\/wp\/v2\/types\/post"}],"author":[{"embeddable":true,"href":"https:\/\/www.cent.uo.edu.cu\/cemzoc-uo\/wp-json\/wp\/v2\/users\/21"}],"replies":[{"embeddable":true,"href":"https:\/\/www.cent.uo.edu.cu\/cemzoc-uo\/wp-json\/wp\/v2\/comments?post=5973"}],"version-history":[{"count":1,"href":"https:\/\/www.cent.uo.edu.cu\/cemzoc-uo\/wp-json\/wp\/v2\/posts\/5973\/revisions"}],"predecessor-version":[{"id":5977,"href":"https:\/\/www.cent.uo.edu.cu\/cemzoc-uo\/wp-json\/wp\/v2\/posts\/5973\/revisions\/5977"}],"wp:attachment":[{"href":"https:\/\/www.cent.uo.edu.cu\/cemzoc-uo\/wp-json\/wp\/v2\/media?parent=5973"}],"wp:term":[{"taxonomy":"category","embeddable":true,"href":"https:\/\/www.cent.uo.edu.cu\/cemzoc-uo\/wp-json\/wp\/v2\/categories?post=5973"},{"taxonomy":"post_tag","embeddable":true,"href":"https:\/\/www.cent.uo.edu.cu\/cemzoc-uo\/wp-json\/wp\/v2\/tags?post=5973"}],"curies":[{"name":"wp","href":"https:\/\/api.w.org\/{rel}","templated":true}]}}