{"id":5981,"date":"2025-11-13T20:05:13","date_gmt":"2025-11-14T00:05:13","guid":{"rendered":"https:\/\/www.cent.uo.edu.cu\/cemzoc-uo\/?p=5981"},"modified":"2025-11-13T20:08:46","modified_gmt":"2025-11-14T00:08:46","slug":"salud-refugiados-y-accion-climatica-un-dia-clave-en-la-cop30-de-belem","status":"publish","type":"post","link":"https:\/\/www.cent.uo.edu.cu\/cemzoc-uo\/2025\/11\/13\/salud-refugiados-y-accion-climatica-un-dia-clave-en-la-cop30-de-belem\/","title":{"rendered":"Salud, refugiados y acci\u00f3n clim\u00e1tica: un d\u00eda clave en la COP30 de Bel\u00e9m"},"content":{"rendered":"\n<p>La agencia sanitaria lanza un plan para que los pa\u00edses fortalezcan sus sistemas de salud frente al cambio clim\u00e1tico. Por su parte, ACNUR presenta el primer mecanismo mundial de financiaci\u00f3n de carbono liderado por refugiados y la agencia de medioambiente impulsa una iniciativa para reducir a la mitad el desperdicio de alimentos para 2030.&nbsp;<\/p>\n\n\n\n<figure class=\"wp-block-image size-large\"><img loading=\"lazy\" decoding=\"async\" width=\"1024\" height=\"464\" src=\"https:\/\/www.cent.uo.edu.cu\/cemzoc-uo\/files\/2025\/11\/image-4-1024x464.png\" alt=\"\" class=\"wp-image-5983\" srcset=\"https:\/\/www.cent.uo.edu.cu\/cemzoc-uo\/files\/2025\/11\/image-4-1024x464.png 1024w, https:\/\/www.cent.uo.edu.cu\/cemzoc-uo\/files\/2025\/11\/image-4-300x136.png 300w, https:\/\/www.cent.uo.edu.cu\/cemzoc-uo\/files\/2025\/11\/image-4-768x348.png 768w, https:\/\/www.cent.uo.edu.cu\/cemzoc-uo\/files\/2025\/11\/image-4.png 1170w\" sizes=\"auto, (max-width: 1024px) 100vw, 1024px\" \/><figcaption class=\"wp-element-caption\">\u00a9 UNFCCC\/Diego Herculano \/ Organizaciones de la sociedad civil en Bel\u00e9m durante la COP30.<\/figcaption><\/figure>\n\n\n\n<p>En el coraz\u00f3n de la Amazon\u00eda, la ciudad de Bel\u00e9m se convirti\u00f3 este jueves en escenario de una jornada decisiva dentro de la\u00a0<a href=\"https:\/\/news.un.org\/es\/events\/cop30\" target=\"_blank\" rel=\"noreferrer noopener\">COP30<\/a>: el D\u00eda de la Salud. Desde las primeras horas de la ma\u00f1ana, las voces de l\u00edderes internacionales recordaron que\u00a0<strong>la salud humana y la salud del planeta son inseparables.<\/strong> Durante la reuni\u00f3n ministerial de Salud y Clima, el secretario ejecutivo de la ONU para el Cambio Clim\u00e1tico, Simon Stiell, subray\u00f3 que una ciudad como Bel\u00e9m, inmersa en el pulm\u00f3n verde del planeta, nos recuerda la profunda conexi\u00f3n entre la salud de las personas y la de la Tierra. \u201cTenemos una responsabilidad compartida para cuidar de ambas\u201d, afirm\u00f3.<\/p>\n\n\n\n<p>En ese contexto, celebr\u00f3 el&nbsp;<a href=\"https:\/\/www.who.int\/news-room\/events\/detail\/2025\/11\/13\/default-calendar\/cop30-health-day\" target=\"_blank\" rel=\"noreferrer noopener\">lanzamiento<\/a>&nbsp;del Plan de Acci\u00f3n de Bel\u00e9m para la Salud, una iniciativa liderada por el Gobierno de Brasil y la&nbsp;<a href=\"http:\/\/www.who.int\/es\/\" target=\"_blank\" rel=\"noreferrer noopener\">Organizaci\u00f3n Mundial de la Salud<\/a>&nbsp;(<a href=\"http:\/\/www.who.int\/es\/\" target=\"_blank\" rel=\"noreferrer noopener\">OMS<\/a>). Este plan integra tres pilares fundamentales:&nbsp;<strong>adaptaci\u00f3n, equidad y justicia clim\u00e1tica<\/strong>, considerados la base de una sociedad resiliente.<\/p>\n\n\n\n<!--more-->\n\n\n\n<p>El director general de la OMS, Tedros Adhanom Ghebreyesus, reforz\u00f3 la idea de que la crisis clim\u00e1tica es tambi\u00e9n una crisis sanitaria. \u201cLos sistemas de salud fuertes son esenciales para proteger a las personas de los impactos del&nbsp;<a href=\"https:\/\/news.un.org\/es\/news\/topic\/climate-change\">cambio clim\u00e1tico<\/a>\u201d, dijo.<\/p>\n\n\n\n<p>El nuevo plan busca precisamente eso: acelerar soluciones concretas para&nbsp;<strong>que los pa\u00edses fortalezcan sus sistemas de salud<\/strong>, integrando la participaci\u00f3n social y el acceso equitativo a los medios para implementar el plan.<\/p>\n\n\n\n<h2 class=\"wp-block-heading\">Adaptarse al calor extremo<\/h2>\n\n\n\n<p>Pero el calor del debate coincidi\u00f3, simb\u00f3licamente, con otro&nbsp;<a href=\"https:\/\/wmo.int\/media\/news\/new-framework-and-toolkit-strengthens-extreme-heat-governance\" target=\"_blank\" rel=\"noreferrer noopener\">lanzamiento<\/a>&nbsp;crucial: el Marco y la Caja de Herramientas para la Gobernanza del Calor Extremo, en el que participa la&nbsp;<a href=\"https:\/\/public.wmo.int\/es\" target=\"_blank\" rel=\"noreferrer noopener\">Organizaci\u00f3n Meteorol\u00f3gica Mundial<\/a>&nbsp;(<a href=\"https:\/\/public.wmo.int\/es\" target=\"_blank\" rel=\"noreferrer noopener\">OMM<\/a>). El objetivo:&nbsp;<strong>ayudar a los pa\u00edses a prepararse y adaptarse a un planeta cada vez m\u00e1s c\u00e1lido.<\/strong><\/p>\n\n\n\n<p>Seg\u00fan la OMM, el calor extremo cobra m\u00e1s de medio mill\u00f3n de vidas al a\u00f1o y provoc\u00f3 en 2024 la p\u00e9rdida de 639 mil millones de horas de trabajo, equivalentes a un bill\u00f3n de d\u00f3lares, cerca del 1% del PIB mundial. \u201cEstamos viendo temperaturas que superan los 40 \u00b0C o incluso los 50 \u00b0C; ya no son la excepci\u00f3n\u201d, advirti\u00f3 la secretaria general de la agencia, Celeste Saulo.<\/p>\n\n\n\n<h2 class=\"wp-block-heading\">Proyectos de restauraci\u00f3n liderados por refugiados<\/h2>\n\n\n\n<p>Mientras tanto, la Agencia de la ONU para los Refugiados (<a href=\"http:\/\/www.acnur.org\/\" target=\"_blank\" rel=\"noreferrer noopener\">ACNUR<\/a>)&nbsp;<a href=\"https:\/\/www.unhcr.org\/news\/press-releases\/unhcr-launches-first-large-scale-refugee-led-carbon-finance-projects-cop30\" target=\"_blank\" rel=\"noreferrer noopener\">present\u00f3<\/a>&nbsp;el Fondo para la Protecci\u00f3n Ambiental de los Refugiados (REP Fund), el primer mecanismo mundial de&nbsp;<strong>financiaci\u00f3n de carbono liderado por refugiados<\/strong>.<\/p>\n\n\n\n<p>Con proyectos iniciales en Uganda y Ruanda, la meta es restaurar m\u00e1s de 100.000 hect\u00e1reas de tierra y<strong>&nbsp;<\/strong>llevar energ\u00eda limpia a un mill\u00f3n de personas.<\/p>\n\n\n\n<p>En Brasil y Bangladesh, ya se exploran nuevas oportunidades, incluyendo un proyecto en la Tierra Ind\u00edgena S\u00e3o Marcos, en Roraima. Hogar de 21.000 ind\u00edgenas y refugiados ind\u00edgenas venezolanos, la zona est\u00e1 perdiendo r\u00e1pidamente \u00e1rboles y capa vegetal. Si no se toman medidas, los fr\u00e1giles ecosistemas y los medios de vida podr\u00edan colapsar. El proyecto&nbsp;<strong>restaurar\u00e1 la tierra para proteger tanto la naturaleza como la vida comunitaria<\/strong>&nbsp;en la Amazon\u00eda.<\/p>\n\n\n\n<h2 class=\"wp-block-heading\">Reducir el desperdicio de alimentos<\/h2>\n\n\n\n<p>Finalmente, el Programa de las Naciones Unidas para el Medio Ambiente (<a href=\"https:\/\/www.unenvironment.org\/es\" target=\"_blank\" rel=\"noreferrer noopener\">PNUMA<\/a>)&nbsp;<a href=\"https:\/\/www.unep.org\/news-and-stories\/press-release\/food-waste-breakthrough-launches-help-cities-halve-food-waste-cut\" target=\"_blank\" rel=\"noreferrer noopener\">lanz\u00f3<\/a>&nbsp;la iniciativa&nbsp;<em>Food Waste Breakthrough<\/em>,<strong>&nbsp;<\/strong>que busca&nbsp;<strong>reducir a la mitad el desperdicio de alimentos para 2030<\/strong>&nbsp;y disminuir un 7% de las emisiones de metano. \u201cEl mundo desperdicia una cantidad imperdonable de comida cada a\u00f1o\u201d, lament\u00f3 la directora ejecutiva del PNUMA, Inger Andersen.<\/p>\n\n\n\n<p>Entre anuncios y compromisos, Bel\u00e9m se alza hoy como s\u00edmbolo de una idea poderosa: que la salud, la justicia y la acci\u00f3n clim\u00e1tica deben avanzar juntas para garantizar un futuro habitable para todos.<\/p>\n\n\n\n<p>Fuente: <a href=\"https:\/\/news.un.org\/es\/story\/2025\/11\/1540744\" target=\"_blank\" rel=\"noreferrer noopener\"><em><strong>https:\/\/news.un.org\/es\/story\/2025\/11\/1540744<\/strong><\/em><\/a><\/p>\n\n\n\n<p><\/p>\n","protected":false},"excerpt":{"rendered":"<p>La agencia sanitaria lanza un plan para que los pa\u00edses fortalezcan sus sistemas de salud frente al cambio clim\u00e1tico. Por su parte, ACNUR presenta el primer mecanismo mundial de financiaci\u00f3n de carbono liderado por refugiados y la agencia de medioambiente&hellip; <\/p>\n","protected":false},"author":21,"featured_media":0,"comment_status":"closed","ping_status":"open","sticky":false,"template":"","format":"standard","meta":{"footnotes":""},"categories":[1],"tags":[],"class_list":["post-5981","post","type-post","status-publish","format-standard","hentry","category-sin-categoria"],"_links":{"self":[{"href":"https:\/\/www.cent.uo.edu.cu\/cemzoc-uo\/wp-json\/wp\/v2\/posts\/5981","targetHints":{"allow":["GET"]}}],"collection":[{"href":"https:\/\/www.cent.uo.edu.cu\/cemzoc-uo\/wp-json\/wp\/v2\/posts"}],"about":[{"href":"https:\/\/www.cent.uo.edu.cu\/cemzoc-uo\/wp-json\/wp\/v2\/types\/post"}],"author":[{"embeddable":true,"href":"https:\/\/www.cent.uo.edu.cu\/cemzoc-uo\/wp-json\/wp\/v2\/users\/21"}],"replies":[{"embeddable":true,"href":"https:\/\/www.cent.uo.edu.cu\/cemzoc-uo\/wp-json\/wp\/v2\/comments?post=5981"}],"version-history":[{"count":2,"href":"https:\/\/www.cent.uo.edu.cu\/cemzoc-uo\/wp-json\/wp\/v2\/posts\/5981\/revisions"}],"predecessor-version":[{"id":5986,"href":"https:\/\/www.cent.uo.edu.cu\/cemzoc-uo\/wp-json\/wp\/v2\/posts\/5981\/revisions\/5986"}],"wp:attachment":[{"href":"https:\/\/www.cent.uo.edu.cu\/cemzoc-uo\/wp-json\/wp\/v2\/media?parent=5981"}],"wp:term":[{"taxonomy":"category","embeddable":true,"href":"https:\/\/www.cent.uo.edu.cu\/cemzoc-uo\/wp-json\/wp\/v2\/categories?post=5981"},{"taxonomy":"post_tag","embeddable":true,"href":"https:\/\/www.cent.uo.edu.cu\/cemzoc-uo\/wp-json\/wp\/v2\/tags?post=5981"}],"curies":[{"name":"wp","href":"https:\/\/api.w.org\/{rel}","templated":true}]}}