{"id":5982,"date":"2025-11-13T20:11:36","date_gmt":"2025-11-14T00:11:36","guid":{"rendered":"https:\/\/www.cent.uo.edu.cu\/cemzoc-uo\/?p=5982"},"modified":"2025-11-13T20:11:37","modified_gmt":"2025-11-14T00:11:37","slug":"el-uso-de-inteligencia-artificial-divide-opiniones-en-la-cop30","status":"publish","type":"post","link":"https:\/\/www.cent.uo.edu.cu\/cemzoc-uo\/2025\/11\/13\/el-uso-de-inteligencia-artificial-divide-opiniones-en-la-cop30\/","title":{"rendered":"El uso de inteligencia artificial divide opiniones en la COP30"},"content":{"rendered":"\n<p>La tecnolog\u00eda puede generar informaci\u00f3n que ayuda a los agricultores a gestionar mejor las condiciones del agua y el suelo; pero los grandes centros de almacenamiento de datos pueden causar impactos ambientales.<\/p>\n\n\n<div class=\"wp-block-image\">\n<figure class=\"aligncenter size-large\"><img loading=\"lazy\" decoding=\"async\" width=\"1024\" height=\"464\" src=\"https:\/\/www.cent.uo.edu.cu\/cemzoc-uo\/files\/2025\/11\/image-5-1024x464.png\" alt=\"\" class=\"wp-image-5985\" srcset=\"https:\/\/www.cent.uo.edu.cu\/cemzoc-uo\/files\/2025\/11\/image-5-1024x464.png 1024w, https:\/\/www.cent.uo.edu.cu\/cemzoc-uo\/files\/2025\/11\/image-5-300x136.png 300w, https:\/\/www.cent.uo.edu.cu\/cemzoc-uo\/files\/2025\/11\/image-5-768x348.png 768w, https:\/\/www.cent.uo.edu.cu\/cemzoc-uo\/files\/2025\/11\/image-5.png 1170w\" sizes=\"auto, (max-width: 1024px) 100vw, 1024px\" \/><figcaption class=\"wp-element-caption\">\u00a9 UNFCCC\/Kiara Worth \/ La sala plenaria principal del Hangar &#8211; Centro de Convenciones y Comercio de la Amazon\u00eda, durante la ceremonia de apertura de la COP30 en Bel\u00e9m, Brasil.<br><br><\/figcaption><\/figure>\n<\/div>\n\n\n<p>Aunque no est\u00e1 oficialmente en las negociaciones de la Conferencia de las Naciones Unidas sobre el Cambio Clim\u00e1tico (<a href=\"https:\/\/news.un.org\/es\/events\/cop30\" target=\"_blank\" rel=\"noreferrer noopener\">COP30<\/a>), la inteligencia artificial es motivo de debate en la agenda de las delegaciones.<\/p>\n\n\n\n<p>El Gobierno brasile\u00f1o y otros Estados est\u00e1n mapeando las buenas pr\u00e1cticas que pueden acelerarse. Un ejemplo positivo viene de Laos, donde la investigadora Alisa Luangrath* cre\u00f3 un sistema de irrigaci\u00f3n en la provincia de Sawannaket, regi\u00f3n esencial para la agricultura del pa\u00eds, que sufre escasez de agua y otros impactos del\u00a0<a href=\"https:\/\/news.un.org\/es\/news\/topic\/climate-change\" target=\"_blank\" rel=\"noreferrer noopener\">cambio clim\u00e1tico<\/a>.<\/p>\n\n\n\n<!--more-->\n\n\n\n<h2 class=\"wp-block-heading\">Agricultores informados y preparados<\/h2>\n\n\n\n<p>En una conversaci\u00f3n con ONU News, explic\u00f3 que la tecnolog\u00eda se compone de una serie de herramientas (sensores de humedad del suelo, de agua subterr\u00e1nea y de mediciones meteorol\u00f3gicas) integradas con sistemas de inteligencia artificial.<\/p>\n\n\n\n<p>Los datos se procesan y se utilizan para hacer proyecciones sobre el estado de la tierra, la disponibilidad de agua y los riesgos de inundaci\u00f3n o aumento de temperatura. Los agricultores reciben toda la informaci\u00f3n en tiempo real a trav\u00e9s de una aplicaci\u00f3n.<\/p>\n\n\n\n<p>La investigadora espera ahora que la participaci\u00f3n en la COP30 ayude a establecer alianzas para llevar esta innovaci\u00f3n a otros pa\u00edses y comunidades vulnerables a la crisis clim\u00e1tica.<\/p>\n\n\n\n<p><strong>Todos los modelos de ia y herramientas de datos estar\u00e1n disponibles bajo licencias de c\u00f3digo abierto<\/strong>, permitiendo acceso libre para su reutilizaci\u00f3n y mejora.<\/p>\n\n\n\n<h2 class=\"wp-block-heading\">La amenaza de los almacenes de datos<\/h2>\n\n\n\n<p>Frente a este uso beneficioso de la IA, est\u00e1 la desventaja que su empleo intensivo genera preocupaciones por el impacto ambiental que tiene su excesiva demanda de energ\u00eda para funcionar.<\/p>\n\n\n\n<p>El coordinador de Telecomunicaciones y Derechos Digitales del Instituto de Defensa del Consumidor (Idec), Lu\u00e3 Cruz, explic\u00f3 que todos los datos recogidos a trav\u00e9s de celulares y computadoras que las personas usan a diario son utilizados y procesados en grandes centros de datos.<\/p>\n\n\n\n<p>\u201c<strong>Estos almacenes gastan mucha energ\u00eda y mucha agua<\/strong>, porque se tienen que enfr\u00edan;&nbsp;<strong>ocupan un territorio grande<\/strong>, porque necesitan estar en alg\u00fan lugar&nbsp;<strong>y gastan muchos minerales<\/strong>, porque existen en todos los componentes electr\u00f3nicos que forman parte de esta gran infraestructura\u201d.<\/p>\n\n\n\n<p>Cruz relata que los centros de datos \u201cno est\u00e1n respetando los l\u00edmites planetarios y buscan instalarse en lugares donde hay poca regulaci\u00f3n ambiental e incentivos econ\u00f3micos como exenciones fiscales\u201d.<\/p>\n\n\n\n<h2 class=\"wp-block-heading\">Barreras comerciales<\/h2>\n\n\n\n<p>Uno de los desaf\u00edos de la COP30 es desbloquear las negociaciones en torno a un Programa de Implementaci\u00f3n de Tecnolog\u00edas, una serie de iniciativas que pueden salvar vidas en un planeta que se calienta y est\u00e1 lleno de desastres naturales.<\/p>\n\n\n\n<p>Algunos puntos de desacuerdo son la superaci\u00f3n de barreras comerciales, incluido el r\u00e9gimen de derechos de propiedad intelectual, y los obst\u00e1culos financieros para el acceso a la tecnolog\u00eda por parte de los pa\u00edses en desarrollo.<\/p>\n\n\n\n<h2 class=\"wp-block-heading\">Agudizaci\u00f3n de la crisis h\u00eddrica<\/h2>\n\n\n\n<p>El representante del Idec dijo que Brasil, al igual que otros pa\u00edses, est\u00e1 en una carrera para atraer estos centros de datos.<\/p>\n\n\n\n<p>Para \u00e9l, la COP30 es una oportunidad para aprender de pa\u00edses que hicieron el camino inverso y rechazaron o expulsaron estas infraestructuras.<\/p>\n\n\n\n<p>Lu\u00e3 Cruz mencion\u00f3 que los Pa\u00edses Bajos u Holanda tienen una moratoria para *datacenters*; en Chile y Uruguay, instalaciones de este tipo fueron removidas porque consum\u00edan mucha agua y empeoraban el cuadro de escasez h\u00eddrica.<\/p>\n\n\n\n<p>El Idec act\u00faa en dos casos en Brasil. El primero en Caucaia, en el Interior de Cear\u00e1, donde est\u00e1 prevista la instalaci\u00f3n de un *datacenter* de la red social Tik Tok cerca de un territorio ind\u00edgena del pueblo Anac\u00e9.<\/p>\n\n\n\n<p>El otro es Eldorado do Sul, en Rio Grande do Sul, una ciudad que qued\u00f3 m\u00e1s de un 80% sumergida tras las grandes lluvias que azotaron el estado brasile\u00f1o el a\u00f1o pasado.<\/p>\n\n\n\n<p>Fuente: <a href=\"https:\/\/news.un.org\/es\/story\/2025\/11\/1540727\" target=\"_blank\" rel=\"noreferrer noopener\"><em><strong>https:\/\/news.un.org\/es\/story\/2025\/11\/1540727<\/strong><\/em><\/a><\/p>\n\n\n\n<p><\/p>\n","protected":false},"excerpt":{"rendered":"<p>La tecnolog\u00eda puede generar informaci\u00f3n que ayuda a los agricultores a gestionar mejor las condiciones del agua y el suelo; pero los grandes centros de almacenamiento de datos pueden causar impactos ambientales. Aunque no est\u00e1 oficialmente en las negociaciones de&hellip; <\/p>\n","protected":false},"author":21,"featured_media":0,"comment_status":"closed","ping_status":"open","sticky":false,"template":"","format":"standard","meta":{"footnotes":""},"categories":[1],"tags":[],"class_list":["post-5982","post","type-post","status-publish","format-standard","hentry","category-sin-categoria"],"_links":{"self":[{"href":"https:\/\/www.cent.uo.edu.cu\/cemzoc-uo\/wp-json\/wp\/v2\/posts\/5982","targetHints":{"allow":["GET"]}}],"collection":[{"href":"https:\/\/www.cent.uo.edu.cu\/cemzoc-uo\/wp-json\/wp\/v2\/posts"}],"about":[{"href":"https:\/\/www.cent.uo.edu.cu\/cemzoc-uo\/wp-json\/wp\/v2\/types\/post"}],"author":[{"embeddable":true,"href":"https:\/\/www.cent.uo.edu.cu\/cemzoc-uo\/wp-json\/wp\/v2\/users\/21"}],"replies":[{"embeddable":true,"href":"https:\/\/www.cent.uo.edu.cu\/cemzoc-uo\/wp-json\/wp\/v2\/comments?post=5982"}],"version-history":[{"count":1,"href":"https:\/\/www.cent.uo.edu.cu\/cemzoc-uo\/wp-json\/wp\/v2\/posts\/5982\/revisions"}],"predecessor-version":[{"id":5987,"href":"https:\/\/www.cent.uo.edu.cu\/cemzoc-uo\/wp-json\/wp\/v2\/posts\/5982\/revisions\/5987"}],"wp:attachment":[{"href":"https:\/\/www.cent.uo.edu.cu\/cemzoc-uo\/wp-json\/wp\/v2\/media?parent=5982"}],"wp:term":[{"taxonomy":"category","embeddable":true,"href":"https:\/\/www.cent.uo.edu.cu\/cemzoc-uo\/wp-json\/wp\/v2\/categories?post=5982"},{"taxonomy":"post_tag","embeddable":true,"href":"https:\/\/www.cent.uo.edu.cu\/cemzoc-uo\/wp-json\/wp\/v2\/tags?post=5982"}],"curies":[{"name":"wp","href":"https:\/\/api.w.org\/{rel}","templated":true}]}}