{"id":6028,"date":"2025-11-23T12:44:28","date_gmt":"2025-11-23T16:44:28","guid":{"rendered":"https:\/\/www.cent.uo.edu.cu\/cemzoc-uo\/?p=6028"},"modified":"2025-11-23T12:44:29","modified_gmt":"2025-11-23T16:44:29","slug":"el-camino-hacia-la-eliminacion-de-los-combustibles-fosiles-gana-terreno-en-la-cop30","status":"publish","type":"post","link":"https:\/\/www.cent.uo.edu.cu\/cemzoc-uo\/2025\/11\/23\/el-camino-hacia-la-eliminacion-de-los-combustibles-fosiles-gana-terreno-en-la-cop30\/","title":{"rendered":"El camino hacia la eliminaci\u00f3n de los combustibles f\u00f3siles gana terreno en la COP30"},"content":{"rendered":"\n<p>Ministros de varios pa\u00edses expresan un fuerte apoyo a la propuesta de Brasil de elevar el tema a las negociaciones formales. Entre ellos estuvieron Alemania, Reino Unido, Colombia, Kenia, Sierra Leona, Islas Marshall y otros.<\/p>\n\n\n\n<figure class=\"wp-block-image size-large is-resized\"><img loading=\"lazy\" decoding=\"async\" width=\"1024\" height=\"464\" src=\"https:\/\/www.cent.uo.edu.cu\/cemzoc-uo\/files\/2025\/11\/image-6-1024x464.png\" alt=\"\" class=\"wp-image-6029\" style=\"width:1024px;height:auto\" srcset=\"https:\/\/www.cent.uo.edu.cu\/cemzoc-uo\/files\/2025\/11\/image-6-1024x464.png 1024w, https:\/\/www.cent.uo.edu.cu\/cemzoc-uo\/files\/2025\/11\/image-6-300x136.png 300w, https:\/\/www.cent.uo.edu.cu\/cemzoc-uo\/files\/2025\/11\/image-6-768x348.png 768w, https:\/\/www.cent.uo.edu.cu\/cemzoc-uo\/files\/2025\/11\/image-6.png 1170w\" sizes=\"auto, (max-width: 1024px) 100vw, 1024px\" \/><figcaption class=\"wp-element-caption\">\u00a9 UNFCCC\/Kiara Worth \/ Participantes en la mesa redonda sobre la juventud organizada por el Secretario General de las Naciones Unidas, Ant\u00f3nio Guterres, durante la COP30 en Bel\u00e9m (Brasil).<br><br><\/figcaption><\/figure>\n\n\n\n<p>Fue un momento largamente esperado, uno que se sinti\u00f3 como pasar de p\u00e1gina. La tan aguardada hoja de ruta sobre c\u00f3mo la humanidad eliminar\u00e1 gradualmente los combustibles f\u00f3siles podr\u00eda finalmente incorporarse a las decisiones oficiales de la 30.\u00aa Conferencia de las Naciones Unidas sobre el Cambio Clim\u00e1tico (<a href=\"https:\/\/news.un.org\/es\/events\/cop30\" target=\"_blank\" rel=\"noreferrer noopener\">COP30<\/a>). Este martes, ministros de varios pa\u00edses expresaron un fuerte apoyo a la propuesta de Brasil de elevar el tema a las negociaciones formales. Entre ellos estuvieron Alemania, Reino Unido, Colombia, Kenia, Sierra Leona, Islas Marshall y otros.<\/p>\n\n\n\n<!--more-->\n\n\n\n<h2 class=\"wp-block-heading\">Una demanda de decisiones inmediatas<\/h2>\n\n\n\n<p>La coalici\u00f3n de naciones destac\u00f3 que las referencias a esta transici\u00f3n deben fortalecerse en el texto actualmente en negociaci\u00f3n, que se prev\u00e9 aprobar el mi\u00e9rcoles. El objetivo es claro: acelerar la acci\u00f3n capaz de limitar el calentamiento global a 1,5\u202f\u00b0C.<\/p>\n\n\n\n<p>Despu\u00e9s de entregar sus declaraciones, los ministros hicieron una pausa, esta vez para escuchar.<\/p>\n\n\n\n<p>En el estrado se encontraba la campeona joven de la COP30, Marcele Oliveira, portando la urgencia de toda una generaci\u00f3n. Ella record\u00f3 a los ministros que ni\u00f1os y j\u00f3venes de todo el mundo esperan una decisi\u00f3n inmediata sobre lo que llam\u00f3 una \u201cprioridad absoluta\u201d.<\/p>\n\n\n\n<p>Los combustibles f\u00f3siles, advirti\u00f3, est\u00e1n \u201cdestruyendo sue\u00f1os\u201d, y poner fin a la dependencia mundial de estos es \u201cla movilizaci\u00f3n de justicia clim\u00e1tica m\u00e1s importante de esta generaci\u00f3n\u201d.<\/p>\n\n\n\n<h2 class=\"wp-block-heading\">Protegiendo el futuro<\/h2>\n\n\n\n<p>Hablando con Noticias ONU, Marcele Oliveira subray\u00f3 que proteger el futuro de ni\u00f1os y j\u00f3venes debe ser un tema central en toda discusi\u00f3n que tenga lugar en la COP30.<\/p>\n\n\n\n<p>\u201cTuvimos una decisi\u00f3n de la\u00a0<a href=\"https:\/\/www.icj-cij.org\/es\" target=\"_blank\" rel=\"noreferrer noopener\">Corte Internacional de Justicia<\/a>\u00a0que establece que la inacci\u00f3n de los pa\u00edses frente al\u00a0<a href=\"https:\/\/news.un.org\/es\/news\/topic\/climate-change\" target=\"_blank\" rel=\"noreferrer noopener\">cambio clim\u00e1tico<\/a>\u00a0constituye un crimen ambiental. Por lo tanto, necesitamos presionar a los pa\u00edses para que tomen mejores decisiones clim\u00e1ticas, y esto tambi\u00e9n es una prioridad. Por supuesto, necesitamos alejarnos de los combustibles f\u00f3siles, invertir en la protecci\u00f3n de los bosques y proteger a quienes los protegen. Y, por supuesto, para los j\u00f3venes, es muy importante el reconocimiento de nuestra acci\u00f3n colectiva a nivel local, liderada por j\u00f3venes\u201d.<\/p>\n\n\n\n<h2 class=\"wp-block-heading\">Una \u201cbatalla decisiva\u201d<\/h2>\n\n\n\n<p>M\u00e1s tarde ese d\u00eda, el&nbsp;<a href=\"https:\/\/www.un.org\/sg\/es\">Secretario General<\/a>&nbsp;de la ONU, Ant\u00f3nio Guterres, se reuni\u00f3 con j\u00f3venes de todo el mundo y ofreci\u00f3 una disculpa cargada de reconocimiento. Las generaciones predecesoras, dijo, no lograron contener la crisis clim\u00e1tica. Las proyecciones cient\u00edficas confirman que las temperaturas inevitablemente superar\u00e1n el umbral de 1,5\u202f\u00b0C en los pr\u00f3ximos a\u00f1os.<\/p>\n\n\n\n<p>Ahora necesita a los j\u00f3venes a su lado en lo que llam\u00f3 la \u201cbatalla decisiva\u201d para garantizar que este exceso de temperatura sea lo m\u00e1s breve posible.<\/p>\n\n\n\n<p>Enfatiz\u00f3 que la transici\u00f3n de los combustibles f\u00f3siles a la energ\u00eda renovable es esencial, y que hacerlo requiere&nbsp;<strong>confrontar a los poderosos grupos de presi\u00f3n<\/strong>&nbsp;que \u201cponen las ganancias por encima del bienestar de la comunidad internacional y del planeta\u201d. La presi\u00f3n juvenil, dijo, es indispensable en la COP30.<\/p>\n\n\n\n<h2 class=\"wp-block-heading\">\u201cNo queremos ser activistas, queremos ser ni\u00f1os\u201d<\/h2>\n\n\n\n<p>Jo\u00e3o Victor da Silva, brasile\u00f1o de 16 a\u00f1os le dijo a Guterres que los j\u00f3venes \u201cno quieren ser activistas\u201d. \u201cSolo queremos ser ni\u00f1os y adolescentes, pero lamentablemente los adultos no est\u00e1n tomando las decisiones correctas\u201d.<\/p>\n\n\n\n<p>Desde Aruba, el joven delegado Nigel Maduro comparti\u00f3 una verdad dolorosa:&nbsp;<strong>las playas donde aprendi\u00f3 a nadar est\u00e1n desapareciendo ante sus ojos<\/strong>. Las negociaciones, advirti\u00f3, avanzan lentamente, tal vez demasiado para su isla, que enfrenta algunas de las temperaturas m\u00e1s altas del Caribe y la creciente amenaza del aumento del nivel del mar.<\/p>\n\n\n\n<p>J\u00f3venes de varios otros pa\u00edses ofrecieron propuestas y demandas, todas resonando con el mismo llamado: actuar ahora para garantizar un futuro habitable.<\/p>\n\n\n\n<p>En respuesta, Guterres afirm\u00f3 que una mayor participaci\u00f3n juvenil\u2014especialmente de comunidades ind\u00edgenas\u2014 conducir\u00eda a resultados mucho mejores en las COP. Reconoci\u00f3 la demanda de un financiamiento m\u00e1s directo y menos burocr\u00e1tico para los pueblos ind\u00edgenas y se comprometi\u00f3 a mejorar las condiciones para que esto sea posible.<\/p>\n\n\n\n<h2 class=\"wp-block-heading\">\u201cLas protestas son un rasgo definitorio de la COP30\u201d<\/h2>\n\n\n\n<p>La l\u00edder ind\u00edgena Txai Suru\u00ed habl\u00f3 con Noticias ONU y describi\u00f3 la reuni\u00f3n juvenil como uno de los momentos de mayor \u201cesperanza y alegr\u00eda\u201d durante la COP30, un encuentro que amplific\u00f3 las voces j\u00f3venes de maneras sin precedentes.<\/p>\n\n\n\n<p>Advirti\u00f3 que el Amazonas est\u00e1 peligrosamente cerca de un punto sin retorno, que podr\u00eda empujar al bosque hacia la desertificaci\u00f3n. Esa realidad, dijo, hace esencial que la COP y el sistema de la ONU en general se vuelvan m\u00e1s inclusivos, asegurando que los pueblos ind\u00edgenas tengan espacio para presentar tanto sus demandas como sus soluciones.<\/p>\n\n\n\n<p>\u201cLas protestas son un rasgo distintivo de esta COP porque a algunos pa\u00edses pueden no gustarles, pero&nbsp;<strong>Brasil es un pa\u00eds democr\u00e1tico, y las protestas tambi\u00e9n sirven<\/strong>&nbsp;para garantizar que estos l\u00edderes realmente tomen decisiones a favor de la vida\u201d.<\/p>\n\n\n\n<h2 class=\"wp-block-heading\">Una transici\u00f3n justa<\/h2>\n\n\n\n<p>Txai se\u00f1al\u00f3 que el lobby corporativo sigue siendo m\u00e1s grande que todas las delegaciones combinadas y mayor que la representaci\u00f3n de los pueblos ind\u00edgenas, creando un desequilibrio de voces. Sin embargo, tambi\u00e9n&nbsp;<strong>observa un creciente reconocimiento de las comunidades ind\u00edgenas<\/strong>&nbsp;como guardianes de la naturaleza.<\/p>\n\n\n\n<p>Para la campeona joven de la COP30, la transici\u00f3n lejos de los combustibles f\u00f3siles debe ser justa, con un enfoque que \u201cescuche, d\u00e9 la bienvenida y atienda los territorios\u201d. Medidas como la demarcaci\u00f3n de tierras ind\u00edgenas, dijo, son esenciales para garantizar que esta transici\u00f3n no traumatice a\u00fan m\u00e1s a poblaciones ya afectadas.<\/p>\n\n\n\n<p>Fuente: \/\/ <a href=\"https:\/\/news.un.org\/es\/story\/2025\/11\/1540771\" target=\"_blank\" rel=\"noreferrer noopener\"><em><strong>https:\/\/news.un.org\/es\/story\/2025\/11\/1540771<\/strong><\/em><\/a><\/p>\n\n\n\n<p><\/p>\n","protected":false},"excerpt":{"rendered":"<p>Ministros de varios pa\u00edses expresan un fuerte apoyo a la propuesta de Brasil de elevar el tema a las negociaciones formales. Entre ellos estuvieron Alemania, Reino Unido, Colombia, Kenia, Sierra Leona, Islas Marshall y otros. Fue un momento largamente esperado,&hellip; <\/p>\n","protected":false},"author":21,"featured_media":0,"comment_status":"closed","ping_status":"open","sticky":false,"template":"","format":"standard","meta":{"footnotes":""},"categories":[1],"tags":[],"class_list":["post-6028","post","type-post","status-publish","format-standard","hentry","category-sin-categoria"],"_links":{"self":[{"href":"https:\/\/www.cent.uo.edu.cu\/cemzoc-uo\/wp-json\/wp\/v2\/posts\/6028","targetHints":{"allow":["GET"]}}],"collection":[{"href":"https:\/\/www.cent.uo.edu.cu\/cemzoc-uo\/wp-json\/wp\/v2\/posts"}],"about":[{"href":"https:\/\/www.cent.uo.edu.cu\/cemzoc-uo\/wp-json\/wp\/v2\/types\/post"}],"author":[{"embeddable":true,"href":"https:\/\/www.cent.uo.edu.cu\/cemzoc-uo\/wp-json\/wp\/v2\/users\/21"}],"replies":[{"embeddable":true,"href":"https:\/\/www.cent.uo.edu.cu\/cemzoc-uo\/wp-json\/wp\/v2\/comments?post=6028"}],"version-history":[{"count":1,"href":"https:\/\/www.cent.uo.edu.cu\/cemzoc-uo\/wp-json\/wp\/v2\/posts\/6028\/revisions"}],"predecessor-version":[{"id":6030,"href":"https:\/\/www.cent.uo.edu.cu\/cemzoc-uo\/wp-json\/wp\/v2\/posts\/6028\/revisions\/6030"}],"wp:attachment":[{"href":"https:\/\/www.cent.uo.edu.cu\/cemzoc-uo\/wp-json\/wp\/v2\/media?parent=6028"}],"wp:term":[{"taxonomy":"category","embeddable":true,"href":"https:\/\/www.cent.uo.edu.cu\/cemzoc-uo\/wp-json\/wp\/v2\/categories?post=6028"},{"taxonomy":"post_tag","embeddable":true,"href":"https:\/\/www.cent.uo.edu.cu\/cemzoc-uo\/wp-json\/wp\/v2\/tags?post=6028"}],"curies":[{"name":"wp","href":"https:\/\/api.w.org\/{rel}","templated":true}]}}