{"id":6036,"date":"2025-11-26T19:53:00","date_gmt":"2025-11-26T23:53:00","guid":{"rendered":"https:\/\/www.cent.uo.edu.cu\/cemzoc-uo\/?p=6036"},"modified":"2025-11-26T19:53:01","modified_gmt":"2025-11-26T23:53:01","slug":"ecological-threat-report-etr-2025","status":"publish","type":"post","link":"https:\/\/www.cent.uo.edu.cu\/cemzoc-uo\/2025\/11\/26\/ecological-threat-report-etr-2025\/","title":{"rendered":"Ecological Threat Report (ETR) 2025"},"content":{"rendered":"\n<p>El reci\u00e9n publicado\u00a0<strong>Ecological Threat Report (ETR) 2025<\/strong>\u00a0del Instituto para la Econom\u00eda y la Paz (IEP) ofrece un an\u00e1lisis exhaustivo de los riesgos ecol\u00f3gicos globales, y sus hallazgos son una llamada de atenci\u00f3n urgente para todos los que trabajamos en la gesti\u00f3n y conservaci\u00f3n de las zonas costeras.<\/p>\n\n\n\n<figure class=\"wp-block-image size-large\"><img loading=\"lazy\" decoding=\"async\" width=\"724\" height=\"1024\" src=\"https:\/\/www.cent.uo.edu.cu\/cemzoc-uo\/files\/2025\/11\/ecological_threat_report_2025_1-724x1024.jpg\" alt=\"\" class=\"wp-image-6037\" srcset=\"https:\/\/www.cent.uo.edu.cu\/cemzoc-uo\/files\/2025\/11\/ecological_threat_report_2025_1-724x1024.jpg 724w, https:\/\/www.cent.uo.edu.cu\/cemzoc-uo\/files\/2025\/11\/ecological_threat_report_2025_1-212x300.jpg 212w, https:\/\/www.cent.uo.edu.cu\/cemzoc-uo\/files\/2025\/11\/ecological_threat_report_2025_1-768x1086.jpg 768w, https:\/\/www.cent.uo.edu.cu\/cemzoc-uo\/files\/2025\/11\/ecological_threat_report_2025_1-1086x1536.jpg 1086w, https:\/\/www.cent.uo.edu.cu\/cemzoc-uo\/files\/2025\/11\/ecological_threat_report_2025_1.jpg 1240w\" sizes=\"auto, (max-width: 724px) 100vw, 724px\" \/><figcaption class=\"wp-element-caption\">(ETR) 2025<\/figcaption><\/figure>\n\n\n\n<p>Las costas, como interface din\u00e1mica entre la tierra y el mar, son especialmente vulnerables a las amenazas ecol\u00f3gicas descritas en el informe. Aqu\u00ed, desglosamos los puntos clave m\u00e1s relevantes para nuestras comunidades costeras:<\/p>\n\n\n\n<p class=\"has-text-align-right\"><strong><a href=\"https:\/\/www.economicsandpeace.org\/wp-content\/uploads\/2025\/10\/Ecological-Threat-Report-2025.pdf\" target=\"_blank\" rel=\"noreferrer noopener\"><em>Descarga el informe completo<\/em><\/a><\/strong><\/p>\n\n\n\n<!--more-->\n\n\n\n<h4 class=\"wp-block-heading\"><strong>1. El Impacto Creciente de los Eventos Naturales<\/strong><\/h4>\n\n\n\n<p>Uno de los hallazgos m\u00e1s contundentes del informe es el aumento en la frecuencia e intensidad de los peligros naturales. En 2024 alone,&nbsp;<strong>45 millones de personas<\/strong>&nbsp;fueron desplazadas internamente debido a desastres, siendo las&nbsp;<strong>tormentas e inundaciones las responsables de la abrumadora mayor\u00eda<\/strong>.<\/p>\n\n\n\n<ul class=\"wp-block-list\">\n<li><strong>Para las zonas costeras esto significa:<\/strong>\u00a0Mayor erosi\u00f3n, inundaciones recurrentes, salinizaci\u00f3n de acu\u00edferos y da\u00f1os cr\u00edticos a infraestructuras vitales. La resiliencia de nuestras comunidades costeras est\u00e1 siendo puesta a prueba como nunca antes.<\/li>\n\n\n\n<li><strong>Dato crucial:<\/strong>\u00a0Aunque el n\u00famero de eventos ha sido relativamente estable desde 2005, su poder destructivo y su impacto humanitario han crecido, especialmente en regiones con baja capacidad de adaptaci\u00f3n.<\/li>\n<\/ul>\n\n\n\n<h4 class=\"wp-block-heading\"><strong>2. La Crisis H\u00eddrica: No es Escasez, Falta de Infraestructura<\/strong><\/h4>\n\n\n\n<p>El informe destaca que la&nbsp;<strong>estacionalidad de las lluvias<\/strong>&nbsp;est\u00e1 aumentando. Las temporadas h\u00famedas son m\u00e1s h\u00famedas y las secas son m\u00e1s secas, lo que genera un doble desaf\u00edo: inundaciones repentinas y sequ\u00edas prolongadas.<\/p>\n\n\n\n<ul class=\"wp-block-list\">\n<li><strong>En el contexto costero:<\/strong>\u00a0La falta de infraestructura para captar y almacenar agua en \u00e9pocas de lluvia intensa se convierte en un problema cr\u00edtico. Al mismo tiempo, la sobreexplotaci\u00f3n de acu\u00edferos costeros los hace m\u00e1s vulnerables a la intrusi\u00f3n salina, comprometiendo el agua dulce disponible.<\/li>\n\n\n\n<li><strong>El informe revela:<\/strong>\u00a0Lugares con alta estacionalidad pluvial tienen tasas de mortalidad por conflicto un\u00a0<strong>50% m\u00e1s altas<\/strong>. Si bien el agua rara vez es la causa directa de guerras entre estados, a nivel local puede exacerbar tensiones sociales y competencia por recursos escasos.<\/li>\n<\/ul>\n\n\n\n<h4 class=\"wp-block-heading\"><strong>3. Sistemas H\u00eddricos Compartidos: Cooperaci\u00f3n vs. Conflicto<\/strong><\/h4>\n\n\n\n<p>El ETR 2025 analiza m\u00e1s de 300 cuencas fluviales transfronterizas. La buena noticia es que la&nbsp;<strong>cooperaci\u00f3n ha sido hist\u00f3ricamente m\u00e1s com\u00fan que el conflicto<\/strong>. Ejemplos como la Cuenca del R\u00edo Senegal en \u00c1frica Occidental demuestran que los marcos de gesti\u00f3n conjunta, basados en la toma de decisiones equitativa y el beneficio mutuo, pueden transformar un posible punto de conflicto en un mecanismo de consolidaci\u00f3n de la paz.<\/p>\n\n\n\n<ul class=\"wp-block-list\">\n<li><strong>Lecci\u00f3n para las zonas costeras:<\/strong>\u00a0La gesti\u00f3n integrada de cuencas hidrogr\u00e1ficas que desembocan en el mar es esencial. La contaminaci\u00f3n, la reducci\u00f3n de sedimentos y la alteraci\u00f3n del flujo de agua dulce en la costa son problemas que se originan r\u00edo arriba. La\u00a0<strong>gobernanza colaborativa<\/strong>\u00a0entre comunidades del interior y la costa es fundamental para la salud de los ecosistemas costeros y marinos.<\/li>\n<\/ul>\n\n\n\n<h4 class=\"wp-block-heading\"><strong>4. Presi\u00f3n Demogr\u00e1fica en Regiones Vulnerables<\/strong><\/h4>\n\n\n\n<p>La presi\u00f3n demogr\u00e1fica se concentra en regiones que ya enfrentan grandes desaf\u00edos ecol\u00f3gicos. Se proyecta que la poblaci\u00f3n de \u00c1frica al sur del Sahara crecer\u00e1 casi un&nbsp;<strong>70% en los pr\u00f3ximos 25 a\u00f1os<\/strong>. Muchas de las megal\u00f3polis de m\u00e1s r\u00e1pido crecimiento en el mundo se encuentran en zonas costeras bajas, lo que aumenta la exposici\u00f3n de millones de personas a los riesgos clim\u00e1ticos.<\/p>\n\n\n\n<h4 class=\"wp-block-heading\"><strong>\u00bfCu\u00e1l es el Camino a Seguir? Reflexiones para Nuestro Centro<\/strong><\/h4>\n\n\n\n<p>El informe del IEP no solo diagnostica problemas, sino que tambi\u00e9n se\u00f1ala soluciones. Como centro multidisciplinario, estamos en una posici\u00f3n \u00fanica para actuar:<\/p>\n\n\n\n<ol start=\"1\" class=\"wp-block-list\">\n<li><strong>Abogar por Infraestructura Natural y H\u00edbrida:<\/strong>\u00a0Promover la restauraci\u00f3n de ecosistemas costeros (manglares, marismas, dunas) como defensa natural contra tormentas e inundaciones, complement\u00e1ndola con infraestructura gris inteligente.<\/li>\n\n\n\n<li><strong>Fomentar la Gesti\u00f3n Integrada de Cuencas y Costas:<\/strong>\u00a0Trabajar con todos los actores de la cuenca hidrogr\u00e1fica para asegurar que los flujos de agua y sedimentos que llegan a la costa mantengan la salud de los ecosistemas.<\/li>\n\n\n\n<li><strong>Invertir en Sistemas de Alerta Temprana y Adaptaci\u00f3n Comunitaria:<\/strong>\u00a0Desarrollar capacidades locales para responder a eventos extremos, con un enfoque especial en los grupos m\u00e1s vulnerables de las zonas costeras.<\/li>\n\n\n\n<li><strong>Investigar y Promover Soluciones Basadas en la Captaci\u00f3n de Agua:<\/strong>\u00a0Como se\u00f1ala el informe, la \u00abmicro-captaci\u00f3n\u00bb de agua a nivel local puede ser transformadora para la seguridad h\u00eddrica en \u00e9pocas de lluvias err\u00e1ticas.<\/li>\n<\/ol>\n\n\n\n<p>El mensaje central del&nbsp;<strong>Ecological Threat Report 2025<\/strong>&nbsp;es claro: los riesgos ecol\u00f3gicos est\u00e1n en aumento y su impacto es desigual, afectando m\u00e1s a los m\u00e1s vulnerables. Para las zonas costeras, este no es un futuro lejano, es nuestra realidad presente. La \u00fanica respuesta efectiva es la&nbsp;<strong>cooperaci\u00f3n, la inversi\u00f3n en resiliencia y un enfoque multidisciplinario<\/strong>&nbsp;que entrelace el manejo del agua, la seguridad alimentaria y la preparaci\u00f3n ante desastres.<\/p>\n","protected":false},"excerpt":{"rendered":"<p>El reci\u00e9n publicado\u00a0Ecological Threat Report (ETR) 2025\u00a0del Instituto para la Econom\u00eda y la Paz (IEP) ofrece un an\u00e1lisis exhaustivo de los riesgos ecol\u00f3gicos globales, y sus hallazgos son una llamada de atenci\u00f3n urgente para todos los que trabajamos en la&hellip; <\/p>\n","protected":false},"author":21,"featured_media":0,"comment_status":"closed","ping_status":"open","sticky":false,"template":"","format":"standard","meta":{"footnotes":""},"categories":[1],"tags":[],"class_list":["post-6036","post","type-post","status-publish","format-standard","hentry","category-sin-categoria"],"_links":{"self":[{"href":"https:\/\/www.cent.uo.edu.cu\/cemzoc-uo\/wp-json\/wp\/v2\/posts\/6036","targetHints":{"allow":["GET"]}}],"collection":[{"href":"https:\/\/www.cent.uo.edu.cu\/cemzoc-uo\/wp-json\/wp\/v2\/posts"}],"about":[{"href":"https:\/\/www.cent.uo.edu.cu\/cemzoc-uo\/wp-json\/wp\/v2\/types\/post"}],"author":[{"embeddable":true,"href":"https:\/\/www.cent.uo.edu.cu\/cemzoc-uo\/wp-json\/wp\/v2\/users\/21"}],"replies":[{"embeddable":true,"href":"https:\/\/www.cent.uo.edu.cu\/cemzoc-uo\/wp-json\/wp\/v2\/comments?post=6036"}],"version-history":[{"count":1,"href":"https:\/\/www.cent.uo.edu.cu\/cemzoc-uo\/wp-json\/wp\/v2\/posts\/6036\/revisions"}],"predecessor-version":[{"id":6038,"href":"https:\/\/www.cent.uo.edu.cu\/cemzoc-uo\/wp-json\/wp\/v2\/posts\/6036\/revisions\/6038"}],"wp:attachment":[{"href":"https:\/\/www.cent.uo.edu.cu\/cemzoc-uo\/wp-json\/wp\/v2\/media?parent=6036"}],"wp:term":[{"taxonomy":"category","embeddable":true,"href":"https:\/\/www.cent.uo.edu.cu\/cemzoc-uo\/wp-json\/wp\/v2\/categories?post=6036"},{"taxonomy":"post_tag","embeddable":true,"href":"https:\/\/www.cent.uo.edu.cu\/cemzoc-uo\/wp-json\/wp\/v2\/tags?post=6036"}],"curies":[{"name":"wp","href":"https:\/\/api.w.org\/{rel}","templated":true}]}}