{"id":6039,"date":"2025-11-28T13:59:03","date_gmt":"2025-11-28T17:59:03","guid":{"rendered":"https:\/\/www.cent.uo.edu.cu\/cemzoc-uo\/?p=6039"},"modified":"2025-11-28T19:02:12","modified_gmt":"2025-11-28T23:02:12","slug":"dia-mundial-contra-el-uso-indiscriminado-de-agroquimicos","status":"publish","type":"post","link":"https:\/\/www.cent.uo.edu.cu\/cemzoc-uo\/2025\/11\/28\/dia-mundial-contra-el-uso-indiscriminado-de-agroquimicos\/","title":{"rendered":"D\u00eda Mundial contra el uso indiscriminado de Agroqu\u00edmicos"},"content":{"rendered":"\n<p>Cada 26 de noviembre se celebra el\u00a0<strong>D\u00eda Mundial contra el Uso Indiscriminado de Agroqu\u00edmicos<\/strong>, con la finalidad de concienciar a la poblaci\u00f3n mundial acerca del uso indebido e indiscriminado de productos agroqu\u00edmicos a nivel global.<\/p>\n\n\n\n<figure class=\"wp-block-image size-large\"><img loading=\"lazy\" decoding=\"async\" width=\"1024\" height=\"683\" src=\"https:\/\/www.cent.uo.edu.cu\/cemzoc-uo\/files\/2025\/11\/image-7-1024x683.png\" alt=\"\" class=\"wp-image-6040\" srcset=\"https:\/\/www.cent.uo.edu.cu\/cemzoc-uo\/files\/2025\/11\/image-7-1024x683.png 1024w, https:\/\/www.cent.uo.edu.cu\/cemzoc-uo\/files\/2025\/11\/image-7-300x200.png 300w, https:\/\/www.cent.uo.edu.cu\/cemzoc-uo\/files\/2025\/11\/image-7-768x512.png 768w, https:\/\/www.cent.uo.edu.cu\/cemzoc-uo\/files\/2025\/11\/image-7-306x205.png 306w, https:\/\/www.cent.uo.edu.cu\/cemzoc-uo\/files\/2025\/11\/image-7.png 1536w\" sizes=\"auto, (max-width: 1024px) 100vw, 1024px\" \/><figcaption class=\"wp-element-caption\">Imagen generada por IA: \u201cEco-Agro Advertencia\u201d usando DALL\u00b7E (OpenAI, versi\u00f3n julio 2025) [AI image generator]. Herramienta p\u00fablica: https:\/\/labs.openai.com\/<\/figcaption><\/figure>\n\n\n\n<p>Con la celebraci\u00f3n de esta efem\u00e9ride se pretende minimizar los riesgos generados por los productos agroqu\u00edmicos sobre la salud humana, as\u00ed como su impacto en el medio ambiente. Existe otra fecha relacionada con este mismo tema. Se trata del\u00a0<a href=\"https:\/\/www.diainternacionalde.com\/ficha\/dia-mundial-no-uso-plaguicidas\" target=\"_blank\" rel=\"noreferrer noopener\"><strong>D\u00eda Mundial del no uso de Plaguicidas<\/strong><\/a>, celebrado el 3 de diciembre.<\/p>\n\n\n\n<!--more-->\n\n\n\n<h2 class=\"wp-block-heading\" id=\"resTit_1\">Origen de la creaci\u00f3n del D\u00eda Mundial contra el uso indiscriminado de agroqu\u00edmicos<\/h2>\n\n\n\n<p>La creaci\u00f3n de este d\u00eda mundial ha sido por iniciativa de las 400 organizaciones afiliadas a la asociaci\u00f3n<strong>&nbsp;Pesticida Action Network (PAN)<\/strong>.<\/p>\n\n\n\n<p>Se conmemora a las miles de v\u00edctimas que fallecieron en India en el a\u00f1o 1984, debido a la fuga de un l\u00edquido (denominado bophal) utilizado en la fabricaci\u00f3n de plaguicidas por parte de la Corporaci\u00f3n Uni\u00f3n Carbide. Este fatal accidente tambi\u00e9n ocasion\u00f3 varios heridos con secuelas.<\/p>\n\n\n\n<h2 class=\"wp-block-heading\" id=\"resTit_2\">\u00bfQu\u00e9 son los Agroqu\u00edmicos?<\/h2>\n\n\n\n<p>Los&nbsp;<strong>agroqu\u00edmicos<\/strong>&nbsp;son productos qu\u00edmicos concentrados que son utilizados como pesticidas en la agricultura: insecticidas, herbicidas, nematicidas y fungicidas. Incluye otros agentes qu\u00edmicos de crecimiento, hormonas, fertilizantes sint\u00e9ticos, entre otros.<\/p>\n\n\n\n<p>Los componentes qu\u00edmicos de estos productos pueden contaminar los suelos y fuentes de agua naturales, afectando la salud de las personas, as\u00ed como a especies de la flora y fauna silvestre.<\/p>\n\n\n\n<p>El principal problema radica en el uso indiscriminado de estos agroqu\u00edmicos, ya que pueden desarrollar la resistencia del agente o plaga a ese producto. Por otra parte, afecta por igual a polinizadores y otros organismos ben\u00e9ficiosos, propiciando la aparici\u00f3n de plagas o enfermedades secundarias.<\/p>\n\n\n\n<p>En el manejo de productos agroqu\u00edmicos se deben tomar en cuenta los siguientes aspectos:<\/p>\n\n\n\n<ul class=\"wp-block-list\">\n<li>Uso de instalaciones de almacenamiento y etiquetado que cumpla con los requerimientos estipulados.<\/li>\n\n\n\n<li>Equipo y procedimientos de limpieza de emergencia.<\/li>\n\n\n\n<li>Equipo y procedimientos de seguridad para el manejo y aplicaci\u00f3n de los productos, los cuales deber\u00e1n estar sujetos a normas y reglamentos obligatorios.<\/li>\n<\/ul>\n\n\n\n<h2 class=\"wp-block-heading\" id=\"resTit_3\">Pesticide Action Network (PAN)<\/h2>\n\n\n\n<p><strong>Pesticide Action Network (PAN)<\/strong>&nbsp;es una red fundada en el a\u00f1o 1982, que agrupa a m\u00e1s de 600 organizaciones no gubernamentales e instituciones pertenecientes a m\u00e1s de 90 pa\u00edses. Realizan un esfuerzo mancomunado, orientado a reemplazar el uso de pesticidas peligrosos con alternativas ecol\u00f3gicas.<\/p>\n\n\n\n<p>Actualmente cuenta con cinco Centros Regionales independientes, encargados de implementar sus proyectos y campa\u00f1as.<\/p>\n\n\n\n<p>Fuente: <a href=\"https:\/\/www.diainternacionalde.com\/ficha\/dia-mundial-uso-indiscriminado-agroquimicos\" target=\"_blank\" rel=\"noreferrer noopener\"><strong><em>https:\/\/www.diainternacionalde.com\/ficha\/dia-mundial-uso-indiscriminado-agroquimicos<\/em><\/strong><\/a><\/p>\n\n\n\n<p><\/p>\n","protected":false},"excerpt":{"rendered":"<p>Cada 26 de noviembre se celebra el\u00a0D\u00eda Mundial contra el Uso Indiscriminado de Agroqu\u00edmicos, con la finalidad de concienciar a la poblaci\u00f3n mundial acerca del uso indebido e indiscriminado de productos agroqu\u00edmicos a nivel global. Con la celebraci\u00f3n de esta&hellip; <\/p>\n","protected":false},"author":21,"featured_media":0,"comment_status":"closed","ping_status":"open","sticky":false,"template":"","format":"standard","meta":{"footnotes":""},"categories":[1],"tags":[],"class_list":["post-6039","post","type-post","status-publish","format-standard","hentry","category-sin-categoria"],"_links":{"self":[{"href":"https:\/\/www.cent.uo.edu.cu\/cemzoc-uo\/wp-json\/wp\/v2\/posts\/6039","targetHints":{"allow":["GET"]}}],"collection":[{"href":"https:\/\/www.cent.uo.edu.cu\/cemzoc-uo\/wp-json\/wp\/v2\/posts"}],"about":[{"href":"https:\/\/www.cent.uo.edu.cu\/cemzoc-uo\/wp-json\/wp\/v2\/types\/post"}],"author":[{"embeddable":true,"href":"https:\/\/www.cent.uo.edu.cu\/cemzoc-uo\/wp-json\/wp\/v2\/users\/21"}],"replies":[{"embeddable":true,"href":"https:\/\/www.cent.uo.edu.cu\/cemzoc-uo\/wp-json\/wp\/v2\/comments?post=6039"}],"version-history":[{"count":2,"href":"https:\/\/www.cent.uo.edu.cu\/cemzoc-uo\/wp-json\/wp\/v2\/posts\/6039\/revisions"}],"predecessor-version":[{"id":6042,"href":"https:\/\/www.cent.uo.edu.cu\/cemzoc-uo\/wp-json\/wp\/v2\/posts\/6039\/revisions\/6042"}],"wp:attachment":[{"href":"https:\/\/www.cent.uo.edu.cu\/cemzoc-uo\/wp-json\/wp\/v2\/media?parent=6039"}],"wp:term":[{"taxonomy":"category","embeddable":true,"href":"https:\/\/www.cent.uo.edu.cu\/cemzoc-uo\/wp-json\/wp\/v2\/categories?post=6039"},{"taxonomy":"post_tag","embeddable":true,"href":"https:\/\/www.cent.uo.edu.cu\/cemzoc-uo\/wp-json\/wp\/v2\/tags?post=6039"}],"curies":[{"name":"wp","href":"https:\/\/api.w.org\/{rel}","templated":true}]}}