{"id":6043,"date":"2025-11-28T19:06:56","date_gmt":"2025-11-28T23:06:56","guid":{"rendered":"https:\/\/www.cent.uo.edu.cu\/cemzoc-uo\/?p=6043"},"modified":"2025-11-28T19:06:57","modified_gmt":"2025-11-28T23:06:57","slug":"rumbo-a-unea-7-impulsar-soluciones-sostenibles-para-un-planeta-resiliente","status":"publish","type":"post","link":"https:\/\/www.cent.uo.edu.cu\/cemzoc-uo\/2025\/11\/28\/rumbo-a-unea-7-impulsar-soluciones-sostenibles-para-un-planeta-resiliente\/","title":{"rendered":"Rumbo a UNEA-7: \u201cImpulsar soluciones sostenibles para un planeta resiliente\u201d"},"content":{"rendered":"\n<p>A menos de dos semanas de su inicio, las preparaciones para la s\u00e9ptima sesi\u00f3n de la <a href=\"https:\/\/www.unep.org\/environmentassembly\/es\/unea7?%2Funea7=\" target=\"_blank\" rel=\"noreferrer noopener\">Asamblea de las Naciones Unidas para el Medio Ambiente (UNEA-7)<\/a> avanzan r\u00e1pidamente en Nairobi.<\/p>\n\n\n\n<figure class=\"wp-block-image size-large\"><img loading=\"lazy\" decoding=\"async\" width=\"1024\" height=\"576\" src=\"https:\/\/www.cent.uo.edu.cu\/cemzoc-uo\/files\/2025\/11\/image-8-1024x576.png\" alt=\"\" class=\"wp-image-6044\" srcset=\"https:\/\/www.cent.uo.edu.cu\/cemzoc-uo\/files\/2025\/11\/image-8-1024x576.png 1024w, https:\/\/www.cent.uo.edu.cu\/cemzoc-uo\/files\/2025\/11\/image-8-300x169.png 300w, https:\/\/www.cent.uo.edu.cu\/cemzoc-uo\/files\/2025\/11\/image-8-768x432.png 768w, https:\/\/www.cent.uo.edu.cu\/cemzoc-uo\/files\/2025\/11\/image-8.png 1114w\" sizes=\"auto, (max-width: 1024px) 100vw, 1024px\" \/><figcaption class=\"wp-element-caption\">UNEP<\/figcaption><\/figure>\n\n\n\n<p>Este a\u00f1o, la Asamblea \u2014el m\u00e1ximo \u00f3rgano de decisi\u00f3n en temas ambientales, con participaci\u00f3n de 193 Estados Miembros\u2014 ocurre en un contexto complejo para el multilateralismo. Sin embargo, como se\u00f1ala Radhika Ochalik, Directora de Asuntos de Gobernanza del PNUMA, la UNEA ha demostrado desde su creaci\u00f3n en 2014 que <a href=\"https:\/\/www.unep.org\/es\/noticias-y-reportajes\/reportajes\/encuentro-de-la-onu-abordara-los-mayores-retos-ambientales-del\" target=\"_blank\" rel=\"noreferrer noopener\">las naciones pueden dejar de lado diferencias y avanzar juntas en soluciones ambientales globales<\/a>. El tema de UNEA-7, \u201c<a href=\"https:\/\/www.unep.org\/environmentassembly\/unea7\/theme\" target=\"_blank\" rel=\"noreferrer noopener\">Sostenibilidad y resiliencia para un planeta bajo presi\u00f3n<\/a>\u201d, responde al aumento de las emisiones, la p\u00e9rdida acelerada de biodiversidad y el impacto de la contaminaci\u00f3n en la salud y los medios de vida.<\/p>\n\n\n\n<!--more-->\n\n\n\n<h3 class=\"wp-block-heading\" id=\"ember62\">\u00bfQu\u00e9 esperar de UNEA-7?<\/h3>\n\n\n\n<p id=\"ember63\">UNEA-7 ser\u00e1 un espacio de negociaci\u00f3n y toma de decisiones que definir\u00e1 prioridades globales para enfrentar las tres crisis planetarias:<\/p>\n\n\n\n<ul class=\"wp-block-list\">\n<li>Cambio clim\u00e1tico<\/li>\n\n\n\n<li>P\u00e9rdida de naturaleza y biodiversidad<\/li>\n\n\n\n<li>Contaminaci\u00f3n y desechos<\/li>\n<\/ul>\n\n\n\n<h3 class=\"wp-block-heading\" id=\"ember65\">Resoluciones y decisiones est\u00e1n ya en preparaci\u00f3n, incluyendo propuestas sobre:<\/h3>\n\n\n\n<p>Conservaci\u00f3n y resiliencia de arrecifes de coral.<a href=\"https:\/\/www.linkedin.com\/company\/unep-latam\/\"><\/a><\/p>\n\n\n\n<p>Inteligencia artificial responsable y sostenible.<\/p>\n\n\n\n<p>Fortalecimiento de la respuesta internacional frente a delitos ambientales.<\/p>\n\n\n\n<p>Gesti\u00f3n ambientalmente racional de minerales y metales.<\/p>\n\n\n\n<p>Evaluaci\u00f3n cient\u00edfica global de los ecosistemas de aguas profundas.<\/p>\n\n\n\n<p><\/p>\n\n\n\n<p>Fuente: <a href=\"https:\/\/www.linkedin.com\/pulse\/rumbo-unea-7-impulsar-soluciones-sostenibles-para-un-planeta-hbyrf\/\" target=\"_blank\" rel=\"noreferrer noopener\"><em><strong>https:\/\/www.linkedin.com\/pulse\/rumbo-unea-7-impulsar-soluciones-sostenibles-para-un-planeta-hbyrf\/<\/strong><\/em><\/a><\/p>\n\n\n\n<p><\/p>\n","protected":false},"excerpt":{"rendered":"<p>A menos de dos semanas de su inicio, las preparaciones para la s\u00e9ptima sesi\u00f3n de la Asamblea de las Naciones Unidas para el Medio Ambiente (UNEA-7) avanzan r\u00e1pidamente en Nairobi. Este a\u00f1o, la Asamblea \u2014el m\u00e1ximo \u00f3rgano de decisi\u00f3n en&hellip; <\/p>\n","protected":false},"author":21,"featured_media":0,"comment_status":"closed","ping_status":"open","sticky":false,"template":"","format":"standard","meta":{"footnotes":""},"categories":[1],"tags":[],"class_list":["post-6043","post","type-post","status-publish","format-standard","hentry","category-sin-categoria"],"_links":{"self":[{"href":"https:\/\/www.cent.uo.edu.cu\/cemzoc-uo\/wp-json\/wp\/v2\/posts\/6043","targetHints":{"allow":["GET"]}}],"collection":[{"href":"https:\/\/www.cent.uo.edu.cu\/cemzoc-uo\/wp-json\/wp\/v2\/posts"}],"about":[{"href":"https:\/\/www.cent.uo.edu.cu\/cemzoc-uo\/wp-json\/wp\/v2\/types\/post"}],"author":[{"embeddable":true,"href":"https:\/\/www.cent.uo.edu.cu\/cemzoc-uo\/wp-json\/wp\/v2\/users\/21"}],"replies":[{"embeddable":true,"href":"https:\/\/www.cent.uo.edu.cu\/cemzoc-uo\/wp-json\/wp\/v2\/comments?post=6043"}],"version-history":[{"count":1,"href":"https:\/\/www.cent.uo.edu.cu\/cemzoc-uo\/wp-json\/wp\/v2\/posts\/6043\/revisions"}],"predecessor-version":[{"id":6045,"href":"https:\/\/www.cent.uo.edu.cu\/cemzoc-uo\/wp-json\/wp\/v2\/posts\/6043\/revisions\/6045"}],"wp:attachment":[{"href":"https:\/\/www.cent.uo.edu.cu\/cemzoc-uo\/wp-json\/wp\/v2\/media?parent=6043"}],"wp:term":[{"taxonomy":"category","embeddable":true,"href":"https:\/\/www.cent.uo.edu.cu\/cemzoc-uo\/wp-json\/wp\/v2\/categories?post=6043"},{"taxonomy":"post_tag","embeddable":true,"href":"https:\/\/www.cent.uo.edu.cu\/cemzoc-uo\/wp-json\/wp\/v2\/tags?post=6043"}],"curies":[{"name":"wp","href":"https:\/\/api.w.org\/{rel}","templated":true}]}}