{"id":6058,"date":"2025-12-03T21:28:15","date_gmt":"2025-12-04T01:28:15","guid":{"rendered":"https:\/\/www.cent.uo.edu.cu\/cemzoc-uo\/?p=6058"},"modified":"2025-12-03T21:33:26","modified_gmt":"2025-12-04T01:33:26","slug":"corrientes-marinas-se-esta-acelerando-el-pulso-de-los-oceanos","status":"publish","type":"post","link":"https:\/\/www.cent.uo.edu.cu\/cemzoc-uo\/2025\/12\/03\/corrientes-marinas-se-esta-acelerando-el-pulso-de-los-oceanos\/","title":{"rendered":"Corrientes marinas: \u00bfse est\u00e1 acelerando el pulso de los\u00a0oc\u00e9anos?"},"content":{"rendered":"\n<p>Desde hace siglos, el mar ha sido fuente de misterio y poes\u00eda. Pero tambi\u00e9n de desaf\u00edos que ya no podemos ignorar. Hoy no solo hablamos del oc\u00e9ano desde la mirada del navegante o del poeta, sino tambi\u00e9n desde la del cient\u00edfico que trata de descifrar c\u00f3mo esos r\u00edos invisibles \u2013las corrientes marinas\u2013 est\u00e1n cambiando. Porque s\u00ed, hay r\u00edos en el mar.<\/p>\n\n\n\n<figure class=\"wp-block-image size-large\"><img loading=\"lazy\" decoding=\"async\" width=\"1024\" height=\"341\" src=\"https:\/\/www.cent.uo.edu.cu\/cemzoc-uo\/files\/2025\/12\/image-1-1024x341.png\" alt=\"\" class=\"wp-image-6059\" srcset=\"https:\/\/www.cent.uo.edu.cu\/cemzoc-uo\/files\/2025\/12\/image-1-1024x341.png 1024w, https:\/\/www.cent.uo.edu.cu\/cemzoc-uo\/files\/2025\/12\/image-1-300x100.png 300w, https:\/\/www.cent.uo.edu.cu\/cemzoc-uo\/files\/2025\/12\/image-1-768x256.png 768w, https:\/\/www.cent.uo.edu.cu\/cemzoc-uo\/files\/2025\/12\/image-1-1536x512.png 1536w, https:\/\/www.cent.uo.edu.cu\/cemzoc-uo\/files\/2025\/12\/image-1-2048x683.png 2048w\" sizes=\"auto, (max-width: 1024px) 100vw, 1024px\" \/><figcaption class=\"wp-element-caption\">Visualizaci\u00f3n de las corrientes oce\u00e1nicas en el Atl\u00e1ntico confeccionada por la NASA.<\/figcaption><\/figure>\n\n\n\n<p>El oc\u00e9ano est\u00e1 en continuo movimiento. Sus corrientes transportan calor, ox\u00edgeno, carbono y nutrientes, desempe\u00f1ando un papel esencial en la\u00a0<a href=\"https:\/\/theconversation.com\/el-oceano-se-sofoca-250429\" target=\"_blank\" rel=\"noreferrer noopener\">regulaci\u00f3n del clima<\/a>\u00a0y en la dispersi\u00f3n de contaminantes,\u00a0<a href=\"https:\/\/theconversation.com\/oceanos-de-plastico-mucho-mas-alla-de-lo-visible-198703\" target=\"_blank\" rel=\"noreferrer noopener\">micropl\u00e1sticos<\/a>\u00a0y larvas de peces, adem\u00e1s de influir en\u00a0<a href=\"https:\/\/theconversation.com\/oceano-atlantico-el-origen-de-la-circulacion-marina-y-nuestro-gusto-por-el-bacalao-151502\" target=\"_blank\" rel=\"noreferrer noopener\">procesos meteorol\u00f3gicos y clim\u00e1ticos<\/a>\u00a0a escala regional y global. Algunas de estas corrientes se est\u00e1n volviendo m\u00e1s r\u00e1pidas, m\u00e1s intensas, como si el pulso del oc\u00e9ano se acelerara. \u00bfEst\u00e1 aumentando su energ\u00eda? \u00bfQu\u00e9 lo causa? Todav\u00eda no tenemos todas las respuestas, pero lo estamos vigilando de cerca.<\/p>\n\n\n\n<!--more-->\n\n\n\n<h2 class=\"wp-block-heading\">El ritmo del mar se acelera<\/h2>\n\n\n\n<p>Comprender la din\u00e1mica de estas corrientes es clave para mejorar la gesti\u00f3n del oc\u00e9ano y anticipar los efectos del cambio clim\u00e1tico. En un\u00a0<a href=\"https:\/\/www.nature.com\/articles\/s41598-025-06149-9\" target=\"_blank\" rel=\"noreferrer noopener\">an\u00e1lisis de tres d\u00e9cadas<\/a>\u00a0de datos satelitales hemos mostrado que la energ\u00eda de los remolinos \u2013responsables de cerca del 90\u202f% del movimiento del oc\u00e9ano\u2013 est\u00e1 creciendo de forma global, con un pulso especialmente fuerte en regiones como la corriente del Golfo o\u00a0<a href=\"https:\/\/www.sciencedirect.com\/science\/article\/abs\/pii\/S0031018223005990\" target=\"_blank\" rel=\"noreferrer noopener\">de Kuroshio<\/a>. Se\u00f1ales que invitan a revisar c\u00f3mo los modelos clim\u00e1ticos representan la circulaci\u00f3n oce\u00e1nica.<\/p>\n\n\n\n<p>Durante los \u00faltimos treinta a\u00f1os, la altimetr\u00eda de alta precisi\u00f3n, la ciencia de que se ocupa de medir las alturas de los diferentes puntos de la superficie del planeta, ha transformado nuestra comprensi\u00f3n de la circulaci\u00f3n oce\u00e1nica. Misiones como\u00a0<a href=\"https:\/\/sealevel.jpl.nasa.gov\/missions\/topex-poseidon\/summary\/\" target=\"_blank\" rel=\"noreferrer noopener\">TOPEX\/POSEIDON<\/a>, ERS-1 y ERS-2, Jason-1\/2\/3,\u00a0<a href=\"https:\/\/earth.esa.int\/eogateway\/missions\/envisat\">ENVISAT<\/a>, Geosat Follow-On, CryoSat, SARAL\/AltiKa y Sentinel-3A\/B han permitido medir con gran exactitud la topograf\u00eda superficial del mar. Y, a partir de ella, inferir la din\u00e1mica de las corrientes oce\u00e1nicas.<\/p>\n\n\n\n<p>As\u00ed, con un solo sat\u00e9lite se pudo detectar el aumento del nivel medio del mar asociado al cambio clim\u00e1tico y observar fen\u00f3menos de gran escala\u00a0<a href=\"https:\/\/theconversation.com\/asi-puede-influir-el-nino-en-el-calentamiento-global-209543\" target=\"_blank\" rel=\"noreferrer noopener\">como El Ni\u00f1o<\/a>. La combinaci\u00f3n de varios alt\u00edmetros permiti\u00f3 cartografiar estructuras m\u00e1s peque\u00f1as, como remolinos y meandros, y analizar la variabilidad de mesoescala (dimensi\u00f3n intermedia en el estudio de fen\u00f3menos) donde se concentra la mayor parte de la energ\u00eda del oc\u00e9ano.<\/p>\n\n\n\n<h2 class=\"wp-block-heading\">Lo que las nuevas tecnolog\u00edas nos dejan ver<\/h2>\n\n\n\n<p>En nuestro grupo de investigaci\u00f3n hemos trabajado durante a\u00f1os para reunir datos, dise\u00f1ar m\u00e9todos y analizar ese latido del oc\u00e9ano. Ciencia de fondo, que necesita tiempo y equipos. Y ahora, con la nueva misi\u00f3n altim\u00e9trica\u00a0<a href=\"https:\/\/www.csic.es\/es\/actualidad-del-csic\/lanzado-con-exito-el-satelite-swot-la-mision-que-examinara-el-agua-de-la-superficie-de-la-tierra\" target=\"_blank\" rel=\"noreferrer noopener\">SWOT<\/a>, podemos ver m\u00e1s que nunca.<\/p>\n\n\n\n<p>La colaboraci\u00f3n internacional en campa\u00f1as de observaci\u00f3n coordinada \u2013que\u00a0<a href=\"https:\/\/theconversation.com\/cuidando-la-tierra-desde-el-espacio-151056\" target=\"_blank\" rel=\"noreferrer noopener\">combinan sat\u00e9lites<\/a>, boyas,\u00a0<em>gliders<\/em>\u00a0(submarinos aut\u00f3nomos) y mediciones\u00a0<em>in situ<\/em>\u2013 est\u00e1 permitiendo obtener un retrato m\u00e1s completo de estas corrientes.<\/p>\n\n\n\n<p>En la zona en torno a las Islas Baleares se han desarrollado experimentos espec\u00edficos para calibraci\u00f3n y validaci\u00f3n de la misi\u00f3n, convirti\u00e9ndose en una de las \u00e1reas oficiales de referencia para este prop\u00f3sito.<\/p>\n\n\n\n<p>Una de esas campa\u00f1as la lideramos desde el\u00a0<a href=\"https:\/\/www.swot-adac.org\/news\/fast-swot-blog-the-fast-swot-campaign-starts-today\/\" target=\"_blank\" rel=\"noreferrer noopener\">IMEDEA(CSIC-UIB)<\/a>\u00a0y se ha demostrado que\u00a0<a href=\"https:\/\/agupubs.onlinelibrary.wiley.com\/doi\/full\/10.1029\/2025GL116480\" target=\"_blank\" rel=\"noreferrer noopener\">SWOT es capaz de detectar remolinos de apenas una decena de kil\u00f3metros con una precisi\u00f3n que antes era imposible<\/a>. Son peque\u00f1as estructuras que concentran energ\u00eda y nutrientes y que pueden\u00a0<a href=\"https:\/\/theconversation.com\/olas-de-calor-marinas-el-oceano-a-punto-de-ebullicion-250948\" target=\"_blank\" rel=\"noreferrer noopener\">alterar el transporte de calor a escalas regionales<\/a>.<\/p>\n\n\n\n<p>Pero este logro tecnol\u00f3gico, como pasa con cada avance cient\u00edfico, es fruto de una historia colectiva. Detr\u00e1s de SWOT hay una comunidad internacional \u2013la\u00a0<a href=\"https:\/\/www.sciencedirect.com\/science\/article\/pii\/S0273117721000594\" target=\"_blank\" rel=\"noreferrer noopener\">comunidad altim\u00e9trica<\/a>\u2013 que, con enorme esfuerzo y cooperaci\u00f3n, ha conseguido medir el nivel del mar con precisi\u00f3n de cent\u00edmetros desde sat\u00e9lites a m\u00e1s de 800 kil\u00f3metros de altura.<\/p>\n\n\n\n<h2 class=\"wp-block-heading\">Un oc\u00e9ano que se calienta<\/h2>\n\n\n\n<p>Observar el mar no es un lujo:\u00a0<a href=\"https:\/\/digital.csic.es\/handle\/10261\/221204\" target=\"_blank\" rel=\"noreferrer noopener\">es una necesidad<\/a>. Nos ayuda tambi\u00e9n a entender si aumentan las olas de calor marinas,\u00a0<a href=\"https:\/\/theconversation.com\/que-le-ocurre-al-pacifico-el-oceano-mas-grande-del-mundo-esta-en-peligro-151507\" target=\"_blank\" rel=\"noreferrer noopener\">c\u00f3mo cambian los ecosistemas<\/a>\u00a0y c\u00f3mo podemos anticipar los impactos del cambio clim\u00e1tico.<\/p>\n\n\n\n<p>Precisamente en este mar Balear,\u00a0<a href=\"https:\/\/os.copernicus.org\/articles\/21\/1987\/2025\/\" target=\"_blank\" rel=\"noreferrer noopener\">la temperatura superficial ha subido en los \u00faltimos cuarenta a\u00f1os<\/a>\u00a0a un ritmo cercano a cuatro cent\u00e9simas de grado por a\u00f1o. Los episodios de calor extremo de 2003 o 2022 siguen grabados en la memoria de sus aguas, record\u00e1ndonos que el calentamiento es ya parte de nuestro presente.<\/p>\n\n\n\n<p>Pero observar no basta: hace falta interpretar. Y ah\u00ed entran los equipos cient\u00edficos, que cada d\u00eda dan sentido a esos datos. La ciencia se construye en equipo, con \u00e9tica, dedicaci\u00f3n y pasi\u00f3n. Las nuevas generaciones nos ayudan a adaptarnos, a mirar desde otros \u00e1ngulos. Nos recuerdan que a\u00fan hay espacio para el asombro.<\/p>\n\n\n\n<p>Cuando un terremoto sacude las costas rusas y\u00a0<a href=\"https:\/\/theconversation.com\/el-terremoto-de-rusia-sacude-el-pacifico-despierta-un-volcan-y-pone-a-prueba-la-ciencia-262250\" target=\"_blank\" rel=\"noreferrer noopener\">provoca un tsunami que viaja miles de kil\u00f3metros<\/a>, no es solo una noticia lejana: es una advertencia. El oc\u00e9ano no entiende de fronteras. Nos afecta a todos y todas.<\/p>\n\n\n\n<p>Por eso, observar, medir y comprender el oc\u00e9ano es un acto de cuidado hacia nosotros mismos y hacia el planeta.<\/p>\n\n\n\n<p>Fuente: <a href=\"https:\/\/theconversation.com\/corrientes-marinas-se-esta-acelerando-el-pulso-de-los-oceanos-265929\" target=\"_blank\" rel=\"noreferrer noopener\"><em>https:\/\/theconversation.com\/corrientes-marinas-se-esta-acelerando-el-pulso-de-los-oceanos-265929<\/em><\/a><\/p>\n\n\n\n<p><\/p>\n","protected":false},"excerpt":{"rendered":"<p>Desde hace siglos, el mar ha sido fuente de misterio y poes\u00eda. Pero tambi\u00e9n de desaf\u00edos que ya no podemos ignorar. Hoy no solo hablamos del oc\u00e9ano desde la mirada del navegante o del poeta, sino tambi\u00e9n desde la del&hellip; <\/p>\n","protected":false},"author":21,"featured_media":0,"comment_status":"closed","ping_status":"open","sticky":false,"template":"","format":"standard","meta":{"footnotes":""},"categories":[1],"tags":[],"class_list":["post-6058","post","type-post","status-publish","format-standard","hentry","category-sin-categoria"],"_links":{"self":[{"href":"https:\/\/www.cent.uo.edu.cu\/cemzoc-uo\/wp-json\/wp\/v2\/posts\/6058","targetHints":{"allow":["GET"]}}],"collection":[{"href":"https:\/\/www.cent.uo.edu.cu\/cemzoc-uo\/wp-json\/wp\/v2\/posts"}],"about":[{"href":"https:\/\/www.cent.uo.edu.cu\/cemzoc-uo\/wp-json\/wp\/v2\/types\/post"}],"author":[{"embeddable":true,"href":"https:\/\/www.cent.uo.edu.cu\/cemzoc-uo\/wp-json\/wp\/v2\/users\/21"}],"replies":[{"embeddable":true,"href":"https:\/\/www.cent.uo.edu.cu\/cemzoc-uo\/wp-json\/wp\/v2\/comments?post=6058"}],"version-history":[{"count":2,"href":"https:\/\/www.cent.uo.edu.cu\/cemzoc-uo\/wp-json\/wp\/v2\/posts\/6058\/revisions"}],"predecessor-version":[{"id":6062,"href":"https:\/\/www.cent.uo.edu.cu\/cemzoc-uo\/wp-json\/wp\/v2\/posts\/6058\/revisions\/6062"}],"wp:attachment":[{"href":"https:\/\/www.cent.uo.edu.cu\/cemzoc-uo\/wp-json\/wp\/v2\/media?parent=6058"}],"wp:term":[{"taxonomy":"category","embeddable":true,"href":"https:\/\/www.cent.uo.edu.cu\/cemzoc-uo\/wp-json\/wp\/v2\/categories?post=6058"},{"taxonomy":"post_tag","embeddable":true,"href":"https:\/\/www.cent.uo.edu.cu\/cemzoc-uo\/wp-json\/wp\/v2\/tags?post=6058"}],"curies":[{"name":"wp","href":"https:\/\/api.w.org\/{rel}","templated":true}]}}