{"id":6063,"date":"2025-12-03T21:42:56","date_gmt":"2025-12-04T01:42:56","guid":{"rendered":"https:\/\/www.cent.uo.edu.cu\/cemzoc-uo\/?p=6063"},"modified":"2025-12-03T21:42:57","modified_gmt":"2025-12-04T01:42:57","slug":"brisa-marina-asi-se-forman-los-suspiros-del-mar-que-refrescan-las-playas-y-las-ciudades-costeras","status":"publish","type":"post","link":"https:\/\/www.cent.uo.edu.cu\/cemzoc-uo\/2025\/12\/03\/brisa-marina-asi-se-forman-los-suspiros-del-mar-que-refrescan-las-playas-y-las-ciudades-costeras\/","title":{"rendered":"Brisa marina: as\u00ed se forman los suspiros del mar que refrescan las playas y las ciudades\u00a0costeras"},"content":{"rendered":"\n<p>Si se encuentra en la playa (o en un lugar cercano a la costa) puede que haya notado que hacia mediod\u00eda empieza a soplar desde el mar un viento suave donde antes no lo hab\u00eda. Es muy probable que se trate de\u00a0<a href=\"https:\/\/s3-eu-west-1.amazonaws.com\/bga-sg-archive\/Books\/Sea+Breeze+and+Local+Wind+-+sample.pdf\" target=\"_blank\" rel=\"noreferrer noopener\">la brisa marina<\/a>, un (agradable) fen\u00f3meno que se produce debido a la diferencia de temperatura entre la superficie del mar y la superficie terrestre.<\/p>\n\n\n\n<figure class=\"wp-block-image size-large\"><img loading=\"lazy\" decoding=\"async\" width=\"1024\" height=\"512\" src=\"https:\/\/www.cent.uo.edu.cu\/cemzoc-uo\/files\/2025\/12\/image-2-1024x512.png\" alt=\"\" class=\"wp-image-6064\" srcset=\"https:\/\/www.cent.uo.edu.cu\/cemzoc-uo\/files\/2025\/12\/image-2-1024x512.png 1024w, https:\/\/www.cent.uo.edu.cu\/cemzoc-uo\/files\/2025\/12\/image-2-300x150.png 300w, https:\/\/www.cent.uo.edu.cu\/cemzoc-uo\/files\/2025\/12\/image-2-768x384.png 768w, https:\/\/www.cent.uo.edu.cu\/cemzoc-uo\/files\/2025\/12\/image-2-1536x768.png 1536w, https:\/\/www.cent.uo.edu.cu\/cemzoc-uo\/files\/2025\/12\/image-2-2048x1024.png 2048w\" sizes=\"auto, (max-width: 1024px) 100vw, 1024px\" \/><figcaption class=\"wp-element-caption\"><a href=\"https:\/\/www.shutterstock.com\/es\/image-photo\/sea-breeze-blowing-stripes-scarf-2008112273\" target=\"_blank\" rel=\"noreferrer noopener\">Rawpixel.com \/ Shutterstock<\/a><\/figcaption><\/figure>\n\n\n\n<h2 class=\"wp-block-heading\">\u00bfC\u00f3mo se forma la brisa marina?<\/h2>\n\n\n\n<p>En primavera y en verano, durante el d\u00eda, el calor del sol calienta ambas superficies, pero a igual porci\u00f3n de calor recibida, cuesta mucho m\u00e1s elevar la temperatura del agua del mar que la del suelo. El suelo se calienta m\u00e1s r\u00e1pida y eficazmente, y el aire que est\u00e1 en contacto con \u00e9l tambi\u00e9n lo hace, perdiendo densidad y presi\u00f3n. Se hace, por tanto, m\u00e1s ligero, y se ve obligado a subir (ascendencia convectiva). En las \u00e1reas del interior donde esto ocurre se crea entonces una baja presi\u00f3n t\u00e9rmica, mientras que sobre el mar, que est\u00e1 m\u00e1s fr\u00edo, el aire no puede ascender y lo que se crea es una alta presi\u00f3n.<\/p>\n\n\n\n<!--more-->\n\n\n\n<p>El viento, que es aire en movimiento paralelo a la superficie, se origina cuando aparece una diferencia de presi\u00f3n entre dos puntos. En una situaci\u00f3n de brisas costeras, como en tierra la presi\u00f3n es baja, y sobre el mar la presi\u00f3n es alta, el aire se pone en movimiento, circulando siempre desde las zonas donde la presi\u00f3n es m\u00e1s alta hacia las zonas donde es m\u00e1s baja. En nuestro caso, desde el mar hacia tierra. El resultado es la brisa marina.<\/p>\n\n\n\n<p>Este fen\u00f3meno ocurre durante el d\u00eda, porque por la noche la superficie del mar puede estar m\u00e1s caliente que la de tierra, de manera que sobre el mar la presi\u00f3n ser\u00e1 m\u00e1s baja que la de las zonas enfriadas del interior, donde ser\u00e1 m\u00e1s alta. El viento sopla entonces desde tierra hacia el mar. Es la brisa terrestre o terral.<\/p>\n\n\n\n<h2 class=\"wp-block-heading\">Un respiro para las playas y las ciudades<\/h2>\n\n\n\n<p>La intensidad de la brisas depende de cu\u00e1n grande sea la diferencia de temperatura y de presi\u00f3n entre ambos sitios.<\/p>\n\n\n\n<p>Cuanto m\u00e1s se calienta el suelo en tierra firme \u2013imaginemos los pavimentos de asfalto y los mayoritarios materiales de hormig\u00f3n de las ciudades\u2013, mayor ser\u00e1 la tendencia a subir del aire recalentado, y m\u00e1s baja ser\u00e1 la presi\u00f3n atmosf\u00e9rica en esas zonas. Si el mar se mantiene fr\u00edo, m\u00e1s alta ser\u00e1 la presi\u00f3n sobre \u00e9l y el aire mar\u00edtimo \u2013nuestra brisa\u2013 correr\u00e1 m\u00e1s r\u00e1pido hacia tierra, para intentar rellenar lo antes posible el hueco de aire que se crea en superficie mientras sube.<\/p>\n\n\n\n<p>La brisa pueda llegar a alcanzar decenas de kil\u00f3metros tierra adentro, all\u00ed donde se han ido generando zonas de baja presi\u00f3n. A todo esto hay que a\u00f1adir que las brisas operan sobre un marco geogr\u00e1fico m\u00e1s bien local, y no aparecen cuando hay una situaci\u00f3n de viento general moderado o fuerte.<\/p>\n\n\n\n<h2 class=\"wp-block-heading\">Efectos sobre el confort clim\u00e1tico<\/h2>\n\n\n\n<p>Un evidente impacto de las brisas marinas lo encontramos en su efecto moderador de los valores m\u00e1ximos de temperatura, aliviando el sofocante calor veraniego. Por eso son un\u00a0<a href=\"https:\/\/www.mdpi.com\/2673-964X\/2\/1\/2\/htm\" target=\"_blank\" rel=\"noreferrer noopener\">factor determinante del confort clim\u00e1tico<\/a>, entendido como un conjunto de par\u00e1metros ambientales (temperatura, humedad, radiaci\u00f3n y viento) que, combinados, no generan estr\u00e9s en el cuerpo humano.<\/p>\n\n\n\n<p>Si sufrimos\u00a0<a href=\"https:\/\/theconversation.com\/vamos-a-seguir-achicharrandonos-185229\" target=\"_blank\" rel=\"noreferrer noopener\">estr\u00e9s por altas temperaturas<\/a>, el deseado confort se puede conseguir mediante el efecto refrigerador de las brisas. Es m\u00e1s, vientos suaves como estos proporcionan un confort clim\u00e1tico que explica el desarrollo tur\u00edstico de muchas \u00e1reas del litoral.<\/p>\n\n\n\n<p>De la misma manera, en condiciones de\u00a0<a href=\"https:\/\/theconversation.com\/el-retiro-de-madrid-un-oasis-urbano-que-actua-como-climatizador-frente-al-calor-120053\" target=\"_blank\" rel=\"noreferrer noopener\">isla de calor urbana<\/a>, las brisas refrescan el caluroso ambiente de la ciudad durante el verano, aunque este efecto se obtiene m\u00e1s bien en zonas abiertas cerca del mar, y en viviendas situadas en los niveles superiores de los edificios.<\/p>\n\n\n\n<p>Sin embargo, las calles y plazas asfaltadas menos abiertas pueden contribuir a recalentar la brisa a lo largo de su recorrido por los barrios no estrictamente mar\u00edtimos. Adem\u00e1s, la disposici\u00f3n de edificios y calles puede hacer disminuir la velocidad del viento, incrementando el malestar por calor h\u00famedo.<\/p>\n\n\n\n<h2 class=\"wp-block-heading\">Brisas y tormentas estivales<\/h2>\n\n\n\n<p>Como fen\u00f3meno atmosf\u00e9rico, las brisas marinas han sido ampliamente estudiadas por las ciencias de la atm\u00f3sfera. Estas se han interesado no s\u00f3lo por caracterizar los reg\u00edmenes de brisas de las localidades estudiadas \u2013su direcci\u00f3n y su intensidad, as\u00ed como su frecuencia y distribuci\u00f3n horaria, diaria, mensual y anual\u2013, sino tambi\u00e9n por explorar las repercusiones de este viento en relaci\u00f3n con otros fen\u00f3menos atmosf\u00e9ricos, tales como las tormentas de verano.<\/p>\n\n\n\n<p>Cuando la brisa avanza tierra adentro, transporta aire del mar y por tanto humedad. Esto hace que en \u00e1reas del interior donde el aire m\u00e1s c\u00e1lido est\u00e1 ascendiendo \u2013se dice entonces que es inestable\u2013, transporta esa humedad hasta capas un poco m\u00e1s altas de la atm\u00f3sfera, haciendo crecer las nubes y causando las t\u00edpicas tormentas veraniegas, normalmente por la tarde, aunque de corta duraci\u00f3n. Esas nubes son de tipo cumuliforme \u2013tienen forma de coliflor\u2013 y llegan a crecer tanto que son bien captadas por los sat\u00e9lites.<\/p>\n\n\n\n<figure class=\"wp-block-image\"><a href=\"https:\/\/images.theconversation.com\/files\/474156\/original\/file-20220714-32145-zo9g6r.jpg?ixlib=rb-4.1.0&amp;q=45&amp;auto=format&amp;w=1000&amp;fit=clip\"><img decoding=\"async\" src=\"https:\/\/images.theconversation.com\/files\/474156\/original\/file-20220714-32145-zo9g6r.jpg?ixlib=rb-4.1.0&amp;q=45&amp;auto=format&amp;w=754&amp;fit=clip\" alt=\"\"\/><\/a><figcaption class=\"wp-element-caption\">Imagen de sat\u00e9lite del 1 de junio de 2009 a las 13:20 UTC, centrada en el mar Balear y la zona litoral de Catalu\u00f1a y Valencia. En la isla de Mallorca (abajo a la derecha), una densa capa de c\u00famulos cubre completamente la parte central de la isla, ajust\u00e1ndose a la te\u00f3rica zona de convergencia de las brisas marinas.&nbsp;National Oceanic and Atmospheric Administration (NOAA, Sensor Modis, canales 1-4-3)<\/figcaption><\/figure>\n\n\n\n<h2 class=\"wp-block-heading\">Las brisas en las actividades humanas<\/h2>\n\n\n\n<p>Al conjunto de efectos f\u00edsicos de las brisas podemos sumar sus aprovechamientos humanos, y c\u00f3mo este viento singular se ha reflejado en la cultura popular.<\/p>\n\n\n\n<p>Hist\u00f3ricamente, las brisas han condicionado y siguen condicionando la localizaci\u00f3n territorial de ciertas infraestructuras energ\u00e9ticas, desde los modernos\u00a0<a href=\"https:\/\/theconversation.com\/el-futuro-de-la-energia-eolica-esta-en-el-mar-116551\" target=\"_blank\" rel=\"noreferrer noopener\">aerogeneradores<\/a>\u00a0hasta los antiguos molinos de viento \u2013en Mallorca se han inventariado 629 molinos harineros y 2\u00a0445 de extracci\u00f3n de agua\u2013.<\/p>\n\n\n\n<p>En el pasado, condicionaron los\u00a0<a href=\"https:\/\/www.mdpi.com\/2072-4292\/13\/22\/4652\/htm\" target=\"_blank\" rel=\"noreferrer noopener\">trabajos de aventado y trillado del cereal en las antiguas eras<\/a>. Tambi\u00e9n condicionan no s\u00f3lo la orientaci\u00f3n de las pistas de los aeropuertos litorales, sino los cambios horarios de pista que regulan la direcci\u00f3n del despegue y aterrizaje de los aviones.<\/p>\n\n\n\n<p>Por \u00faltimo, tambi\u00e9n condicionan ciertas\u00a0<a href=\"https:\/\/www.mdpi.com\/2073-4433\/10\/11\/646\" target=\"_blank\" rel=\"noreferrer noopener\">actividades recreativas<\/a>\u00a0relacionadas con la pesca litoral, el turismo de sol y playa y los deportes de mar (<em>windsurf<\/em>,\u00a0<em>kitesurf<\/em>\u00a0y vela ligera en general).<\/p>\n\n\n\n<p>Estos y otros aprovechamientos son de tal magnitud, que el fen\u00f3meno de las brisas llega a manifestarse en el dialecto a trav\u00e9s de la fijaci\u00f3n popular de un nombre propio que lo describe.<\/p>\n\n\n\n<p>En los territorios mediterr\u00e1neos de habla catalana reciben el nombre local de&nbsp;<em>marinada<\/em>&nbsp;(Catalu\u00f1a),&nbsp;<em>embat\u00e0 del migdia<\/em>&nbsp;(Valencia) o&nbsp;<em>embat<\/em>&nbsp;(Mallorca). En el oeste de Australia se refieren a la refrescante brisa de la tarde con el t\u00e9rmino vernacular de&nbsp;<em>Fremantle Doctor<\/em>.<\/p>\n\n\n\n<p>Fuente: <a href=\"https:\/\/theconversation.com\/brisa-marina-asi-se-forman-los-suspiros-del-mar-que-refrescan-las-playas-y-las-ciudades-costeras-187047\" target=\"_blank\" rel=\"noreferrer noopener\"><em>https:\/\/theconversation.com\/brisa-marina-asi-se-forman-los-suspiros-del-mar-que-refrescan-las-playas-y-las-ciudades-costeras-187047<\/em><\/a><\/p>\n\n\n\n<p><\/p>\n","protected":false},"excerpt":{"rendered":"<p>Si se encuentra en la playa (o en un lugar cercano a la costa) puede que haya notado que hacia mediod\u00eda empieza a soplar desde el mar un viento suave donde antes no lo hab\u00eda. Es muy probable que se&hellip; <\/p>\n","protected":false},"author":21,"featured_media":0,"comment_status":"closed","ping_status":"open","sticky":false,"template":"","format":"standard","meta":{"footnotes":""},"categories":[1],"tags":[],"class_list":["post-6063","post","type-post","status-publish","format-standard","hentry","category-sin-categoria"],"_links":{"self":[{"href":"https:\/\/www.cent.uo.edu.cu\/cemzoc-uo\/wp-json\/wp\/v2\/posts\/6063","targetHints":{"allow":["GET"]}}],"collection":[{"href":"https:\/\/www.cent.uo.edu.cu\/cemzoc-uo\/wp-json\/wp\/v2\/posts"}],"about":[{"href":"https:\/\/www.cent.uo.edu.cu\/cemzoc-uo\/wp-json\/wp\/v2\/types\/post"}],"author":[{"embeddable":true,"href":"https:\/\/www.cent.uo.edu.cu\/cemzoc-uo\/wp-json\/wp\/v2\/users\/21"}],"replies":[{"embeddable":true,"href":"https:\/\/www.cent.uo.edu.cu\/cemzoc-uo\/wp-json\/wp\/v2\/comments?post=6063"}],"version-history":[{"count":1,"href":"https:\/\/www.cent.uo.edu.cu\/cemzoc-uo\/wp-json\/wp\/v2\/posts\/6063\/revisions"}],"predecessor-version":[{"id":6065,"href":"https:\/\/www.cent.uo.edu.cu\/cemzoc-uo\/wp-json\/wp\/v2\/posts\/6063\/revisions\/6065"}],"wp:attachment":[{"href":"https:\/\/www.cent.uo.edu.cu\/cemzoc-uo\/wp-json\/wp\/v2\/media?parent=6063"}],"wp:term":[{"taxonomy":"category","embeddable":true,"href":"https:\/\/www.cent.uo.edu.cu\/cemzoc-uo\/wp-json\/wp\/v2\/categories?post=6063"},{"taxonomy":"post_tag","embeddable":true,"href":"https:\/\/www.cent.uo.edu.cu\/cemzoc-uo\/wp-json\/wp\/v2\/tags?post=6063"}],"curies":[{"name":"wp","href":"https:\/\/api.w.org\/{rel}","templated":true}]}}