{"id":6066,"date":"2025-12-03T21:50:38","date_gmt":"2025-12-04T01:50:38","guid":{"rendered":"https:\/\/www.cent.uo.edu.cu\/cemzoc-uo\/?p=6066"},"modified":"2025-12-03T21:50:39","modified_gmt":"2025-12-04T01:50:39","slug":"como-afectara-el-cambio-climatico-a-las-playas-de-arena","status":"publish","type":"post","link":"https:\/\/www.cent.uo.edu.cu\/cemzoc-uo\/2025\/12\/03\/como-afectara-el-cambio-climatico-a-las-playas-de-arena\/","title":{"rendered":"\u00bfC\u00f3mo afectar\u00e1 el cambio clim\u00e1tico a las playas de\u00a0arena?"},"content":{"rendered":"\n<p>Las playas de arena\u00a0<a href=\"https:\/\/www.nature.com\/articles\/s41598-018-24630-6\" target=\"_blank\" rel=\"noreferrer noopener\">ocupan el 31\u00a0% de las costas de nuestro planeta<\/a>\u00a0y tienen mucho valor tanto a nivel social y econ\u00f3mico como desde un punto de vista ecol\u00f3gico. Adem\u00e1s, son fundamentales para proteger de los temporales a las ciudades e infraestructuras que a menudo construimos cerca del mar.<\/p>\n\n\n\n<figure class=\"wp-block-image size-large\"><img loading=\"lazy\" decoding=\"async\" width=\"1024\" height=\"512\" src=\"https:\/\/www.cent.uo.edu.cu\/cemzoc-uo\/files\/2025\/12\/image-3-1024x512.png\" alt=\"\" class=\"wp-image-6067\" srcset=\"https:\/\/www.cent.uo.edu.cu\/cemzoc-uo\/files\/2025\/12\/image-3-1024x512.png 1024w, https:\/\/www.cent.uo.edu.cu\/cemzoc-uo\/files\/2025\/12\/image-3-300x150.png 300w, https:\/\/www.cent.uo.edu.cu\/cemzoc-uo\/files\/2025\/12\/image-3-768x384.png 768w, https:\/\/www.cent.uo.edu.cu\/cemzoc-uo\/files\/2025\/12\/image-3-1536x768.png 1536w, https:\/\/www.cent.uo.edu.cu\/cemzoc-uo\/files\/2025\/12\/image-3-2048x1024.png 2048w\" sizes=\"auto, (max-width: 1024px) 100vw, 1024px\" \/><figcaption class=\"wp-element-caption\"><a href=\"https:\/\/www.shutterstock.com\/es\/image-photo\/coastal-erosion-cliffs-skipsea-yorkshire-on-369323990\" target=\"_blank\" rel=\"noreferrer noopener\">Matthew J Thomas \/ Shutterstock<\/a><\/figcaption><\/figure>\n\n\n\n<p>Se sabe que las playas\u00a0<a href=\"https:\/\/www.cambridge.org\/core\/books\/abs\/climate-change-2014-impacts-adaptation-and-vulnerability-part-a-global-and-sectoral-aspects\/coastal-systems-and-lowlying-areas\/4D0EBBA5B12593931B00B772CD62C517\" target=\"_blank\" rel=\"noreferrer noopener\">sufrir\u00e1n m\u00e1s a menudo episodios de erosi\u00f3n e inundaci\u00f3n debido al calentamiento global<\/a>. De todas formas, se necesitan modelos matem\u00e1ticos para hacer proyecciones cuantitativas y validar medidas de mitigaci\u00f3n. Aunque estas proyecciones todav\u00eda tienen muchas incertidumbres asociadas, en los \u00faltimos a\u00f1os se han realizado grandes avances.<\/p>\n\n\n\n<!--more-->\n\n\n\n<h2 class=\"wp-block-heading\">\u00bfC\u00f3mo se mueven el agua y la arena en las playas?<\/h2>\n\n\n\n<p>Las playas de arena son muy din\u00e1micas y su comportamiento es extremadamente complejo. El oleaje generado por el viento en mar abierto viaja largas distancias transportando energ\u00eda hasta llegar a la costa. Las olas se propagan por encima del nivel medio del mar, que cambia en funci\u00f3n de la marea astron\u00f3mica y la marea meteorol\u00f3gica. Esta \u00faltima depende de la presi\u00f3n atmosf\u00e9rica y es la responsable de la elevaci\u00f3n del nivel del mar que ocurre durante un temporal.<\/p>\n\n\n\n<p>Cuando las olas rompen en la playa, toda su energ\u00eda se transforma en corrientes y se produce un transporte de sedimentos que puede ser muy intenso. Como resultado, la playa cambia su morfolog\u00eda (es decir, la posici\u00f3n de su lecho) y esto a su vez afecta al oleaje y a las corrientes.<\/p>\n\n\n\n<p>Los temporales producen cambios en las playas en cuesti\u00f3n de horas. La zona habitualmente emergida se inunda debido a la marea meteorol\u00f3gica y las olas erosionan arena de esta zona para depositarla en la parte sumergida. Las olas menos energ\u00e9ticas posteriores tienen la capacidad de mover la arena otra vez hacia la costa, produciendo una cierta recuperaci\u00f3n de la playa en cuesti\u00f3n de semanas. Tambi\u00e9n se produce transporte de arena longitudinalmente a lo largo de la costa.<\/p>\n\n\n\n<p>Sin embargo, a\u00fan no conocemos con exactitud todos los complejos\u00a0<a href=\"https:\/\/agupubs.onlinelibrary.wiley.com\/doi\/full\/10.1029\/2010RG000341\" target=\"_blank\" rel=\"noreferrer noopener\">procesos de transporte de sedimentos en playas<\/a>. Por lo tanto, se deben calibrar con datos los modelos de evoluci\u00f3n de playas, es decir, optimizar sus resultados comparando observaciones hist\u00f3ricas en playas reales.<\/p>\n\n\n\n<p>Como consecuencia,\u00a0<a href=\"https:\/\/www.nature.com\/articles\/s41598-020-58376-x\" target=\"_blank\" rel=\"noreferrer noopener\">las proyecciones cuantitativas s\u00f3lo se pueden hacer a nivel regional<\/a>\u00a0y es imprescindible tener una buena base de datos observacionales. Incluso as\u00ed, la mayor\u00eda de modelos matem\u00e1ticos existentes tienen una\u00a0<a href=\"https:\/\/www.nature.com\/articles\/s41598-020-59018-y\" target=\"_blank\" rel=\"noreferrer noopener\">limitada capacidad de predicci\u00f3n<\/a>, especialmente a escalas de meses a d\u00e9cadas.<\/p>\n\n\n\n<h2 class=\"wp-block-heading\">Consecuencias del calentamiento global<\/h2>\n\n\n\n<p>En primer lugar, el nivel del mar est\u00e1 subiendo aceleradamente en todos los oc\u00e9anos y mares abiertos como consecuencia del cambio clim\u00e1tico, como\u00a0<a href=\"https:\/\/www.nature.com\/articles\/s41586-020-2591-3\" target=\"_blank\" rel=\"noreferrer noopener\">constatan los datos del \u00faltimo siglo<\/a>.<\/p>\n\n\n<div class=\"wp-block-image\">\n<figure class=\"alignright\"><a href=\"https:\/\/images.theconversation.com\/files\/491027\/original\/file-20221021-27-1ebu3l.png?ixlib=rb-4.1.0&amp;q=45&amp;auto=format&amp;w=1000&amp;fit=clip\"><img decoding=\"async\" src=\"https:\/\/images.theconversation.com\/files\/491027\/original\/file-20221021-27-1ebu3l.png?ixlib=rb-4.1.0&amp;q=45&amp;auto=format&amp;w=237&amp;fit=clip\" alt=\"\"\/><\/a><figcaption class=\"wp-element-caption\">Subida del nivel medio del mar global en el periodo 1900-2005 (morado) y proyecciones hasta 2100 correspondientes a dos escenarios de emisiones: el m\u00e1s optimista en color azul y el m\u00e1s pesimista en color rojo.&nbsp;<a href=\"https:\/\/www.ipcc.ch\/srocc\/chapter\/chapter-4-sea-level-rise-and-implications-for-low-lying-islands-coasts-and-communities\/\">IPCC<\/a><\/figcaption><\/figure>\n<\/div>\n\n\n<p>Las dos razones principales son el deshielo de los glaciares y la dilataci\u00f3n t\u00e9rmica del agua de los oc\u00e9anos, efectos que continuar\u00e1n actuando a lo largo del siglo XXI. Se publican previsiones de subida del nivel del mar peri\u00f3dicamente para diferentes escenarios de emisiones de CO\u2082 en funci\u00f3n de la respuesta mundial a la emergencia clim\u00e1tica en las pr\u00f3ximas d\u00e9cadas. Seg\u00fan\u00a0<a href=\"https:\/\/www.ipcc.ch\/srocc\/chapter\/chapter-4-sea-level-rise-and-implications-for-low-lying-islands-coasts-and-communities\/\" target=\"_blank\" rel=\"noreferrer noopener\">estas proyecciones<\/a>, a finales de siglo el nivel del mar medio se podr\u00eda situar entre 45\u00a0cm y 85\u00a0cm por encima del nivel de principios del siglo XXI.<\/p>\n\n\n\n<p>En paralelo, el calentamiento global puede ocasionar tambi\u00e9n\u00a0<a href=\"https:\/\/theconversation.com\/llegaran-los-huracanes-a-canarias-debido-al-cambio-climatico-191807\" target=\"_blank\" rel=\"noreferrer noopener\">cambios en los patrones e intensidad de los temporales<\/a>, pero los aumentos medidos var\u00edan dr\u00e1sticamente en los diferentes mares y oc\u00e9anos. En algunas regiones,\u00a0<a href=\"https:\/\/www.nature.com\/articles\/s41467-018-08066-0\" target=\"_blank\" rel=\"noreferrer noopener\">se ha producido incluso una disminuci\u00f3n<\/a>.<\/p>\n\n\n\n<p>A lo largo del siglo XXI se prev\u00e9 que pueda seguir\u00a0<a href=\"https:\/\/www.nature.com\/articles\/s41598-021-86524-4\" target=\"_blank\" rel=\"noreferrer noopener\">aumentando la intensidad de los temporales<\/a>\u00a0aunque tambi\u00e9n con mucha variabilidad geogr\u00e1fica (Figura 2). Por ejemplo, seg\u00fan estas proyecciones se producir\u00e1n aumentos de m\u00e1s de 2\u00a0m en el oleaje del oc\u00e9ano Ant\u00e1rtico mientras que el mar Mediterr\u00e1neo no experimentar\u00e1 cambios. Adem\u00e1s, la incertidumbre asociada a estas proyecciones del oleaje es todav\u00eda muy elevada.<\/p>\n\n\n\n<figure class=\"wp-block-image\"><a href=\"https:\/\/images.theconversation.com\/files\/491028\/original\/file-20221021-25-kfy2uj.png?ixlib=rb-4.1.0&amp;q=45&amp;auto=format&amp;w=1000&amp;fit=clip\"><img decoding=\"async\" src=\"https:\/\/images.theconversation.com\/files\/491028\/original\/file-20221021-25-kfy2uj.png?ixlib=rb-4.1.0&amp;q=45&amp;auto=format&amp;w=754&amp;fit=clip\" alt=\"\"\/><\/a><figcaption class=\"wp-element-caption\">Cambio proyectado a finales del siglo XXI (respecto a principios de siglo) en la altura de ola significante durante temporales extremos en el escenario m\u00e1s pesimista de emisiones. Valores promedio de los resultados de diferentes modelos.\u00a0<a href=\"https:\/\/www.nature.com\/articles\/s41598-021-86524-4\" target=\"_blank\" rel=\"noreferrer noopener\">Lobeto, H., Menendez, M. &amp; Losada, I.J. Future behavior of wind wave extremes due to climate change. Sci Rep<\/a><\/figcaption><\/figure>\n\n\n\n<h2 class=\"wp-block-heading\">\u00bfC\u00f3mo se ver\u00e1n afectadas las playas?<\/h2>\n\n\n\n<p>En la actualidad,\u00a0<a href=\"https:\/\/www.nature.com\/articles\/s41598-018-24630-6\" target=\"_blank\" rel=\"noreferrer noopener\">se est\u00e1 erosionando un porcentaje importante de playas de arena<\/a>\u00a0de nuestro planeta. El cambio clim\u00e1tico ya est\u00e1 desempe\u00f1ando cierto rol, pero cuantificarlo es complicado porque hay otros efectos de la actividad humana que\u00a0<a href=\"https:\/\/www.ipcc.ch\/srocc\/chapter\/chapter-4-sea-level-rise-and-implications-for-low-lying-islands-coasts-and-communities\/\" target=\"_blank\" rel=\"noreferrer noopener\">han influido de manera m\u00e1s relevante durante el \u00faltimo siglo<\/a>. Por ejemplo, la urbanizaci\u00f3n de costas y r\u00edos y la construcci\u00f3n de infraestructuras, como puertos y pantanos, han sido las principales responsables de la erosi\u00f3n en muchas zonas.<\/p>\n\n\n\n<p>Sin embargo, sabemos que el aumento acelerado del nivel del mar a lo largo del siglo XXI tendr\u00e1 un efecto enorme.\u00a0<a href=\"https:\/\/www.cambridge.org\/core\/books\/abs\/climate-change-2014-impacts-adaptation-and-vulnerability-part-a-global-and-sectoral-aspects\/coastal-systems-and-lowlying-areas\/4D0EBBA5B12593931B00B772CD62C517\" target=\"_blank\" rel=\"noreferrer noopener\">Provocar\u00e1 un aumento de los episodios de inundaci\u00f3n y erosi\u00f3n<\/a>\u00a0y un retroceso de la l\u00ednea de costa, incluso aunque no aumenten los temporales. Por un lado, la subida del nivel del mar implicar\u00e1 un retroceso directo de la l\u00ednea de costa por pura inundaci\u00f3n. Por otro lado, los temporales actuar\u00e1n sobre zonas de las playas que hoy en d\u00eda est\u00e1n siempre emergidas produciendo erosi\u00f3n neta, con p\u00e9rdida de sedimento hacia mar adentro.<\/p>\n\n\n\n<h2 class=\"wp-block-heading\">\u00bfPodemos cuantificar estos efectos?<\/h2>\n\n\n\n<p>Para cuantificar el efecto del cambio clim\u00e1tico en las playas, se necesitan modelos matem\u00e1ticos de evoluci\u00f3n de playas que hayan demostrado capacidad de predicci\u00f3n a escalas de d\u00e9cadas.\u00a0<a href=\"https:\/\/agupubs.onlinelibrary.wiley.com\/doi\/abs\/10.1029\/2021JF006160\" target=\"_blank\" rel=\"noreferrer noopener\">Estudios recientes<\/a>\u00a0muestran que algunos modelos\u00a0<a href=\"https:\/\/www.researchsquare.com\/article\/rs-1948826\/v1\" target=\"_blank\" rel=\"noreferrer noopener\">pueden reproducir unos 10 a\u00f1os de observaciones regionales<\/a>, despu\u00e9s de calibrarlos con datos.<\/p>\n\n\n\n<p>C\u00e1lculos posteriores con estos modelos a 2100 proyectan retrocesos de la l\u00ednea de costa desde decenas de metros hasta un centenar de metros, dependiendo del tipo de playa y del escenario de cambio clim\u00e1tico. Aunque las playas naturales tienen capacidad para\u00a0<a href=\"https:\/\/www.nature.com\/articles\/s41558-020-00935-1\" target=\"_blank\" rel=\"noreferrer noopener\">adaptarse a un nivel del mar m\u00e1s alto migrando hacia tierra<\/a>, un porcentaje elevado de ellas est\u00e1n urbanizadas y\u00a0<a href=\"https:\/\/www.nature.com\/articles\/s41558-020-0697-0\" target=\"_blank\" rel=\"noreferrer noopener\">pueden desaparecer si no se aplican medidas de mitigaci\u00f3n<\/a>.<\/p>\n\n\n\n<p>Cualquier ejercicio de modelizaci\u00f3n debe incluir un an\u00e1lisis de la incertidumbre asociada a cada proyecci\u00f3n. Por un lado, hay diferentes escenarios de subida del nivel del mar en funci\u00f3n de las emisiones de CO\u2082. Tambi\u00e9n hay mucha incertidumbre respecto a las condiciones clim\u00e1ticas futuras (oleaje y marea meteorol\u00f3gica). Finalmente, hay inc\u00f3gnitas en las f\u00f3rmulas para el transporte de sedimentos de los modelos.<\/p>\n\n\n\n<p>Los\u00a0<a href=\"https:\/\/agupubs.onlinelibrary.wiley.com\/doi\/abs\/10.1029\/2021JF006160\" target=\"_blank\" rel=\"noreferrer noopener\">estudios m\u00e1s recientes<\/a>\u00a0ya incluyen este tipo de an\u00e1lisis e\u00a0<a href=\"https:\/\/www.researchsquare.com\/article\/rs-1948826\/v1\" target=\"_blank\" rel=\"noreferrer noopener\">indican que<\/a>\u00a0el desconocimiento del transporte de sedimentos domina la incertidumbre en las proyecciones de las primeras d\u00e9cadas mientras que la existencia de diferentes escenarios de nivel del mar controla la incertidumbre en la segunda mitad del siglo XXI (Figura 3).<\/p>\n\n\n\n<figure class=\"wp-block-image\"><a href=\"https:\/\/images.theconversation.com\/files\/491029\/original\/file-20221021-27-kfy2uj.png?ixlib=rb-4.1.0&amp;q=45&amp;auto=format&amp;w=1000&amp;fit=clip\"><img decoding=\"async\" src=\"https:\/\/images.theconversation.com\/files\/491029\/original\/file-20221021-27-kfy2uj.png?ixlib=rb-4.1.0&amp;q=45&amp;auto=format&amp;w=754&amp;fit=clip\" alt=\"\"\/><\/a><figcaption class=\"wp-element-caption\">Proyecciones de \u00e1rea total de playa seca en el siglo XXI en una regi\u00f3n de 17 km de la costa sur de Holanda en el escenario m\u00e1s optimista (azul) y el m\u00e1s pesimista (rojo). Las franjas indican la incertidumbre asociada a los valores de los par\u00e1metros de transporte de sedimentos.&nbsp;Author provided<\/figcaption><\/figure>\n\n\n\n<p>En resumen, aunque ya sabemos que la subida del nivel del mar har\u00e1 retroceder la l\u00ednea de costa de las playas de arena, necesitamos modelos matem\u00e1ticos para cuantificarlo y poder validar potenciales medidas de mitigaci\u00f3n. Los avances de los \u00faltimos a\u00f1os demuestran que se puede alcanzar suficiente capacidad de predicci\u00f3n, controlando las incertidumbres. Adem\u00e1s, se est\u00e1 trabajando en conseguir f\u00f3rmulas m\u00e1s precisas del transporte de sedimentos, obtener buenos datos observacionales y seguir mejorando los modelos. Todo esto nos permitir\u00e1 actuar con m\u00e1s conocimiento para proteger estos entornos tan valiosos y vulnerables.<\/p>\n\n\n\n<p>Fuente: <a href=\"https:\/\/theconversation.com\/como-afectara-el-cambio-climatico-a-las-playas-de-arena-187293\" target=\"_blank\" rel=\"noreferrer noopener\"><em>https:\/\/theconversation.com\/como-afectara-el-cambio-climatico-a-las-playas-de-arena-187293<\/em><\/a><\/p>\n\n\n\n<p><\/p>\n","protected":false},"excerpt":{"rendered":"<p>Las playas de arena\u00a0ocupan el 31\u00a0% de las costas de nuestro planeta\u00a0y tienen mucho valor tanto a nivel social y econ\u00f3mico como desde un punto de vista ecol\u00f3gico. Adem\u00e1s, son fundamentales para proteger de los temporales a las ciudades e&hellip; <\/p>\n","protected":false},"author":21,"featured_media":0,"comment_status":"closed","ping_status":"open","sticky":false,"template":"","format":"standard","meta":{"footnotes":""},"categories":[1],"tags":[],"class_list":["post-6066","post","type-post","status-publish","format-standard","hentry","category-sin-categoria"],"_links":{"self":[{"href":"https:\/\/www.cent.uo.edu.cu\/cemzoc-uo\/wp-json\/wp\/v2\/posts\/6066","targetHints":{"allow":["GET"]}}],"collection":[{"href":"https:\/\/www.cent.uo.edu.cu\/cemzoc-uo\/wp-json\/wp\/v2\/posts"}],"about":[{"href":"https:\/\/www.cent.uo.edu.cu\/cemzoc-uo\/wp-json\/wp\/v2\/types\/post"}],"author":[{"embeddable":true,"href":"https:\/\/www.cent.uo.edu.cu\/cemzoc-uo\/wp-json\/wp\/v2\/users\/21"}],"replies":[{"embeddable":true,"href":"https:\/\/www.cent.uo.edu.cu\/cemzoc-uo\/wp-json\/wp\/v2\/comments?post=6066"}],"version-history":[{"count":1,"href":"https:\/\/www.cent.uo.edu.cu\/cemzoc-uo\/wp-json\/wp\/v2\/posts\/6066\/revisions"}],"predecessor-version":[{"id":6068,"href":"https:\/\/www.cent.uo.edu.cu\/cemzoc-uo\/wp-json\/wp\/v2\/posts\/6066\/revisions\/6068"}],"wp:attachment":[{"href":"https:\/\/www.cent.uo.edu.cu\/cemzoc-uo\/wp-json\/wp\/v2\/media?parent=6066"}],"wp:term":[{"taxonomy":"category","embeddable":true,"href":"https:\/\/www.cent.uo.edu.cu\/cemzoc-uo\/wp-json\/wp\/v2\/categories?post=6066"},{"taxonomy":"post_tag","embeddable":true,"href":"https:\/\/www.cent.uo.edu.cu\/cemzoc-uo\/wp-json\/wp\/v2\/tags?post=6066"}],"curies":[{"name":"wp","href":"https:\/\/api.w.org\/{rel}","templated":true}]}}