{"id":6071,"date":"2025-12-15T10:22:54","date_gmt":"2025-12-15T14:22:54","guid":{"rendered":"https:\/\/www.cent.uo.edu.cu\/cemzoc-uo\/?p=6071"},"modified":"2025-12-15T10:22:55","modified_gmt":"2025-12-15T14:22:55","slug":"las-olas-de-calor-marinas-podrian-afectar-la-capacidad-del-oceano-para-mitigar-el-cambio-climatico","status":"publish","type":"post","link":"https:\/\/www.cent.uo.edu.cu\/cemzoc-uo\/2025\/12\/15\/las-olas-de-calor-marinas-podrian-afectar-la-capacidad-del-oceano-para-mitigar-el-cambio-climatico\/","title":{"rendered":"Las olas de calor marinas podr\u00edan afectar la capacidad del oc\u00e9ano para mitigar el cambio clim\u00e1tico"},"content":{"rendered":"\n<h6 class=\"wp-block-heading\">Un estudio internacional se\u00f1ala que los episodios t\u00e9rmicos extremos alteran el equilibrio biol\u00f3gico y modifican el flujo de carbono hacia las profundidades<\/h6>\n\n\n\n<figure class=\"wp-block-image size-full\"><img loading=\"lazy\" decoding=\"async\" width=\"992\" height=\"556\" src=\"https:\/\/www.cent.uo.edu.cu\/cemzoc-uo\/files\/2025\/12\/image-4.png\" alt=\"\" class=\"wp-image-6072\" srcset=\"https:\/\/www.cent.uo.edu.cu\/cemzoc-uo\/files\/2025\/12\/image-4.png 992w, https:\/\/www.cent.uo.edu.cu\/cemzoc-uo\/files\/2025\/12\/image-4-300x168.png 300w, https:\/\/www.cent.uo.edu.cu\/cemzoc-uo\/files\/2025\/12\/image-4-768x430.png 768w\" sizes=\"auto, (max-width: 992px) 100vw, 992px\" \/><figcaption class=\"wp-element-caption\">Las olas de calor marinas afectan la vida microsc\u00f3pica y la capacidad del oc\u00e9ano para almacenar di\u00f3xido de carbono, clave frente al cambio clim\u00e1tico (Imagen Ilustrativa Infobae)<\/figcaption><\/figure>\n\n\n\n<p>La intensificaci\u00f3n de las\u00a0<strong>olas de calor marinas<\/strong>\u00a0plantea desaf\u00edos a la comprensi\u00f3n de los\u00a0<strong>ecosistemas oce\u00e1nicos<\/strong>\u00a0y su papel en la\u00a0<a href=\"https:\/\/www.infobae.com\/america\/medio-ambiente\/2025\/10\/05\/el-aumento-del-nivel-del-mar-amenaza-infraestructuras-urbanas-y-viviendas-las-regiones-mas-comprometidas\/\" target=\"_blank\" rel=\"noreferrer noopener\"><em>regulaci\u00f3n clim\u00e1tica<\/em><\/a>. Estos periodos prolongados de\u00a0<strong>temperaturas altas<\/strong>\u00a0afectan directamente la vida microsc\u00f3pica del mar e impactan en su capacidad para absorber y almacenar\u00a0<strong>di\u00f3xido de carbono<\/strong>, un proceso clave para mitigar el\u00a0<a href=\"http:\/\/infobae.com\/tag\/cambio-climatico\/\" target=\"_blank\" rel=\"noreferrer noopener\"><strong>cambio clim\u00e1tico<\/strong><\/a>. Un\u00a0<a href=\"https:\/\/www.nature.com\/articles\/s41467-025-63605-w#Abs1\" target=\"_blank\" rel=\"noreferrer noopener\">estudio\u00a0<\/a>publicado en\u00a0<em>Nature Communications<\/em>\u00a0por un grupo internacional encabezado por\u00a0<strong>Mariana B. Bif<\/strong>\u00a0del\u00a0<strong>Monterey Bay Aquarium Research Institute (MBARI)<\/strong>\u00a0presenta nuevas evidencias sobre c\u00f3mo estos eventos extremos alteran las redes alimentarias marinas y dificultan el transporte del\u00a0<strong>carbono<\/strong>\u00a0hacia las profundidades.<\/p>\n\n\n\n<!--more-->\n\n\n\n<h2 class=\"wp-block-heading\">\u00bfCu\u00e1les son los efectos de las olas de calor marinas sobre los ecosistemas y el ciclo del carbono?<\/h2>\n\n\n\n<p>El an\u00e1lisis advierte que las olas de calor en los oc\u00e9anos alteran las&nbsp;<strong>redes tr\u00f3ficas<\/strong>&nbsp;y ralentizan el transporte de carbono al fondo marino, fen\u00f3meno central para la&nbsp;<strong>regulaci\u00f3n clim\u00e1tica global<\/strong>. Conocido como&nbsp;<strong>bomba biol\u00f3gica de carbono<\/strong>, es el proceso mediante el cual el carbono absorbido en la superficie marina se transfiere a capas profundas, principalmente a trav\u00e9s de la actividad del&nbsp;<strong>plancton<\/strong>&nbsp;y la cadena alimentaria.<\/p>\n\n\n\n<figure class=\"wp-block-image size-full\"><img loading=\"lazy\" decoding=\"async\" width=\"992\" height=\"661\" src=\"https:\/\/www.cent.uo.edu.cu\/cemzoc-uo\/files\/2025\/12\/image-5.png\" alt=\"\" class=\"wp-image-6073\" srcset=\"https:\/\/www.cent.uo.edu.cu\/cemzoc-uo\/files\/2025\/12\/image-5.png 992w, https:\/\/www.cent.uo.edu.cu\/cemzoc-uo\/files\/2025\/12\/image-5-300x200.png 300w, https:\/\/www.cent.uo.edu.cu\/cemzoc-uo\/files\/2025\/12\/image-5-768x512.png 768w, https:\/\/www.cent.uo.edu.cu\/cemzoc-uo\/files\/2025\/12\/image-5-306x205.png 306w\" sizes=\"auto, (max-width: 992px) 100vw, 992px\" \/><figcaption class=\"wp-element-caption\">El fen\u00f3meno conocido como bomba biol\u00f3gica de carbono permite que el carbono superficial se transfiera a capas profundas gracias al plancton (Imagen Ilustrativa Infobae)<\/figcaption><\/figure>\n\n\n\n<p>El&nbsp;<strong>fitoplancton<\/strong>&nbsp;convierte el di\u00f3xido de carbono atmosf\u00e9rico en biomasa mediante la&nbsp;<strong>fotos\u00edntesis<\/strong>&nbsp;y, cuando estos organismos mueren o son consumidos por animales m\u00e1s grandes, parte de ese carbono se transforma en part\u00edculas que descienden lentamente. Este mecanismo retira de la atm\u00f3sfera grandes cantidades de di\u00f3xido de carbono y las almacena durante largos periodos en el&nbsp;<strong>oc\u00e9ano profundo<\/strong>, lo que ayuda a moderar el&nbsp;<strong>calentamiento global<\/strong>.<\/p>\n\n\n\n<p>De acuerdo con los datos recogidos por el equipo, durante los eventos t\u00e9rmicos de&nbsp;<strong>2013-2015<\/strong>&nbsp;y&nbsp;<strong>2019-2020<\/strong>&nbsp;en el noreste del Pac\u00edfico, hubo cambios notables en la concentraci\u00f3n y la forma en que el&nbsp;<strong>carbono org\u00e1nico particulado<\/strong>&nbsp;(POC, por sus siglas en ingl\u00e9s) circula en la columna de agua.<\/p>\n\n\n\n<p>El art\u00edculo cient\u00edfico describe que en el 2015, la producci\u00f3n de carbono en la superficie por fitoplancton fue alta, pero en lugar de exportarse r\u00e1pidamente a grandes profundidades,&nbsp;<strong>part\u00edculas peque\u00f1as<\/strong>&nbsp;se acumularon alrededor de los 200 metros de profundidad. Durante el episodio de 2019, el equipo hall\u00f3 una&nbsp;<strong>acumulaci\u00f3n r\u00e9cord de POC en la superficie<\/strong>, valor que triplic\u00f3 los registros anteriores, aunque esta masa no pudo atribuirse \u00fanicamente a la productividad del fitoplancton. El exceso result\u00f3 del reciclaje y acumulaci\u00f3n de&nbsp;<strong>detritos<\/strong>, impulsados por el ajuste de la cadena alimentaria a condiciones de estr\u00e9s t\u00e9rmico.<\/p>\n\n\n\n<p>Los expertos observaron que durante las olas de calor marinas el mecanismo natural que permite el&nbsp;<strong>traslado del carbono<\/strong>&nbsp;desde la superficie hacia el fondo marino present\u00f3 interrupciones, lo que incrementa el riesgo de que ese retorne a la atm\u00f3sfera en lugar de quedar almacenado en las profundidades oce\u00e1nicas.<img loading=\"lazy\" decoding=\"async\" alt=\"Las acumulaciones de carbono no\" height=\"816\" src=\"https:\/\/www.infobae.com\/resizer\/v2\/XU434TQR7NBZHC75IFC6M7A4QU.jpg?auth=9530b00828fe8d2b45dfd6b0537c791105651d93b3387968dd9e2e74ce162c41&amp;smart=true&amp;width=350&amp;height=196&amp;quality=85\" width=\"1456\">Las acumulaciones de carbono no solo dependen de la productividad del fitoplancton sino tambi\u00e9n del reciclaje realizado por otros animales marinos y la acumulaci\u00f3n de detritos (Imagen Ilustrativa Infobae)<\/p>\n\n\n\n<p>Este tipo de eventos no produce siempre las mismas respuestas en la red tr\u00f3fica. Cambios en la composici\u00f3n de fitoplancton y la proliferaci\u00f3n de ciertos tipos de&nbsp;<strong>zooplancton<\/strong>&nbsp;modifican el destino final del carbono, ya que grupos dominados por peque\u00f1os herb\u00edvoros y detrit\u00edvoros evitan que el material org\u00e1nico se hunda r\u00e1pidamente.<\/p>\n\n\n\n<p>El equipo cient\u00edfico destaca la relevancia de estos hallazgos para comprender los efectos del&nbsp;<strong>cambio clim\u00e1tico<\/strong>, ya que el oc\u00e9ano act\u00faa como un sumidero que retira<strong>&nbsp;alrededor de una cuarta parte del di\u00f3xido de carbono<\/strong>&nbsp;emitido anualmente mediante el hundimiento de part\u00edculas de carbono desde la superficie hasta el fondo. Una alteraci\u00f3n en este proceso puede reducir la eficiencia de este proceso, lo que favorecer\u00eda el avance del&nbsp;<strong>calentamiento global<\/strong>.<\/p>\n\n\n\n<p>\u201cEl cambio clim\u00e1tico est\u00e1 contribuyendo a olas de calor marinas&nbsp;<strong>m\u00e1s frecuentes e intensas<\/strong>, lo que subraya la necesidad de un&nbsp;<strong>monitoreo sostenido<\/strong>&nbsp;y a largo plazo de los oc\u00e9anos para comprender y predecir c\u00f3mo las futuras olas de calor marinas impactar\u00e1n los ecosistemas, la pesca y el clima\u201d, enfatiz\u00f3&nbsp;<strong>Bif<\/strong>.<\/p>\n\n\n\n<h2 class=\"wp-block-heading\">\u00bfCu\u00e1les fueron las estrategias de observaci\u00f3n y an\u00e1lisis en el estudio?<\/h2>\n\n\n\n<p>La investigaci\u00f3n utiliz\u00f3 m\u00e1s de<strong>&nbsp;diez a\u00f1os de datos&nbsp;<\/strong>recogidos con flotadores&nbsp;<strong>robotizados aut\u00f3nomos<\/strong>&nbsp;desarrollados por la Global Ocean Biogeochemistry Array (<strong>GO-BGC<\/strong>), un proyecto liderado por MBARI. Estos equipos, llamados&nbsp;<strong>BGC-Argo<\/strong>, descienden y ascienden en la columna de agua entre la superficie y los 1.000 metros de profundidad, y miden regularmente&nbsp;<strong>temperatura<\/strong>,&nbsp;<strong>salinidad<\/strong>,&nbsp;<strong>nutrientes<\/strong>,&nbsp;<strong>ox\u00edgeno<\/strong>,&nbsp;<strong>clorofila<\/strong>&nbsp;y carbono org\u00e1nico particulado. As\u00ed, los resultados permitieron observar c\u00f3mo cambian las&nbsp;<strong>condiciones del oc\u00e9ano<\/strong>&nbsp;a lo largo del a\u00f1o y durante episodios de olas de calor.<img loading=\"lazy\" decoding=\"async\" alt=\"El plancton es esencial para\" height=\"2906\" src=\"https:\/\/www.infobae.com\/resizer\/v2\/YKZTR5UGXZDQRFWQ657JLO3E6E.jpg?auth=3d46271bca64b4c59e45ead227e2ba1d66157ceb64c1b9fcaf128a725a238da2&amp;smart=true&amp;width=350&amp;height=233&amp;quality=85\" width=\"4372\">El plancton es esencial para el ciclo del carbono oce\u00e1nico, su actividad transforma di\u00f3xido de carbono atmosf\u00e9rico en biomasa y part\u00edculas que descienden al fondo marino (Grosby Group)<\/p>\n\n\n\n<p>El estudio tambi\u00e9n incorpor\u00f3 informaci\u00f3n sobre las especies presentes al utilizar dos herramientas clave: el&nbsp;<strong>an\u00e1lisis qu\u00edmico de los pigmentos<\/strong>&nbsp;del fitoplancton y la&nbsp;<strong>secuenciaci\u00f3n gen\u00e9tica<\/strong>&nbsp;a partir de muestras de agua colectadas en varios puntos del noreste del Pac\u00edfico por la agencia&nbsp;<strong>Fisheries and Oceans Canada<\/strong>. Esta estrategia permiti\u00f3 relacionar qu\u00e9 organismos predominan cuando el carbono se acumula a distintas profundidades.<\/p>\n\n\n\n<p>Durante las olas de calor marinas, los investigadores detectaron una&nbsp;<strong>acumulaci\u00f3n de peque\u00f1as part\u00edculas&nbsp;<\/strong>de carbono, de menos de&nbsp;<strong>100 micrones<\/strong>, entre 200 y 400 metros de profundidad. Estas part\u00edculas permanecieron all\u00ed durante varios meses antes de degradarse, lo que limit\u00f3 la cantidad de&nbsp;<strong>carbono<\/strong>&nbsp;que pod\u00eda llegar a mayor profundidad y ser almacenado a largo plazo.<\/p>\n\n\n\n<h2 class=\"wp-block-heading\">Desaf\u00edos y perspectivas en la vigilancia de los cambios marinos<\/h2>\n\n\n\n<p>Los resultados del estudio ponen en relieve la importancia de sostener programas de&nbsp;<strong>monitoreo biogeoqu\u00edmico<\/strong>&nbsp;e integrar tecnolog\u00edas como flotadores aut\u00f3nomos, an\u00e1lisis qu\u00edmicos y gen\u00e9ticos para anticipar los m\u00faltiples efectos de&nbsp;<strong>olas de calor marinas<\/strong>.<img loading=\"lazy\" decoding=\"async\" alt=\"El oc\u00e9ano capta alrededor de\" height=\"816\" src=\"https:\/\/www.infobae.com\/resizer\/v2\/KF23GK57T5GLBJ7DETZCWYOIMQ.jpg?auth=6b22e537414d92d19a17820561998a83ab3b1186408e2d5dbd4a26a86624f05f&amp;smart=true&amp;width=350&amp;height=196&amp;quality=85\" width=\"1456\">El oc\u00e9ano capta alrededor de una cuarta parte de las emisiones globales de di\u00f3xido de carbono cada a\u00f1o, por lo que colabora en la regulaci\u00f3n del clima (Imagen Ilustrativa Infobae)<\/p>\n\n\n\n<p>La autora principal, Mariana B. Bif, afirm\u00f3 en un comunicado oficial que la investigaci\u00f3n \u201crevel\u00f3 que estas dos importantes olas de calor marinas<strong>&nbsp;alteraron las comunidades de plancton y perturbaron la bomba de carbono biol\u00f3gica del oc\u00e9ano<\/strong>. La cinta transportadora que transportaba el carbono desde la superficie hasta las profundidades marinas&nbsp;<strong>se atasc\u00f3<\/strong>, lo que aument\u00f3 el riesgo de que el carbono regresara a la atm\u00f3sfera en lugar de quedar atrapado en las profundidades oce\u00e1nicas\u201d.<\/p>\n\n\n\n<p>El investigador principal del proyecto,&nbsp;<strong>Ken Johnson<\/strong>, consider\u00f3 que \u201cesta investigaci\u00f3n marca un nuevo y emocionante cap\u00edtulo en la monitorizaci\u00f3n oce\u00e1nica. Para comprender realmente&nbsp;<strong>c\u00f3mo una ola de calor impacta los ecosistemas marinos y los procesos oce\u00e1nicos<\/strong>, necesitamos datos de observaci\u00f3n antes, durante y despu\u00e9s del evento\u201d.<\/p>\n\n\n\n<p>La intensificaci\u00f3n y frecuencia de estos fen\u00f3menos, impulsados por el&nbsp;<strong>cambio clim\u00e1tico<\/strong>, exige observaciones continuas y sostenidas para evaluar y modelar con precisi\u00f3n sus consecuencias sobre el&nbsp;<strong>ciclo del carbono<\/strong>, la&nbsp;<strong>biomasa oce\u00e1nica<\/strong>&nbsp;y las actividades humanas asociadas, como la&nbsp;<strong>pesca<\/strong>.<\/p>\n\n\n\n<p>Fuente: <a href=\"https:\/\/www.infobae.com\/america\/medio-ambiente\/2025\/10\/07\/las-olas-de-calor-marinas-podrian-afectar-la-capacidad-del-oceano-para-mitigar-el-cambio-climatico\/\" target=\"_blank\" rel=\"noreferrer noopener\"><em>https:\/\/www.infobae.com\/america\/medio-ambiente\/2025\/10\/07\/las-olas-de-calor-marinas-podrian-afectar-la-capacidad-del-oceano-para-mitigar-el-cambio-climatico\/<\/em><\/a><\/p>\n\n\n\n<p><\/p>\n","protected":false},"excerpt":{"rendered":"<p>Un estudio internacional se\u00f1ala que los episodios t\u00e9rmicos extremos alteran el equilibrio biol\u00f3gico y modifican el flujo de carbono hacia las profundidades La intensificaci\u00f3n de las\u00a0olas de calor marinas\u00a0plantea desaf\u00edos a la comprensi\u00f3n de los\u00a0ecosistemas oce\u00e1nicos\u00a0y su papel en la\u00a0regulaci\u00f3n&hellip; <\/p>\n","protected":false},"author":21,"featured_media":0,"comment_status":"closed","ping_status":"open","sticky":false,"template":"","format":"standard","meta":{"footnotes":""},"categories":[1],"tags":[],"class_list":["post-6071","post","type-post","status-publish","format-standard","hentry","category-sin-categoria"],"_links":{"self":[{"href":"https:\/\/www.cent.uo.edu.cu\/cemzoc-uo\/wp-json\/wp\/v2\/posts\/6071","targetHints":{"allow":["GET"]}}],"collection":[{"href":"https:\/\/www.cent.uo.edu.cu\/cemzoc-uo\/wp-json\/wp\/v2\/posts"}],"about":[{"href":"https:\/\/www.cent.uo.edu.cu\/cemzoc-uo\/wp-json\/wp\/v2\/types\/post"}],"author":[{"embeddable":true,"href":"https:\/\/www.cent.uo.edu.cu\/cemzoc-uo\/wp-json\/wp\/v2\/users\/21"}],"replies":[{"embeddable":true,"href":"https:\/\/www.cent.uo.edu.cu\/cemzoc-uo\/wp-json\/wp\/v2\/comments?post=6071"}],"version-history":[{"count":1,"href":"https:\/\/www.cent.uo.edu.cu\/cemzoc-uo\/wp-json\/wp\/v2\/posts\/6071\/revisions"}],"predecessor-version":[{"id":6074,"href":"https:\/\/www.cent.uo.edu.cu\/cemzoc-uo\/wp-json\/wp\/v2\/posts\/6071\/revisions\/6074"}],"wp:attachment":[{"href":"https:\/\/www.cent.uo.edu.cu\/cemzoc-uo\/wp-json\/wp\/v2\/media?parent=6071"}],"wp:term":[{"taxonomy":"category","embeddable":true,"href":"https:\/\/www.cent.uo.edu.cu\/cemzoc-uo\/wp-json\/wp\/v2\/categories?post=6071"},{"taxonomy":"post_tag","embeddable":true,"href":"https:\/\/www.cent.uo.edu.cu\/cemzoc-uo\/wp-json\/wp\/v2\/tags?post=6071"}],"curies":[{"name":"wp","href":"https:\/\/api.w.org\/{rel}","templated":true}]}}