{"id":6081,"date":"2026-01-06T12:29:24","date_gmt":"2026-01-06T16:29:24","guid":{"rendered":"https:\/\/www.cent.uo.edu.cu\/cemzoc-uo\/?p=6081"},"modified":"2026-01-06T12:29:25","modified_gmt":"2026-01-06T16:29:25","slug":"las-olas-de-calor-marinas-lentifican-el-flujo-de-carbono-de-los-oceanos","status":"publish","type":"post","link":"https:\/\/www.cent.uo.edu.cu\/cemzoc-uo\/2026\/01\/06\/las-olas-de-calor-marinas-lentifican-el-flujo-de-carbono-de-los-oceanos\/","title":{"rendered":"Las olas de calor marinas lentifican el flujo de carbono de los oc\u00e9anos"},"content":{"rendered":"\n<p>Cuando el plancton se encuentra en agua caliente, la materia org\u00e1nica se estanca en la superficie e interrumpe el transporte de carbono hacia el fondo oc\u00e9anico.<\/p>\n\n\n\n<figure class=\"wp-block-image size-large\"><img loading=\"lazy\" decoding=\"async\" width=\"1024\" height=\"576\" src=\"https:\/\/www.cent.uo.edu.cu\/cemzoc-uo\/files\/2026\/01\/image-1024x576.png\" alt=\"\" class=\"wp-image-6083\" srcset=\"https:\/\/www.cent.uo.edu.cu\/cemzoc-uo\/files\/2026\/01\/image-1024x576.png 1024w, https:\/\/www.cent.uo.edu.cu\/cemzoc-uo\/files\/2026\/01\/image-300x169.png 300w, https:\/\/www.cent.uo.edu.cu\/cemzoc-uo\/files\/2026\/01\/image-768x432.png 768w, https:\/\/www.cent.uo.edu.cu\/cemzoc-uo\/files\/2026\/01\/image.png 1200w\" sizes=\"auto, (max-width: 1024px) 100vw, 1024px\" \/><figcaption class=\"wp-element-caption\">Las nuevas investigaciones indican que las olas de calor marinas reestructuran la composici\u00f3n de las comunidades de fitoplancton, reduciendo los niveles de carbono absorbido por el oc\u00e9ano. Cr\u00e9ditos: Universidad de Rhode Island\/Stephanie Anderson<\/figcaption><\/figure>\n\n\n\n<p>Las olas de calor marinas describen casos de aguas extraordinariamente c\u00e1lidas que pueden permanecer en la superficie del oc\u00e9ano durante meses. Al igual que las&nbsp;<a href=\"https:\/\/eos.org\/tag\/heat-waves\" target=\"_blank\" rel=\"noreferrer noopener\">olas de calor<\/a>&nbsp;que experimentamos en tierra, las&nbsp;<a href=\"https:\/\/psl.noaa.gov\/marine-heatwaves\/\" target=\"_blank\" rel=\"noreferrer noopener\">olas de calor marinas<\/a>&nbsp;pueden alterar la qu\u00edmica ambiental y estancar los procesos biol\u00f3gicos. Mientras que las p\u00e9rdidas catastr\u00f3ficas de megafauna son&nbsp;<a href=\"https:\/\/www.nps.gov\/articles\/000\/heatwavestorymap.htm?utm_source=article&amp;utm_medium=website&amp;utm_campaign=experience_more&amp;utm_content=small\" target=\"_blank\" rel=\"noreferrer noopener\">indicadores evidentes<\/a>&nbsp;de un sistema de estr\u00e9s, los investigadores han comenzado a recopilar datos suficientes para entender c\u00f3mo los organismos microbianos en la base de las redes tr\u00f3ficas oce\u00e1nicas est\u00e1n respondiendo a las olas de calor.<\/p>\n\n\n\n<!--more-->\n\n\n\n<p>Un&nbsp;<a href=\"https:\/\/www.nature.com\/articles\/s41467-025-63605-w\" target=\"_blank\" rel=\"noreferrer noopener\">nuevo estudio<\/a>&nbsp;publicado en&nbsp;<em>Nature Communications<\/em>&nbsp;presenta una d\u00e9cada de mediciones que documentan dos olas de calor sucesivas en el noreste del Oc\u00e9ano Pac\u00edfico. El equipo interdisciplinario de autores de este art\u00edculo utiliz\u00f3 una combinaci\u00f3n de una boya rob\u00f3tica aut\u00f3noma, un crucero oceanogr\u00e1fico y datos satelitales para entender c\u00f3mo las comunidades microbianas de la regi\u00f3n se reorganizaron en respuesta a estos eventos extremos.<\/p>\n\n\n\n<p>Los investigadores descubrieron que la producci\u00f3n de materia org\u00e1nica increment\u00f3 en la superficie del oc\u00e9ano durante las olas de calor, pero las part\u00edculas ricas en carbono no se hundieron, ni flotaron, m\u00e1s bien, se quedaron en su lugar.<\/p>\n\n\n\n<h3 class=\"wp-block-heading\">La bomba biol\u00f3gica de carbono<\/h3>\n\n\n\n<p>Fitoplancton\u2014diminutos microbios fotosintetizadores\u2014activan la&nbsp;<a href=\"https:\/\/www.youtube.com\/watch?v=NOO1a8K1Tf0&amp;t=1s\" target=\"_blank\" rel=\"noreferrer noopener\">bomba biol\u00f3gica de carbono<\/a>. Al usar la luz solar y el di\u00f3xido de carbono (CO<sub>2<\/sub>) para crecer, el fitoplancton extrae carbono de la atm\u00f3sfera y lo incorpora al ciclo del carbono oc\u00e9anico. El zooplancton se alimenta en los extensos campos con estos organismos similares a plantas, transportando carbono a zonas m\u00e1s profundas de la columna de agua en forma de pellets fecales y pedazos de plancton a medio comer. Eventualmente, algunas de estas part\u00edculas se sumergen lo suficientemente como para alimentar los&nbsp;<a href=\"https:\/\/www.mbari.org\/project\/ecology-of-marine-snow\/\" target=\"_blank\" rel=\"noreferrer noopener\">ecosistemas de las profundidades oce\u00e1nicas.<\/a><\/p>\n\n\n\n<blockquote class=\"wp-block-quote is-layout-flow wp-block-quote-is-layout-flow\">\n<p>\u201cLa capacidad del oc\u00e9ano para capturar carbono depende de los microbios en la base de la red tr\u00f3fica.\u201d<\/p>\n<\/blockquote>\n\n\n\n<p>Esta bomba de carbono representa un&nbsp;<a href=\"https:\/\/eos.org\/science-updates\/our-evolving-understanding-of-biological-carbon-export\" target=\"_blank\" rel=\"noreferrer noopener\">amortiguador globalmente relevante frente a los impactos del cambio clim\u00e1tico<\/a>, ya que el oc\u00e9ano&nbsp;<a href=\"https:\/\/www.science.org\/doi\/full\/10.1126\/science.aau5153\" target=\"_blank\" rel=\"noreferrer noopener\">absorbe aproximadamente la cuarta parte del CO<sub>2<\/sub><\/a>&nbsp;emitido por la actividad humana. Algunas estimaciones sugieren que nuestras concentraciones atmosf\u00e9ricas actuales de CO2,&nbsp;<a href=\"https:\/\/esd.copernicus.org\/articles\/6\/327\/2015\/\" target=\"_blank\" rel=\"noreferrer noopener\">podr\u00edan incrementar hasta un 50%<\/a>&nbsp;si la bomba biol\u00f3gica de carbono&nbsp;<a href=\"https:\/\/www.nature.com\/articles\/s41467-025-57371-y\" target=\"_blank\" rel=\"noreferrer noopener\">dejar\u00e1 de transportar carbono<\/a>&nbsp;hacia las profundidades del oc\u00e9ano.<\/p>\n\n\n\n<p>\u201cLa capacidad del oc\u00e9ano para capturar carbono depende de los microbios en la base de la red tr\u00f3fica, entonces es muy importante que nosotros comencemos a entender cu\u00e1les son los impactos de las olas de calor marinas en las comunidades microbianas\u201d, explic\u00f3&nbsp;<a href=\"https:\/\/people.miami.edu\/profile\/77d64e5136bce2bb19c15d8ce6ca8e7a\" target=\"_blank\" rel=\"noreferrer noopener\">Mariana Bif<\/a>, autora principal del nuevo estudio. Bif es profesora asistente en la Universidad de Miami y anteriormente fue investigadora en el Instituto de Investigaci\u00f3n del Acuario de la Bah\u00eda de Monterey, o MBARI por sus siglas en ingl\u00e9s.<\/p>\n\n\n\n<h3 class=\"wp-block-heading\">Cuando la red tr\u00f3fica se enreda<\/h3>\n\n\n\n<p>En ambas olas de calor marinas rastreadas en el estudio, los investigadores encontraron que la bomba de carbono biol\u00f3gica mostraba se\u00f1ales de sobrecalentamiento. Las part\u00edculas ricas en carbono se quedaron estancadas aproximadamente a los 200 metros (660 pies) debajo de la superficie, pero durante las dos olas de calor, distintos mecanismos causaron esta acumulaci\u00f3n.<\/p>\n\n\n\n<p><a href=\"https:\/\/www.fisheries.noaa.gov\/feature-story\/looking-back-blob-record-warming-drives-unprecedented-ocean-change\" target=\"_blank\" rel=\"noreferrer noopener\">La primera ola de calor incluida en el estudio<\/a>&nbsp;empez\u00f3 en el 2013, cuando vientos inusualmente d\u00e9biles sobre el Pac\u00edfico no lograron devolver el aire c\u00e1lido del verano hacia el territorio continental de los Estados Unidos. La ola de calor, apodada \u201c<a href=\"https:\/\/www.earthdata.nasa.gov\/news\/feature-articles\/blob\" target=\"_blank\" rel=\"noreferrer noopener\">the Blob<\/a>\u201d fue noticia cuando las aguas c\u00e1lidas, estancadas y deficientes en ox\u00edgeno provocaron mortandades masivas de fauna en todos los rincones del Pac\u00edfico antes de disiparse en 2015.<\/p>\n\n\n\n<p>En 2019, la nubosidad irregular sobre el oc\u00e9ano y &nbsp;prepararon el escenario para que otra ola de calor barriera con el noreste del Pac\u00edfico.&nbsp;<a href=\"https:\/\/www.fisheries.noaa.gov\/feature-story\/new-marine-heatwave-emerges-west-coast-resembles-blob\" target=\"_blank\" rel=\"noreferrer noopener\">Esta segunda ola de calor<\/a>&nbsp;elev\u00f3 nuevamente las temperaturas y pas\u00f3 a conocerse como \u201c<a href=\"https:\/\/www.nature.com\/articles\/s41467-020-15820-w\" target=\"_blank\" rel=\"noreferrer noopener\">the Blob 2.0<\/a>\u201d.<\/p>\n\n\n\n<p>Bif y sus coautores encontraron que durante ambas olas de calor, la comunidad microbiana marina experiment\u00f3 un cambio en sus \u201c<a href=\"https:\/\/communities.springernature.com\/posts\/when-the-ocean-gets-a-fever-marine-heatwaves-reshape-food-webs-and-carbon-flow\" target=\"_blank\" rel=\"noreferrer noopener\">mandos intermedios<\/a>\u201d.<\/p>\n\n\n\n<p>Dentro de los primeros a\u00f1os del Blob, las condiciones f\u00edsicas y qu\u00edmicas favorecieron a especies m\u00e1s peque\u00f1as de fitoplancton, lo que a su vez favoreci\u00f3 a un nuevo grupo de alimentadores zooplanct\u00f3nicos. Esta discreta red tr\u00f3fica, eventualmente cre\u00f3 una capa oce\u00e1nica llena de part\u00edculas org\u00e1nicas que eran demasiado ligeras para hundirse en las aguas m\u00e1s densas de las profundidades.<\/p>\n\n\n\n<p>Durante el Blob 2.0, las concentraciones de las part\u00edculas de materia org\u00e1nica fueron a\u00fan m\u00e1s altas, pero el incremento no provino totalmente de la producci\u00f3n primaria. Esta vez las condiciones favorecieron a especies frugales. Los organismos oportunistamente capaces de alimentarse de detritos y de materia org\u00e1nica de menor calidad se volvieron m\u00e1s predominantes, mostrando que el sistema estaba ciclando y reciclando carbono para mantenerlo en la parte superior de la columna de agua. Dentro de esta comunidad, los par\u00e1sitos prosperaron, y organismos (incluido un grupo de&nbsp;<a href=\"https:\/\/www.amnh.org\/explore\/news-blogs\/radiolarians\" target=\"_blank\" rel=\"noreferrer noopener\">radiolarios<\/a>) que nunca antes se hab\u00edan observado en el noreste del Pac\u00edfico comenzaron a aparecer regularmente.<\/p>\n\n\n\n<h3 class=\"wp-block-heading\">Midiendo en medio de la nada<\/h3>\n\n\n\n<p>La gama de tecnolog\u00eda utilizada en el estudio lo distingue de esfuerzos previos para catalogar los efectos de las olas de calor marinas<\/p>\n\n\n\n<blockquote class=\"wp-block-quote is-layout-flow wp-block-quote-is-layout-flow\">\n<p>\u201cAhora nosotros estamos entrando en una era de \u2018big data\u2019 en la biogeoqu\u00edmica oce\u00e1nica, mientras que antes est\u00e1bamos limitados a lo que pod\u00edamos recolectar desde los barcos.\u201d<\/p>\n<\/blockquote>\n\n\n\n<p>\u201cAhora nosotros estamos entrando en una era de \u2018big data\u2019 en la biogeoqu\u00edmica oce\u00e1nica, mientras que antes est\u00e1bamos limitados a lo que pod\u00edamos recolectar desde los barcos,\u201d dijo&nbsp;<a href=\"https:\/\/noc.ac.uk\/n\/Stephanie%20Henson\" target=\"_blank\" rel=\"noreferrer noopener\">Stephanie Henson<\/a>, cient\u00edfica principal en el Centro Nacional de Oceanograf\u00eda en Southampton (NOC Southampton, por sus siglas en ingl\u00e9s), Reino Unido. Henson no particip\u00f3 en el estudio.<\/p>\n\n\n\n<p>Henson explic\u00f3 que las boyas aut\u00f3nomas y otros sistemas de monitoreo avanzado est\u00e1n permitiendo a los investigadores trabajar con un set de datos que se extiende m\u00e1s all\u00e1 de la duraci\u00f3n de un crucero oceanogr\u00e1fico.<\/p>\n\n\n\n<p>\u201cLa gente ha estado estudiando las respuestas a las olas de calor marinas en&nbsp;<a href=\"https:\/\/eos.org\/articles\/heat-waves-more-than-coral-death-may-cause-fish-to-flee-reefs\" target=\"_blank\" rel=\"noreferrer noopener\">sistemas como los arrecifes de coral<\/a>, etc\u00e9tera\u201d, dijo Henson, explicando que los investigadores han observado que no todas las respuestas biol\u00f3gicas son iguales de una ola de calor marina a otra. Sin embargo, se\u00f1al\u00f3 que este estudio fue el primero que demuestra que los flujos de carbono en el oc\u00e9ano, tambi\u00e9n presentan respuestas complejas a las olas de calor marinas.<\/p>\n\n\n\n<p>Para revisar los signos vitales del Pac\u00edfico antes, durante y despu\u00e9s de cada una de las olas de calor, los investigadores recurrieron a la Red Global de Biogeoqu\u00edmica Oce\u00e1nica (<a href=\"https:\/\/www.go-bgc.org\/\" target=\"_blank\" rel=\"noreferrer noopener\">GO-BGC<\/a>, por sus siglas en ingl\u00e9s). Los instrumentos GO-BGC son un subconjunto de la&nbsp;<a href=\"https:\/\/argo.ucsd.edu\/about\/status\/\" target=\"_blank\" rel=\"noreferrer noopener\">red Argo<\/a>, una red global de miles de boyas rob\u00f3ticas aut\u00f3nomas. Cada boya se desplaza libremente con las corrientes oce\u00e1nicas, monitoreando el pH, la salinidad, la temperatura y otros par\u00e1metros<\/p>\n\n\n\n<figure class=\"wp-block-image\"><img decoding=\"async\" src=\"https:\/\/eos.org\/wp-content\/uploads\/2025\/10\/mariana-bif-768x1024.jpg\" alt=\"A researcher stands on the outside deck of a large ship, holding a large gray cylindrical scientific instrument that is slightly taller than them. The researcher wears sunglasses, a T-shirt and an orange safety vest. The metallic cylinder is outfitted with knobs, tubes, and a variety of gauges.\" class=\"wp-image-241489\"\/><figcaption class=\"wp-element-caption\">Mariana Bif se prepara para desplegar una boya GO-BGC en la Bah\u00eda de Bengala. La boya derivar\u00e1 libremente en las corrientes oce\u00e1nicas a aproximadamente 1.000 a 2.000 metros de profundidad, regresando a la superficie cada 10 d\u00edas para enviar datos sobre la temperatura, salinidad y qu\u00edmica oce\u00e1nica, v\u00eda sat\u00e9lite, a los investigadores en tierra. (El oc\u00e9ano \u00cdndico no fue parte del nuevo estudio, pero Bif utiliz\u00f3 boyas GO-BGC en el Pac\u00edfico para realizar la investigaci\u00f3n.) Cr\u00e9ditos: Sudheesh Keloth, Julio, 2025<\/figcaption><\/figure>\n\n\n\n<p>A pesar de todo lo que pueden hacer, las boyas no son capaces de recolectar muestras microbianas. Para esto, en lugar de que Bif buscara la data, la data lleg\u00f3 a Bif.<\/p>\n\n\n\n<p><a href=\"https:\/\/mbim.ubc.ca\/people\/faculty\/steven-hallam\" target=\"_blank\" rel=\"noreferrer noopener\">Steven Hallam<\/a>, microbi\u00f3logo de la Universidad de Columbia Brit\u00e1nica y coautor en el nuevo estudio, se puso en contacto con Bif despu\u00e9s de&nbsp;<a href=\"https:\/\/thebulletin.org\/2021\/12\/beware-the-blob-ocean-heatwaves-threaten-microbes-that-help-counter-global-warming\/\" target=\"_blank\" rel=\"noreferrer noopener\">leer una entrevista con ella sobre su trabajo en olas de calor marinas<\/a>. \u00c9l ten\u00eda la corazonada de que las muestras de ADN planct\u00f3nico almacenadas en el refrigerador de su laboratorio podr\u00edan ser de ayuda para la investigaci\u00f3n de Bif sobre el ciclo del carbono en el oc\u00e9ano. Cient\u00edficos del grupo de laboratorio de Hallam hab\u00edan publicado previamente investigaciones sobre&nbsp;<a href=\"https:\/\/www.nature.com\/articles\/s42003-021-02731-9\" target=\"_blank\" rel=\"noreferrer noopener\">comunidades bacterianas en la misma regi\u00f3n<\/a>, usando muestras recolectadas durante los cruceros oceanogr\u00e1ficos a lo largo del transecto&nbsp;<a href=\"https:\/\/hallam.microbiology.ubc.ca\/projects\/line-p\/\" target=\"_blank\" rel=\"noreferrer noopener\">Line P<\/a>&nbsp;frente a la costa de Columbia Brit\u00e1nica.<\/p>\n\n\n\n<p>Despu\u00e9s de un intercambio por correo electr\u00f3nico, el grupo de laboratorio de Hallam analiz\u00f3 las muestras, expandiendo el an\u00e1lisis de las bacterias a la composici\u00f3n de la comunidad entera, lo que result\u00f3 en una contribuci\u00f3n significativa al estudio de Bif.<\/p>\n\n\n\n<p>Mientras la historia de c\u00f3mo el ADN planct\u00f3nico vino a Bif es un testimonio del poder entre la comunicaci\u00f3n y colaboraci\u00f3n en la ciencia, Henson not\u00f3 que los transectos de la Line P, no necesariamente se superponen espacialmente con las regiones de mayor impacto de las olas de calor marinas, y combinar los conjuntos de datos de diferentes escalas (como los datos obtenidos en barcos y los datos de flotadores aut\u00f3nomos) deber\u00eda hacerse cautelosamente.<\/p>\n\n\n\n<p>Adem\u00e1s, Henson a\u00f1adi\u00f3, \u201cEs lo mejor que podemos hacer por el momento\u201d<\/p>\n\n\n\n<h3 class=\"wp-block-heading\">Incertidumbres persistentes<\/h3>\n\n\n\n<p>Respecto a las investigaciones futuras, Bif est\u00e1 involucrada en algunos nuevos proyectos explorando regiones marinas desoxigenadas, pero dijo: \u201cMi enfoque siempre es en los flotadores BGC-Argo\u201d.<\/p>\n\n\n\n<p>Bif indic\u00f3 que ser\u00e1 interesante observar los datos de BGC-Argo desde los flotadores que est\u00e1n en medio de la&nbsp;<a href=\"https:\/\/www.integratedecosystemassessment.noaa.gov\/regions\/california-current\/california-current-marine-heatwave-tracker-blobtracker\" target=\"_blank\" rel=\"noreferrer noopener\">ola de calor marina afectando actualmente el Pac\u00edfico Norte<\/a>. Esa ola de calor ya est\u00e1 mostrando se\u00f1ales de desaceleraci\u00f3n, aunque los cient\u00edficos dicen que&nbsp;<a href=\"https:\/\/psl.noaa.gov\/marine-heatwaves\/\" target=\"_blank\" rel=\"noreferrer noopener\">probablemente permanecer\u00e1 durante el invierno<\/a>.<\/p>\n\n\n\n<p>\u201cNo estoy seguro de si esto va a tener el alcance que tuvieron algunas de las olas de calor marinas anteriores en la regi\u00f3n\u201d, dijo&nbsp;<a href=\"https:\/\/cig.uw.edu\/about\/people\/nick-bond\/\" target=\"_blank\" rel=\"noreferrer noopener\">Nick Bond<\/a>, quien no estuvo involucrado en esta investigaci\u00f3n pero estudi\u00f3 las olas de calor marinas como parte de su rol anterior como climat\u00f3logo del estado de Washington. Ahora \u00e9l es investigador s\u00e9nior en la Universidad de Washington.<\/p>\n\n\n\n<blockquote class=\"wp-block-quote is-layout-flow wp-block-quote-is-layout-flow\">\n<p>\u201cLo que no medimos, no podemos entenderlo. Necesitamos m\u00e1s inversiones para monitorear el oc\u00e9ano.\u201d<\/p>\n<\/blockquote>\n\n\n\n<p>Bond a\u00f1adi\u00f3 que mientras haya \u201cevidencia tentativa\u201d de que el calentamiento clim\u00e1tico puede estar incrementando la frecuencia de olas de calor marina en el Pac\u00edfico, a\u00fan hay mucho m\u00e1s por aprender antes de que los cient\u00edficos puedan pronosticar con precisi\u00f3n c\u00f3mo se comportar\u00e1n en el futuro.<\/p>\n\n\n\n<p>Mientras tanto, otra inc\u00f3gnita que se avecina para este campo de investigaci\u00f3n se est\u00e1 desarrollando nuevamente en tierra firme.<\/p>\n\n\n\n<p>\u201cHay un poco de incertidumbre en la comunidad porque al momento, para el programa global Argo, Estados Unidos contribuye aproximadamente con la mitad de los flotadores que se despliegan\u201d, dijo Henson,&nbsp;<a href=\"https:\/\/www.science.org\/content\/article\/trump-administration-pushes-ahead-noaa-climate-and-weather-cuts\" target=\"_blank\" rel=\"noreferrer noopener\">aludiendo su preocupaci\u00f3n a los recortes presupuestarios recientes<\/a>&nbsp;en Estados Unidos. Sin embargo, ella explic\u00f3 que otros pa\u00edses est\u00e1n intensificando sus contribuciones para mantener a flote el programa Argo.<\/p>\n\n\n\n<p>\u201cLo que no medimos no podemos entenderlo. Necesitamos m\u00e1s inversiones para monitorear el oc\u00e9ano\u201d dijo Bif.<\/p>\n\n\n\n<p>Fuente: <a href=\"https:\/\/eos.org\/articles\/marine-heat-waves-slow-the-oceans-carbon-flow-spanish\" target=\"_blank\" rel=\"noreferrer noopener\"><em>https:\/\/eos.org\/articles\/marine-heat-waves-slow-the-oceans-carbon-flow-spanish<\/em><\/a><\/p>\n\n\n\n<p><\/p>\n","protected":false},"excerpt":{"rendered":"<p>Cuando el plancton se encuentra en agua caliente, la materia org\u00e1nica se estanca en la superficie e interrumpe el transporte de carbono hacia el fondo oc\u00e9anico. Las olas de calor marinas describen casos de aguas extraordinariamente c\u00e1lidas que pueden permanecer&hellip; <\/p>\n","protected":false},"author":21,"featured_media":0,"comment_status":"closed","ping_status":"open","sticky":false,"template":"","format":"standard","meta":{"footnotes":""},"categories":[1],"tags":[],"class_list":["post-6081","post","type-post","status-publish","format-standard","hentry","category-sin-categoria"],"_links":{"self":[{"href":"https:\/\/www.cent.uo.edu.cu\/cemzoc-uo\/wp-json\/wp\/v2\/posts\/6081","targetHints":{"allow":["GET"]}}],"collection":[{"href":"https:\/\/www.cent.uo.edu.cu\/cemzoc-uo\/wp-json\/wp\/v2\/posts"}],"about":[{"href":"https:\/\/www.cent.uo.edu.cu\/cemzoc-uo\/wp-json\/wp\/v2\/types\/post"}],"author":[{"embeddable":true,"href":"https:\/\/www.cent.uo.edu.cu\/cemzoc-uo\/wp-json\/wp\/v2\/users\/21"}],"replies":[{"embeddable":true,"href":"https:\/\/www.cent.uo.edu.cu\/cemzoc-uo\/wp-json\/wp\/v2\/comments?post=6081"}],"version-history":[{"count":1,"href":"https:\/\/www.cent.uo.edu.cu\/cemzoc-uo\/wp-json\/wp\/v2\/posts\/6081\/revisions"}],"predecessor-version":[{"id":6085,"href":"https:\/\/www.cent.uo.edu.cu\/cemzoc-uo\/wp-json\/wp\/v2\/posts\/6081\/revisions\/6085"}],"wp:attachment":[{"href":"https:\/\/www.cent.uo.edu.cu\/cemzoc-uo\/wp-json\/wp\/v2\/media?parent=6081"}],"wp:term":[{"taxonomy":"category","embeddable":true,"href":"https:\/\/www.cent.uo.edu.cu\/cemzoc-uo\/wp-json\/wp\/v2\/categories?post=6081"},{"taxonomy":"post_tag","embeddable":true,"href":"https:\/\/www.cent.uo.edu.cu\/cemzoc-uo\/wp-json\/wp\/v2\/tags?post=6081"}],"curies":[{"name":"wp","href":"https:\/\/api.w.org\/{rel}","templated":true}]}}