{"id":6104,"date":"2026-01-13T06:45:50","date_gmt":"2026-01-13T10:45:50","guid":{"rendered":"https:\/\/www.cent.uo.edu.cu\/cemzoc-uo\/?p=6104"},"modified":"2026-01-13T06:46:50","modified_gmt":"2026-01-13T10:46:50","slug":"hacia-costas-mas-resilientes-cemzoc-lanza-su-primer-taller-en-este-2026","status":"publish","type":"post","link":"https:\/\/www.cent.uo.edu.cu\/cemzoc-uo\/2026\/01\/13\/hacia-costas-mas-resilientes-cemzoc-lanza-su-primer-taller-en-este-2026\/","title":{"rendered":"Hacia costas m\u00e1s resilientes: CEMZOC lanza su primer taller en este 2026."},"content":{"rendered":"\n<figure class=\"wp-block-image size-full\"><img loading=\"lazy\" decoding=\"async\" width=\"512\" height=\"640\" src=\"https:\/\/www.cent.uo.edu.cu\/cemzoc-uo\/files\/2026\/01\/image-2.png\" alt=\"\" class=\"wp-image-6106\" srcset=\"https:\/\/www.cent.uo.edu.cu\/cemzoc-uo\/files\/2026\/01\/image-2.png 512w, https:\/\/www.cent.uo.edu.cu\/cemzoc-uo\/files\/2026\/01\/image-2-240x300.png 240w\" sizes=\"auto, (max-width: 512px) 100vw, 512px\" \/><\/figure>\n\n\n\n<!--more-->\n\n\n\n<h3 class=\"wp-block-heading\"><strong>Un paso concreto para la protecci\u00f3n del litoral<\/strong><\/h3>\n\n\n\n<p>El\u00a0<strong>Centro de Estudios Multidisciplinario de Zonas Costeras (CEMZOC)<\/strong>\u00a0de la\u00a0<strong>Facultad de Construcciones<\/strong>\u00a0se complace en anunciar el lanzamiento del\u00a0<strong>Primer Taller del Proyecto Resiliencia Costera<\/strong>, una iniciativa pionera que marca el inicio oficial de las actividades cient\u00edficas en este nuevo proyecto cient\u00edfico. Este taller representa un hito fundamental en nuestro compromiso con la generaci\u00f3n de conocimiento aplicado para la gesti\u00f3n sostenible y adaptativa de nuestros espacios litorales.<\/p>\n\n\n\n<h3 class=\"wp-block-heading\"><strong>Objetivos del Taller<\/strong><\/h3>\n\n\n\n<p>Este encuentro inaugural, dirigido a investigadores, profesionales clave y socios estrat\u00e9gicos, tiene como finalidad:<\/p>\n\n\n\n<ol start=\"1\" class=\"wp-block-list\">\n<li>Presentar y socializar los\u00a0<strong>lineamientos, objetivos y estructura general<\/strong>\u00a0del Proyecto Resiliencia Costera.<\/li>\n\n\n\n<li>Establecer las\u00a0<strong>bases de colaboraci\u00f3n<\/strong>\u00a0entre las diferentes disciplinas que convergen en el centro (ingenier\u00eda, geograf\u00eda, biolog\u00eda, ciencias sociales, planificaci\u00f3n, entre otras).<\/li>\n\n\n\n<li>Definir la\u00a0<strong>metodolog\u00eda de trabajo<\/strong>\u00a0y los primeros sitios de estudio piloto.<\/li>\n\n\n\n<li>Identificar\u00a0<strong>sinergias con instituciones participantes en el proyecto<\/strong>, sentando las bases para un trabajo colaborativo.<\/li>\n<\/ol>\n\n\n\n<h3 class=\"wp-block-heading\"><strong>Por qu\u00e9 la \u00abResiliencia Costera\u00bb es crucial<\/strong><\/h3>\n\n\n\n<p>Las zonas costeras concentran una gran parte de la poblaci\u00f3n e infraestructura cr\u00edtica, siendo especialmente vulnerables a los efectos del&nbsp;<strong>cambio clim\u00e1tico<\/strong>&nbsp;(como el aumento del nivel del mar y la intensificaci\u00f3n de eventos extremos), la&nbsp;<strong>presi\u00f3n antr\u00f3pica<\/strong>&nbsp;y la&nbsp;<strong>p\u00e9rdida de biodiversidad<\/strong>. El concepto de \u00abresiliencia\u00bb se refiere a la capacidad de estos sistemas socio-ecol\u00f3gicos para absorber perturbaciones, adaptarse y transformarse de manera sostenible. Este proyecto busca precisamente diagnosticar vulnerabilidades y co-crear soluciones innovadoras y basadas en la naturaleza.<\/p>\n\n\n\n<h3 class=\"wp-block-heading\"><strong>Un Enfoque Multidisciplinario<\/strong><\/h3>\n\n\n\n<p>El taller encarna el esp\u00edritu del CMZC: abordar problemas complejos desde m\u00faltiples perspectivas. En las sesiones participar\u00e1n especialistas en:<\/p>\n\n\n\n<ul class=\"wp-block-list\">\n<li>Ingenier\u00eda Hidr\u00e1ulica y Costera<\/li>\n\n\n\n<li>Geomorfolog\u00eda y Din\u00e1mica Litoral<\/li>\n\n\n\n<li>Ecolog\u00eda y Restauraci\u00f3n de Ecosistemas<\/li>\n\n\n\n<li>Ordenamiento Territorial y Planificaci\u00f3n<\/li>\n\n\n\n<li>Econom\u00eda Ambiental y Gobernanza<\/li>\n<\/ul>\n\n\n\n<p>Los resultados y acuerdos de este taller fundacional servir\u00e1n como hoja de ruta para el desarrollo de las actividades del proyecto durante el pr\u00f3ximo a\u00f1o, las cuales incluir\u00e1n\u00a0<strong>caracterizaci\u00f3n de sitios, modelaci\u00f3n, propuestas de medidas de adaptaci\u00f3n y espacios de di\u00e1logo con actores locales<\/strong>.<\/p>\n\n\n\n<p><strong>Invitamos a toda la comunidad universitaria y a los actores interesados en la gesti\u00f3n costera a estar atentos a los resultados y futuras convocatorias que emanar\u00e1n de este proyecto.<\/strong><\/p>\n\n\n\n<p><\/p>\n","protected":false},"excerpt":{"rendered":"","protected":false},"author":21,"featured_media":0,"comment_status":"closed","ping_status":"open","sticky":false,"template":"","format":"standard","meta":{"footnotes":""},"categories":[1],"tags":[],"class_list":["post-6104","post","type-post","status-publish","format-standard","hentry","category-sin-categoria"],"_links":{"self":[{"href":"https:\/\/www.cent.uo.edu.cu\/cemzoc-uo\/wp-json\/wp\/v2\/posts\/6104","targetHints":{"allow":["GET"]}}],"collection":[{"href":"https:\/\/www.cent.uo.edu.cu\/cemzoc-uo\/wp-json\/wp\/v2\/posts"}],"about":[{"href":"https:\/\/www.cent.uo.edu.cu\/cemzoc-uo\/wp-json\/wp\/v2\/types\/post"}],"author":[{"embeddable":true,"href":"https:\/\/www.cent.uo.edu.cu\/cemzoc-uo\/wp-json\/wp\/v2\/users\/21"}],"replies":[{"embeddable":true,"href":"https:\/\/www.cent.uo.edu.cu\/cemzoc-uo\/wp-json\/wp\/v2\/comments?post=6104"}],"version-history":[{"count":2,"href":"https:\/\/www.cent.uo.edu.cu\/cemzoc-uo\/wp-json\/wp\/v2\/posts\/6104\/revisions"}],"predecessor-version":[{"id":6110,"href":"https:\/\/www.cent.uo.edu.cu\/cemzoc-uo\/wp-json\/wp\/v2\/posts\/6104\/revisions\/6110"}],"wp:attachment":[{"href":"https:\/\/www.cent.uo.edu.cu\/cemzoc-uo\/wp-json\/wp\/v2\/media?parent=6104"}],"wp:term":[{"taxonomy":"category","embeddable":true,"href":"https:\/\/www.cent.uo.edu.cu\/cemzoc-uo\/wp-json\/wp\/v2\/categories?post=6104"},{"taxonomy":"post_tag","embeddable":true,"href":"https:\/\/www.cent.uo.edu.cu\/cemzoc-uo\/wp-json\/wp\/v2\/tags?post=6104"}],"curies":[{"name":"wp","href":"https:\/\/api.w.org\/{rel}","templated":true}]}}