{"id":6149,"date":"2026-01-27T11:10:17","date_gmt":"2026-01-27T15:10:17","guid":{"rendered":"https:\/\/www.cent.uo.edu.cu\/cemzoc-uo\/?p=6149"},"modified":"2026-01-27T11:10:18","modified_gmt":"2026-01-27T15:10:18","slug":"fructifero-primer-taller-del-proyecto-resiliencia-costera-un-paso-clave-hacia-la-proteccion-de-nuestras-costas","status":"publish","type":"post","link":"https:\/\/www.cent.uo.edu.cu\/cemzoc-uo\/2026\/01\/27\/fructifero-primer-taller-del-proyecto-resiliencia-costera-un-paso-clave-hacia-la-proteccion-de-nuestras-costas\/","title":{"rendered":"Fruct\u00edfero Primer Taller del Proyecto Resiliencia Costera: Un paso clave hacia la protecci\u00f3n de nuestras costas"},"content":{"rendered":"\n<p>Este 22 de enero, marc\u00f3 un hito importante para la sostenibilidad y protecci\u00f3n de nuestras zonas litorales con la celebraci\u00f3n del\u00a0<strong>1er Taller del Proyecto Resiliencia Costera<\/strong>, coordinado por el\u00a0<strong>Centro de Estudios Multidisciplinarios de Zonas Costeras de la Universidad de Oriente, Cuba<\/strong>.<\/p>\n\n\n\n<figure class=\"wp-block-image size-large\"><img loading=\"lazy\" decoding=\"async\" width=\"1024\" height=\"411\" src=\"https:\/\/www.cent.uo.edu.cu\/cemzoc-uo\/files\/2026\/01\/taller-1024x411.jpg\" alt=\"\" class=\"wp-image-6151\" srcset=\"https:\/\/www.cent.uo.edu.cu\/cemzoc-uo\/files\/2026\/01\/taller-1024x411.jpg 1024w, https:\/\/www.cent.uo.edu.cu\/cemzoc-uo\/files\/2026\/01\/taller-300x120.jpg 300w, https:\/\/www.cent.uo.edu.cu\/cemzoc-uo\/files\/2026\/01\/taller-768x308.jpg 768w, https:\/\/www.cent.uo.edu.cu\/cemzoc-uo\/files\/2026\/01\/taller.jpg 1280w\" sizes=\"auto, (max-width: 1024px) 100vw, 1024px\" \/><\/figure>\n\n\n\n<p>Este encuentro sirvi\u00f3 como espacio de di\u00e1logo, intercambio y co-creaci\u00f3n entre actores clave comprometidos con la preservaci\u00f3n y el fortalecimiento de los ecosistemas costeros. A lo largo de la jornada, se compartieron experiencias, conocimientos y propuestas encaminadas a dise\u00f1ar estrategias que permitan enfrentar los desaf\u00edos ambientales y sociales que afectan a nuestras costas. Desde la importancia de la investigaci\u00f3n aplicada hasta la integraci\u00f3n comunitaria, el taller destac\u00f3 el valor del trabajo conjunto y la visi\u00f3n multidisciplinaria para construir soluciones efectivas y duraderas.<\/p>\n\n\n\n<!--more-->\n\n\n\n<p><strong>\u00a1Agradecemos profundamente a todos los participantes por su entusiasmo, colaboraci\u00f3n y compromiso con la resiliencia costera!<\/strong>\u00a0Cada aporte, pregunta y reflexi\u00f3n enriqueci\u00f3 este proceso y refuerza nuestro camino hacia un futuro m\u00e1s sostenible.<\/p>\n\n\n\n<p>Quedamos motivados y con mayores herramientas para continuar avanzando en este proyecto, que busca no solo proteger, sino tambi\u00e9n empoderar a las comunidades costeras frente a los retos del cambio clim\u00e1tico y otros fen\u00f3menos asociados.<\/p>\n\n\n\n<p>\u00a1Sigamos construyendo resiliencia, juntos!<\/p>\n\n\n\n<hr class=\"wp-block-separator has-alpha-channel-opacity\"\/>\n\n\n\n<p><em>Proyecto Resiliencia Costera \u2013 Centro de Estudios Multidisciplinarios de Zonas Costeras, Universidad de Oriente, Cuba.<\/em><\/p>\n\n\n\n<p><\/p>\n","protected":false},"excerpt":{"rendered":"<p>Este 22 de enero, marc\u00f3 un hito importante para la sostenibilidad y protecci\u00f3n de nuestras zonas litorales con la celebraci\u00f3n del\u00a01er Taller del Proyecto Resiliencia Costera, coordinado por el\u00a0Centro de Estudios Multidisciplinarios de Zonas Costeras de la Universidad de Oriente,&hellip; <\/p>\n","protected":false},"author":21,"featured_media":0,"comment_status":"closed","ping_status":"open","sticky":false,"template":"","format":"standard","meta":{"footnotes":""},"categories":[1],"tags":[],"class_list":["post-6149","post","type-post","status-publish","format-standard","hentry","category-sin-categoria"],"_links":{"self":[{"href":"https:\/\/www.cent.uo.edu.cu\/cemzoc-uo\/wp-json\/wp\/v2\/posts\/6149","targetHints":{"allow":["GET"]}}],"collection":[{"href":"https:\/\/www.cent.uo.edu.cu\/cemzoc-uo\/wp-json\/wp\/v2\/posts"}],"about":[{"href":"https:\/\/www.cent.uo.edu.cu\/cemzoc-uo\/wp-json\/wp\/v2\/types\/post"}],"author":[{"embeddable":true,"href":"https:\/\/www.cent.uo.edu.cu\/cemzoc-uo\/wp-json\/wp\/v2\/users\/21"}],"replies":[{"embeddable":true,"href":"https:\/\/www.cent.uo.edu.cu\/cemzoc-uo\/wp-json\/wp\/v2\/comments?post=6149"}],"version-history":[{"count":1,"href":"https:\/\/www.cent.uo.edu.cu\/cemzoc-uo\/wp-json\/wp\/v2\/posts\/6149\/revisions"}],"predecessor-version":[{"id":6153,"href":"https:\/\/www.cent.uo.edu.cu\/cemzoc-uo\/wp-json\/wp\/v2\/posts\/6149\/revisions\/6153"}],"wp:attachment":[{"href":"https:\/\/www.cent.uo.edu.cu\/cemzoc-uo\/wp-json\/wp\/v2\/media?parent=6149"}],"wp:term":[{"taxonomy":"category","embeddable":true,"href":"https:\/\/www.cent.uo.edu.cu\/cemzoc-uo\/wp-json\/wp\/v2\/categories?post=6149"},{"taxonomy":"post_tag","embeddable":true,"href":"https:\/\/www.cent.uo.edu.cu\/cemzoc-uo\/wp-json\/wp\/v2\/tags?post=6149"}],"curies":[{"name":"wp","href":"https:\/\/api.w.org\/{rel}","templated":true}]}}