{"id":6165,"date":"2026-02-10T06:55:03","date_gmt":"2026-02-10T10:55:03","guid":{"rendered":"https:\/\/www.cent.uo.edu.cu\/cemzoc-uo\/?p=6165"},"modified":"2026-02-10T06:55:05","modified_gmt":"2026-02-10T10:55:05","slug":"el-calentamiento-sigue-imparable-2025-uno-de-los-tres-anos-mas-calidos-jamas-registrados","status":"publish","type":"post","link":"https:\/\/www.cent.uo.edu.cu\/cemzoc-uo\/2026\/02\/10\/el-calentamiento-sigue-imparable-2025-uno-de-los-tres-anos-mas-calidos-jamas-registrados\/","title":{"rendered":"El calentamiento sigue imparable: 2025, uno de los tres a\u00f1os m\u00e1s c\u00e1lidos jam\u00e1s registrados"},"content":{"rendered":"\n<p>Los term\u00f3metros del planeta siguen marcando, impert\u00e9rritos a los negacionistas, una temperatura que contin\u00faa subiendo, cent\u00e9sima de grado a cent\u00e9sima de grado. La responsabilidad recae en los combustibles f\u00f3siles.<\/p>\n\n\n\n<figure class=\"wp-block-image size-large\"><img loading=\"lazy\" decoding=\"async\" width=\"1024\" height=\"464\" src=\"https:\/\/www.cent.uo.edu.cu\/cemzoc-uo\/files\/2026\/02\/image-1-1024x464.png\" alt=\"\" class=\"wp-image-6169\" srcset=\"https:\/\/www.cent.uo.edu.cu\/cemzoc-uo\/files\/2026\/02\/image-1-1024x464.png 1024w, https:\/\/www.cent.uo.edu.cu\/cemzoc-uo\/files\/2026\/02\/image-1-300x136.png 300w, https:\/\/www.cent.uo.edu.cu\/cemzoc-uo\/files\/2026\/02\/image-1-768x348.png 768w, https:\/\/www.cent.uo.edu.cu\/cemzoc-uo\/files\/2026\/02\/image-1.png 1170w\" sizes=\"auto, (max-width: 1024px) 100vw, 1024px\" \/><figcaption class=\"wp-element-caption\">\u00a9 OMM\/Felipe Molina El deshielo se est\u00e1 acelerando en la Ant\u00e1rtida debido al aumento de las temperaturas.<br><br><\/figcaption><\/figure>\n\n\n\n<p>En un informe que confirma la tendencia de calentamiento acelerado del planeta, la\u00a0<a href=\"https:\/\/public.wmo.int\/es\" target=\"_blank\" rel=\"noreferrer noopener\">Organizaci\u00f3n Meteorol\u00f3gica Mundial<\/a>\u00a0(<a href=\"https:\/\/public.wmo.int\/es\" target=\"_blank\" rel=\"noreferrer noopener\">OMM<\/a>) anunci\u00f3 hoy que 2025 fue uno de los tres a\u00f1os m\u00e1s c\u00e1lidos jam\u00e1s registrados, a pesar de haberse desarrollado bajo la influencia de un fen\u00f3meno de La Ni\u00f1a, que suele enfriar las temperaturas globales. Este hallazgo, basado en el an\u00e1lisis consolidado de ocho conjuntos de datos cient\u00edficos independientes, subraya el\u00a0<strong>abrumador papel de los gases de efecto invernadero acumulados en la atm\u00f3sfera<\/strong>, que contin\u00faan impulsando el calentamiento incluso cuando las condiciones naturales tienden a moderarlo.<\/p>\n\n\n\n<!--more-->\n\n\n\n<h2 class=\"wp-block-heading\">Los datos inapelables: un planeta que se calienta sin pausa<\/h2>\n\n\n\n<p>El an\u00e1lisis de la OMM concluye que la temperatura media global de la superficie en 2025 fue 1,44 \u00b0C (con un margen de incertidumbre de \u00b10.13 \u00b0C) superior al promedio de la era preindustrial (1850-1900).<\/p>\n\n\n\n<p>La tendencia es clara: Los \u00faltimos once a\u00f1os (2015-2025) son directamente los once m\u00e1s c\u00e1lidos de la historia registrada y los tres \u00faltimos a\u00f1os (2023, 2024 y 2025) son, sin excepci\u00f3n, los tres m\u00e1s c\u00e1lidos en todos los conjuntos de datos analizados, con una media de&nbsp;<strong>1,48 \u00b0C por encima de los niveles preindustriales<\/strong>.&nbsp;<\/p>\n\n\n\n<p>\u00abEl a\u00f1o 2025 comenz\u00f3 y termin\u00f3 con una La Ni\u00f1a que enfr\u00eda, y aun as\u00ed fue uno de los a\u00f1os m\u00e1s c\u00e1lidos registrados a nivel mundial debido a la acumulaci\u00f3n de gases de efecto invernadero que atrapan el calor en nuestra atm\u00f3sfera\u00bb, declar\u00f3 Celeste Saulo, Secretaria General de la OMM.&nbsp;<\/p>\n\n\n\n<p>\u00abLas altas temperaturas terrestres y oce\u00e1nicas ayudaron a alimentar fen\u00f3menos meteorol\u00f3gicos extremos (&#8230;) lo que subraya la necesidad vital de sistemas de alerta temprana\u00bb.<\/p>\n\n\n\n<h2 class=\"wp-block-heading\">El oc\u00e9ano: el sumidero silencioso y profundo de la crisis<\/h2>\n\n\n\n<p>Un estudio complementario publicado en&nbsp;<em>Advances in Atmospheric Sciences<\/em>&nbsp;confirma que el calor no se limita a la superficie. Los oc\u00e9anos tambi\u00e9n registraron temperaturas entre las m\u00e1s altas de la historia en 2025, absorbiendo la inmensa mayor\u00eda del exceso de calor del sistema clim\u00e1tico.<\/p>\n\n\n\n<p>El an\u00e1lisis revela dos datos escalofriantes:&nbsp;<\/p>\n\n\n\n<ul class=\"wp-block-list\">\n<li><strong>La acumulaci\u00f3n masiva<\/strong>: El contenido de calor oce\u00e1nico en los primeros 2000 metros de profundidad aument\u00f3 en aproximadamente 23 Zettajulios entre 2024 y 2025. Para ponerlo en perspectiva, esta cantidad de energ\u00eda\u00a0<strong>equivale a unas 200 veces la generaci\u00f3n total de electricidad mundial en 2024<\/strong><\/li>\n\n\n\n<li><strong>Calentamiento generalizado<\/strong>: Aproximadamente el 57% de la superficie oce\u00e1nica global experiment\u00f3 temperaturas que se encuentran entre las cinco m\u00e1s c\u00e1lidas jam\u00e1s registradas para esas zonas, incluidos los oc\u00e9anos Atl\u00e1ntico tropical y sur, y el mar Mediterr\u00e1neo<\/li>\n<\/ul>\n\n\n\n<p>A pesar de que La Ni\u00f1a moder\u00f3 ligeramente la temperatura superficial del mar en 2025 en comparaci\u00f3n con el r\u00e9cord de 2024, este a\u00f1o se mantuvo como el tercero m\u00e1s c\u00e1lido en los registros para los oc\u00e9anos.<\/p>\n\n\n\n<h1 class=\"wp-block-heading\">Una llamada a la acci\u00f3n basada en ciencia s\u00f3lida<\/h1>\n\n\n\n<p>La OMM consolid\u00f3 los datos de centros clim\u00e1ticos l\u00edderes mundiales, como el servicio Copernicus de la UE, la NASA, la NOAA de EE.UU. y la Agencia Meteorol\u00f3gica de Jap\u00f3n, entre otros.&nbsp;<\/p>\n\n\n\n<p>La organizaci\u00f3n har\u00e1 p\u00fablicos todos los detalles sobre los indicadores clave del\u00a0<a href=\"https:\/\/news.un.org\/es\/news\/topic\/climate-change\" target=\"_blank\" rel=\"noreferrer noopener\">cambio clim\u00e1tico<\/a>\u00a0\u2014incluyendo gases de efecto invernadero, aumento del nivel del mar y retroceso de los glaciares\u2014 en su informe Estado del Clima Global 2025, que se publicar\u00e1 en marzo de 2026.<\/p>\n\n\n\n<p>Este anuncio sirve como un recordatorio urgente de que&nbsp;<strong>las fuerzas naturales que alguna vez moderaron nuestro clima ahora son abrumadas por la influencia humana<\/strong>, haciendo imperativo acelerar la transici\u00f3n hacia energ\u00edas limpias y fortalecer la resiliencia frente a unos fen\u00f3menos meteorol\u00f3gicos cada vez m\u00e1s extremos.<\/p>\n\n\n\n<p>Fuente: <a href=\"https:\/\/news.un.org\/es\/story\/2026\/01\/1541012\" target=\"_blank\" rel=\"noreferrer noopener\"><em>https:\/\/news.un.org\/es\/story\/2026\/01\/1541012<\/em><\/a><\/p>\n\n\n\n<p><\/p>\n","protected":false},"excerpt":{"rendered":"<p>Los term\u00f3metros del planeta siguen marcando, impert\u00e9rritos a los negacionistas, una temperatura que contin\u00faa subiendo, cent\u00e9sima de grado a cent\u00e9sima de grado. La responsabilidad recae en los combustibles f\u00f3siles. En un informe que confirma la tendencia de calentamiento acelerado del&hellip; <\/p>\n","protected":false},"author":21,"featured_media":0,"comment_status":"closed","ping_status":"open","sticky":false,"template":"","format":"standard","meta":{"footnotes":""},"categories":[1],"tags":[],"class_list":["post-6165","post","type-post","status-publish","format-standard","hentry","category-sin-categoria"],"_links":{"self":[{"href":"https:\/\/www.cent.uo.edu.cu\/cemzoc-uo\/wp-json\/wp\/v2\/posts\/6165","targetHints":{"allow":["GET"]}}],"collection":[{"href":"https:\/\/www.cent.uo.edu.cu\/cemzoc-uo\/wp-json\/wp\/v2\/posts"}],"about":[{"href":"https:\/\/www.cent.uo.edu.cu\/cemzoc-uo\/wp-json\/wp\/v2\/types\/post"}],"author":[{"embeddable":true,"href":"https:\/\/www.cent.uo.edu.cu\/cemzoc-uo\/wp-json\/wp\/v2\/users\/21"}],"replies":[{"embeddable":true,"href":"https:\/\/www.cent.uo.edu.cu\/cemzoc-uo\/wp-json\/wp\/v2\/comments?post=6165"}],"version-history":[{"count":1,"href":"https:\/\/www.cent.uo.edu.cu\/cemzoc-uo\/wp-json\/wp\/v2\/posts\/6165\/revisions"}],"predecessor-version":[{"id":6171,"href":"https:\/\/www.cent.uo.edu.cu\/cemzoc-uo\/wp-json\/wp\/v2\/posts\/6165\/revisions\/6171"}],"wp:attachment":[{"href":"https:\/\/www.cent.uo.edu.cu\/cemzoc-uo\/wp-json\/wp\/v2\/media?parent=6165"}],"wp:term":[{"taxonomy":"category","embeddable":true,"href":"https:\/\/www.cent.uo.edu.cu\/cemzoc-uo\/wp-json\/wp\/v2\/categories?post=6165"},{"taxonomy":"post_tag","embeddable":true,"href":"https:\/\/www.cent.uo.edu.cu\/cemzoc-uo\/wp-json\/wp\/v2\/tags?post=6165"}],"curies":[{"name":"wp","href":"https:\/\/api.w.org\/{rel}","templated":true}]}}