{"id":6173,"date":"2026-02-10T07:04:24","date_gmt":"2026-02-10T11:04:24","guid":{"rendered":"https:\/\/www.cent.uo.edu.cu\/cemzoc-uo\/?p=6173"},"modified":"2026-02-10T07:04:43","modified_gmt":"2026-02-10T11:04:43","slug":"entra-en-vigor-un-tratado-internacional-historico-para-la-proteccion-marina","status":"publish","type":"post","link":"https:\/\/www.cent.uo.edu.cu\/cemzoc-uo\/2026\/02\/10\/entra-en-vigor-un-tratado-internacional-historico-para-la-proteccion-marina\/","title":{"rendered":"Entra en vigor un tratado internacional hist\u00f3rico para la protecci\u00f3n marina"},"content":{"rendered":"\n<p>Se trata del primer instrumento jur\u00eddicamente vinculante que contempla la gobernanza del oc\u00e9ano, con el objetivo de transformar alta mar y el lecho marino internacional en un entorno que se gestione de manera sostenible en beneficio de toda la humanidad. China, Alemania, Jap\u00f3n, Francia y Brasil ya lo han ratificado.<\/p>\n\n\n\n<figure class=\"wp-block-image size-large\"><img loading=\"lazy\" decoding=\"async\" width=\"1024\" height=\"464\" src=\"https:\/\/www.cent.uo.edu.cu\/cemzoc-uo\/files\/2026\/02\/image-3-1024x464.png\" alt=\"\" class=\"wp-image-6181\" srcset=\"https:\/\/www.cent.uo.edu.cu\/cemzoc-uo\/files\/2026\/02\/image-3-1024x464.png 1024w, https:\/\/www.cent.uo.edu.cu\/cemzoc-uo\/files\/2026\/02\/image-3-300x136.png 300w, https:\/\/www.cent.uo.edu.cu\/cemzoc-uo\/files\/2026\/02\/image-3-768x348.png 768w, https:\/\/www.cent.uo.edu.cu\/cemzoc-uo\/files\/2026\/02\/image-3.png 1170w\" sizes=\"auto, (max-width: 1024px) 100vw, 1024px\" \/><figcaption class=\"wp-element-caption\">\u00a9 The Ocean Story\/Vincent Kneefel. El tratado sobre la biodiversidad marina ayudar\u00e1 a proteger los oc\u00e9anos.<br><br><\/figcaption><\/figure>\n\n\n\n<p>Tras casi dos d\u00e9cadas de elaboraci\u00f3n, un acuerdo internacional para proteger la vida marina en aguas internacionales y el lecho marino entrar\u00e1 en vigor este s\u00e1bado, lo que marca un importante paso adelante en los esfuerzos por\u00a0<strong>garantizar la salud de los ecosistemas oce\u00e1nicos durante las pr\u00f3ximas d\u00e9cadas.<\/strong> Conocido oficialmente como el Acuerdo sobre la Biodiversidad M\u00e1s All\u00e1 de la Jurisdicci\u00f3n Nacional, este tratado de la ONU jur\u00eddicamente vinculante cubre las zonas oce\u00e1nicas que se encuentran fuera de las aguas nacionales (alta mar) y el \u00e1rea internacional de los fondos marinos.<\/p>\n\n\n\n<!--more-->\n\n\n\n<p>Estas regiones conforman m\u00e1s de dos tercios de la superficie del oc\u00e9ano y representan m\u00e1s del 90% del h\u00e1bitat de la Tierra en t\u00e9rminos de volumen. Esto se debe a que el oc\u00e9ano es profundo y la mayor parte del espacio habitable del planeta se encuentra bajo el agua.<\/p>\n\n\n\n<p><strong>Estos son algunos de los puntos clave que hay que saber:<\/strong><\/p>\n\n\n\n<h2 class=\"wp-block-heading\">Por qu\u00e9 es importante<\/h2>\n\n\n\n<p>El acuerdo est\u00e1 dise\u00f1ado para transformar la \u201calta mar\u201d y el lecho marino internacional en un entorno que se gestione de manera sostenible en beneficio de toda la humanidad.<\/p>\n\n\n\n<p>Tambi\u00e9n es el primer instrumento oce\u00e1nico jur\u00eddicamente vinculante que contempla una gobernanza oce\u00e1nica inclusiva, con disposiciones sobre la participaci\u00f3n de los pueblos ind\u00edgenas y las comunidades locales, as\u00ed como sobre la igualdad de g\u00e9nero.<\/p>\n\n\n\n<p>Se espera que, una vez plenamente implementado, el Acuerdo haga una\u00a0<strong>contribuci\u00f3n vital para abordar la llamada \u201ctriple crisis planetaria\u201d<\/strong>\u00a0del\u00a0<a href=\"https:\/\/news.un.org\/es\/news\/topic\/climate-change\" target=\"_blank\" rel=\"noreferrer noopener\">cambio clim\u00e1tico<\/a>, la p\u00e9rdida de biodiversidad y la contaminaci\u00f3n.<\/p>\n\n\n\n<p>En declaraciones a Noticias ONU, el diplom\u00e1tico tanzano Mzee Ali Haji, quien encabez\u00f3 el equipo negociador de su pa\u00eds durante las discusiones del tratado, afirm\u00f3 que \u00e9ste representa un gran avance en la protecci\u00f3n de las aguas internacionales.<\/p>\n\n\n\n<p>\u201cTodos deben tener en cuenta que ahora existe control sobre la actividad en la alta mar. Por ejemplo, cuando se contamina, se es responsable de los propios actos\u201d.<\/p>\n\n\n\n<p>El acuerdo refuerza el marco jur\u00eddico internacional actual: se basa en la Convenci\u00f3n de las Naciones Unidas sobre el Derecho del Mar \u2014en la pr\u00e1ctica, la \u201cconstituci\u00f3n de los oc\u00e9anos\u201d\u2014, que ha establecido las normas para la explotaci\u00f3n mar\u00edtima y del lecho marino y la protecci\u00f3n marina desde que entr\u00f3 en vigor en 1994.<\/p>\n\n\n\n<p>El texto aborda las lagunas de la Convenci\u00f3n, incluye m\u00e1s detalles sobre c\u00f3mo gestionar la biodiversidad y alinea la gobernanza oce\u00e1nica con desaf\u00edos modernos como el cambio clim\u00e1tico y la Agenda 2030 para el Desarrollo Sostenible (el plan impulsado por la ONU para resolver los desaf\u00edos m\u00e1s complejos del mundo).<\/p>\n\n\n\n<figure class=\"wp-block-image\"><img decoding=\"async\" src=\"https:\/\/global.unitednations.entermediadb.net\/assets\/mediadb\/services\/module\/asset\/downloads\/preset\/Collections\/Embargoed\/27-05-2025-Ocean-Story-04.jpg\/image1170x530cropped.jpg\" alt=\"Un vibrante arrecife de coral submarino lleno de vida marina, que muestra la belleza y la fragilidad de los ecosistemas oce\u00e1nicos.\"\/><\/figure>\n\n\n\n<p>\u00a9 The Ocean Story\/Vincent Kneefel<\/p>\n\n\n\n<p>Se espera que la biodiversidad marina sea mejor protegida gracias al nuevo tratado.<\/p>\n\n\n\n<h2 class=\"wp-block-heading\">\u00bfQu\u00e9 significa \u201centrada en vigor\u201d?<\/h2>\n\n\n\n<p>Tras la entrada en vigor, el tratado pasa a ser jur\u00eddicamente vinculante para los m\u00e1s de 80 pa\u00edses que lo han ratificado hasta ahora, lo que significa que&nbsp;<strong>aceptan incorporarlo a su legislaci\u00f3n nacional.<\/strong><\/p>\n\n\n\n<p>El tratado especifica que entra en vigor este s\u00e1bado: 120 d\u00edas despu\u00e9s de haber sido ratificado \u2014aceptado como jur\u00eddicamente vinculante\u2014 por al menos 60 pa\u00edses.<\/p>\n\n\n\n<h2 class=\"wp-block-heading\">\u00bfQui\u00e9nes se han adherido y qui\u00e9nes no?<\/h2>\n\n\n\n<p>Muchas econom\u00edas importantes lo han ratificado, en particular China, Alemania, Jap\u00f3n, Francia y Brasil.<\/p>\n\n\n\n<p>China tiene un impacto especialmente importante en las industrias vinculadas al oc\u00e9ano (como la construcci\u00f3n naval, la acuicultura, la pesca y el petr\u00f3leo y gas marinos), ya que export\u00f3 unos 155.000 millones de d\u00f3lares en bienes relacionados con el oc\u00e9ano en 2023, seg\u00fan cifras de la agencia de comercio de la ONU.<\/p>\n\n\n\n<p>Entre los pa\u00edses que a\u00fan no lo han ratificado se encuentran Estados Unidos, India, el Reino Unido y Rusia.<\/p>\n\n\n\n<p>Estados Unidos, la mayor econom\u00eda del mundo, se encuentra entre los cinco principales exportadores de bienes relacionados con el oc\u00e9ano (61.000 millones de d\u00f3lares). Aunque el pa\u00eds adopt\u00f3 el tratado en 2023, todav\u00eda no lo ha ratificado y el Senado no ha actuado al respecto.<\/p>\n\n\n\n<p>India, uno de los principales exportadores entre las econom\u00edas en desarrollo (19.000 millones de d\u00f3lares), adopt\u00f3 el tratado en 2024, pero la legislaci\u00f3n nacional para su ratificaci\u00f3n a\u00fan est\u00e1 pendiente. Si bien el Reino Unido present\u00f3 legislaci\u00f3n sobre el tema en 2025, el Parlamento todav\u00eda debe ratificarlo.<\/p>\n\n\n\n<p>Rusia sigue siendo uno de los pocos pa\u00edses que no ha adoptado ni ratificado el tratado, alegando su deseo de preservar los marcos de gobernanza existentes y garantizar que se mantenga la libertad de navegaci\u00f3n y de transporte mar\u00edtimo en aguas internacionales.<\/p>\n\n\n\n<figure class=\"wp-block-image\"><img decoding=\"async\" src=\"https:\/\/global.unitednations.entermediadb.net\/assets\/mediadb\/services\/module\/asset\/downloads\/preset\/Libraries\/Production%20Library\/26-05-2022_FAO_Malta_turtle.jpg\/image1170x530cropped.jpg\" alt=\"Una tortuga marina nadando con gracia bajo el agua en las claras aguas azules de la costa de Malta, mar Mediterr\u00e1neo.\"\/><\/figure>\n\n\n\n<p>\u00a9 FAO\/Kurt Arrigo<\/p>\n\n\n\n<p>Una tortuga marina nada en una zona marina protegida frente a la costa de Malta en el Mar Mediterr\u00e1neo.<\/p>\n\n\n\n<h2 class=\"wp-block-heading\">\u00bfEs esto un gran rev\u00e9s para el tratado?<\/h2>\n\n\n\n<p>A pesar de la reticencia de algunas econom\u00edas importantes a comprometerse plenamente mediante la ratificaci\u00f3n, el se\u00f1or Haji se muestra positivo respecto al impacto que tendr\u00e1 el acuerdo en su estado actual.<\/p>\n\n\n\n<p>\u201cLos pa\u00edses en desarrollo y los peque\u00f1os Estados insulares necesitan apoyo\u201d, afirma. \u201cEsperamos que, en el futuro, acepten este acuerdo, porque les ayudar\u00e1. La protecci\u00f3n de la alta mar es responsabilidad de todos nosotros\u201d.<\/p>\n\n\n\n<h2 class=\"wp-block-heading\">\u00bfQu\u00e9 sucede a continuaci\u00f3n?<\/h2>\n\n\n\n<p>La puerta sigue abierta para que m\u00e1s pa\u00edses lo ratifiquen, lo que lo har\u00e1 m\u00e1s eficaz.<\/p>\n\n\n\n<p>\u201cCuando se negocia algo, no se puede lograr que el 100% de las personas lo ratifiquen o lo acepten en un solo momento\u201d, dice el se\u00f1or Haji. \u201cAlgunos solo observan y luego, cuando ven las ventajas, se suman. Creo que, en el futuro, otros se unir\u00e1n\u201d.<\/p>\n\n\n\n<p>Adem\u00e1s de la participaci\u00f3n universal, la clave para que funcione ser\u00e1 la implementaci\u00f3n; en otras palabras,&nbsp;<strong>actuar contra quienes incumplan las normas<\/strong>.<\/p>\n\n\n\n<p>Seg\u00fan el texto del acuerdo, la primera reuni\u00f3n para supervisar los avances en ambos frentes tendr\u00e1 lugar a m\u00e1s tardar un a\u00f1o despu\u00e9s de su entrada en vigor.<\/p>\n\n\n\n<p>Fuente: <a href=\"https:\/\/news.un.org\/es\/story\/2026\/01\/1541016\" target=\"_blank\" rel=\"noreferrer noopener\"><em>https:\/\/news.un.org\/es\/story\/2026\/01\/1541016<\/em><\/a><\/p>\n\n\n\n<p><\/p>\n","protected":false},"excerpt":{"rendered":"<p>Se trata del primer instrumento jur\u00eddicamente vinculante que contempla la gobernanza del oc\u00e9ano, con el objetivo de transformar alta mar y el lecho marino internacional en un entorno que se gestione de manera sostenible en beneficio de toda la humanidad.&hellip; <\/p>\n","protected":false},"author":21,"featured_media":0,"comment_status":"closed","ping_status":"open","sticky":false,"template":"","format":"standard","meta":{"footnotes":""},"categories":[1],"tags":[],"class_list":["post-6173","post","type-post","status-publish","format-standard","hentry","category-sin-categoria"],"_links":{"self":[{"href":"https:\/\/www.cent.uo.edu.cu\/cemzoc-uo\/wp-json\/wp\/v2\/posts\/6173","targetHints":{"allow":["GET"]}}],"collection":[{"href":"https:\/\/www.cent.uo.edu.cu\/cemzoc-uo\/wp-json\/wp\/v2\/posts"}],"about":[{"href":"https:\/\/www.cent.uo.edu.cu\/cemzoc-uo\/wp-json\/wp\/v2\/types\/post"}],"author":[{"embeddable":true,"href":"https:\/\/www.cent.uo.edu.cu\/cemzoc-uo\/wp-json\/wp\/v2\/users\/21"}],"replies":[{"embeddable":true,"href":"https:\/\/www.cent.uo.edu.cu\/cemzoc-uo\/wp-json\/wp\/v2\/comments?post=6173"}],"version-history":[{"count":1,"href":"https:\/\/www.cent.uo.edu.cu\/cemzoc-uo\/wp-json\/wp\/v2\/posts\/6173\/revisions"}],"predecessor-version":[{"id":6182,"href":"https:\/\/www.cent.uo.edu.cu\/cemzoc-uo\/wp-json\/wp\/v2\/posts\/6173\/revisions\/6182"}],"wp:attachment":[{"href":"https:\/\/www.cent.uo.edu.cu\/cemzoc-uo\/wp-json\/wp\/v2\/media?parent=6173"}],"wp:term":[{"taxonomy":"category","embeddable":true,"href":"https:\/\/www.cent.uo.edu.cu\/cemzoc-uo\/wp-json\/wp\/v2\/categories?post=6173"},{"taxonomy":"post_tag","embeddable":true,"href":"https:\/\/www.cent.uo.edu.cu\/cemzoc-uo\/wp-json\/wp\/v2\/tags?post=6173"}],"curies":[{"name":"wp","href":"https:\/\/api.w.org\/{rel}","templated":true}]}}