{"id":6175,"date":"2026-02-10T06:58:29","date_gmt":"2026-02-10T10:58:29","guid":{"rendered":"https:\/\/www.cent.uo.edu.cu\/cemzoc-uo\/?p=6175"},"modified":"2026-02-10T06:58:31","modified_gmt":"2026-02-10T10:58:31","slug":"el-agua-se-agota-la-onu-declara-la-bancarrota-hidrica-de-un-planeta-que-vivio-a-credito","status":"publish","type":"post","link":"https:\/\/www.cent.uo.edu.cu\/cemzoc-uo\/2026\/02\/10\/el-agua-se-agota-la-onu-declara-la-bancarrota-hidrica-de-un-planeta-que-vivio-a-credito\/","title":{"rendered":"El agua se agota: la ONU declara la \u00abbancarrota h\u00eddrica\u00bb de un planeta que vivi\u00f3 a cr\u00e9dito"},"content":{"rendered":"\n<p>La humanidad no solo ha gastado el ingreso anual de agua de r\u00edos y lluvias, sino que ha vaciado los ahorros milenarios guardados en glaciares, humedales y acu\u00edferos. El resultado son sistemas acu\u00e1ticos quebrados \u2013acu\u00edferos compactados, lagos fantasmas, deltas que se hunden\u2013 sin capacidad de recuperarse.<\/p>\n\n\n\n<figure class=\"wp-block-image size-large\"><img loading=\"lazy\" decoding=\"async\" width=\"1024\" height=\"464\" src=\"https:\/\/www.cent.uo.edu.cu\/cemzoc-uo\/files\/2026\/02\/image-2-1024x464.png\" alt=\"\" class=\"wp-image-6177\" srcset=\"https:\/\/www.cent.uo.edu.cu\/cemzoc-uo\/files\/2026\/02\/image-2-1024x464.png 1024w, https:\/\/www.cent.uo.edu.cu\/cemzoc-uo\/files\/2026\/02\/image-2-300x136.png 300w, https:\/\/www.cent.uo.edu.cu\/cemzoc-uo\/files\/2026\/02\/image-2-768x348.png 768w, https:\/\/www.cent.uo.edu.cu\/cemzoc-uo\/files\/2026\/02\/image-2.png 1170w\" sizes=\"auto, (max-width: 1024px) 100vw, 1024px\" \/><figcaption class=\"wp-element-caption\">\u00a9 PNUD\/Ab Rashid Una mujer recoge agua en el distrito de Satkhira, en Bangladesh occidental, afectado por la sequ\u00eda.<br><br><\/figcaption><\/figure>\n\n\n\n<p>La cuenta corriente de la naturaleza est\u00e1 en n\u00fameros rojos. Un&nbsp;<a href=\"https:\/\/eur02.safelinks.protection.outlook.com\/?url=https%3A%2F%2Fcollections.unu.edu%2Feserv%2FUNU%3A10445%2FGlobal_Water_Bankruptcy_Report__2026_.pdf&amp;data=05%7C02%7Clafuentea%40un.org%7C06d62f2992534e9839a608de584e8009%7C0f9e35db544f4f60bdcc5ea416e6dc70%7C0%7C0%7C639045291347802496%7CUnknown%7CTWFpbGZsb3d8eyJFbXB0eU1hcGkiOnRydWUsIlYiOiIwLjAuMDAwMCIsIlAiOiJXaW4zMiIsIkFOIjoiTWFpbCIsIldUIjoyfQ%3D%3D%7C0%7C%7C%7C&amp;sdata=aDShbrJPnB5kTPY3fCXEh2ASqHE25HnyydBdKCidWLk%3D&amp;reserved=0\" target=\"_blank\" rel=\"noreferrer noopener\">informe hist\u00f3rico<\/a>&nbsp;de la&nbsp;<a href=\"https:\/\/unu.edu\/inweh\" target=\"_blank\" rel=\"noreferrer noopener\">Universidad de las Naciones Unidas<\/a>&nbsp;declara que el mundo ha entrado en una era de \u00abquiebra h\u00eddrica global\u00bb, un punto de no retorno para ciertos sistemas donde la demanda humana ha agotado irreversiblemente los ahorros acu\u00edferos y secado los pozos del futuro, poniendo en riesgo el conjunto del sistema h\u00eddrico del planeta.<\/p>\n\n\n\n<!--more-->\n\n\n\n<h2 class=\"wp-block-heading\">Del grifo al vac\u00edo: cuando el agua no vuelve a su cauce<\/h2>\n\n\n\n<p>Un progreso insostenible nos ha llevado a bebernos el agua con la que calmar nuestra insaciable sed de consumo. Este derroche se refleja en la agricultura intensiva, el crecimiento urbano e industrial, la contaminaci\u00f3n y unas emisiones de gases de efecto invernadero que han provocado un\u00a0<a href=\"https:\/\/news.un.org\/es\/news\/topic\/climate-change\" target=\"_blank\" rel=\"noreferrer noopener\">cambio clim\u00e1tico<\/a>. Todo ello impone unos devastadores intereses a nuestras reservas de agua: sequ\u00edas m\u00e1s largas, evaporaci\u00f3n acelerada y lluvias imprescindibles.<\/p>\n\n\n\n<p>\u00abMuchas regiones han vivido muy por encima de sus posibilidades hidrol\u00f3gicas. Es como tener una cuenta bancaria a la que se le extrae dinero cada d\u00eda sin que entre un solo dep\u00f3sito. El saldo ya es negativo\u00bb, explica Kaveh Madani, autor principal del informe de la UNU. El resultado es que hoy&nbsp;<strong>pagamos una factura h\u00eddrica que no podemos saldar<\/strong>.<\/p>\n\n\n\n<h2 class=\"wp-block-heading\">La factura del derroche<\/h2>\n\n\n\n<p>La auditor\u00eda global pinta un panorama desolador:<\/p>\n\n\n\n<ul class=\"wp-block-list\">\n<li>75% de la poblaci\u00f3n mundial vive en pa\u00edses donde el agua escasea o es insegura<\/li>\n\n\n\n<li>M\u00e1s de la mitad de los grandes lagos del planeta se est\u00e1n secando<\/li>\n\n\n\n<li>2000 millones de personas habitan sobre terrenos que se hunden por la sobreexplotaci\u00f3n de aguas subterr\u00e1neas<\/li>\n\n\n\n<li>En 50 a\u00f1os, se han perdido humedales equivalentes a toda la superficie de la Uni\u00f3n Europea<\/li>\n<\/ul>\n\n\n\n<h2 class=\"wp-block-heading\">Gota a gota: de los cultivos a la geopol\u00edtica<\/h2>\n\n\n\n<p>La crisis no conoce fronteras. La agricultura, que consume el 70% del agua dulce, es el epicentro del colapso. Cuando los cultivos se secan en una regi\u00f3n, la escasez viaja a trav\u00e9s de los precios de los alimentos, golpeando la seguridad alimentaria global y desestabilizando econom\u00edas.<\/p>\n\n\n\n<p>\u00ab<strong>El agua que falta aqu\u00ed, se nota en la comida de all\u00e1<\/strong>. Esta quiebra no es un problema local, es un riesgo sist\u00e9mico que fluye por las venas del comercio mundial\u00bb, advierte Madani.<\/p>\n\n\n\n<h2 class=\"wp-block-heading\">Agua para recomponer el mundo: un llamado a la cordura&nbsp;<\/h2>\n\n\n\n<p>Frente a un escenario aparentemente seco de esperanzas, el informe hace un llamado urgente a la acci\u00f3n: gestionar la quiebra, no la crisis. Esto implica renegociar el contrato con la naturaleza, transformar la agricultura, repartir justamente un recurso menguante y blindar los ecosistemas que a\u00fan producen agua.<\/p>\n\n\n\n<p>La Conferencia del Agua de la ONU 2026 se presenta como la oportunidad cr\u00edtica para este \u00abrescate h\u00eddrico\u00bb. El mensaje final es claro: aunque no podamos llenar de nuevo los acu\u00edferos agotados, a\u00fan estamos a tiempo de proteger cada gota y quiz\u00e1 as\u00ed aprender a vivir con el agua que nos queda.<\/p>\n\n\n\n<p>Fuente: <a href=\"https:\/\/news.un.org\/es\/story\/2026\/01\/1541043\" target=\"_blank\" rel=\"noreferrer noopener\">https:\/\/news.un.org\/es\/story\/2026\/01\/1541043<\/a><\/p>\n\n\n\n<p><\/p>\n","protected":false},"excerpt":{"rendered":"<p>La humanidad no solo ha gastado el ingreso anual de agua de r\u00edos y lluvias, sino que ha vaciado los ahorros milenarios guardados en glaciares, humedales y acu\u00edferos. El resultado son sistemas acu\u00e1ticos quebrados \u2013acu\u00edferos compactados, lagos fantasmas, deltas que&hellip; <\/p>\n","protected":false},"author":21,"featured_media":0,"comment_status":"closed","ping_status":"open","sticky":false,"template":"","format":"standard","meta":{"footnotes":""},"categories":[1],"tags":[],"class_list":["post-6175","post","type-post","status-publish","format-standard","hentry","category-sin-categoria"],"_links":{"self":[{"href":"https:\/\/www.cent.uo.edu.cu\/cemzoc-uo\/wp-json\/wp\/v2\/posts\/6175","targetHints":{"allow":["GET"]}}],"collection":[{"href":"https:\/\/www.cent.uo.edu.cu\/cemzoc-uo\/wp-json\/wp\/v2\/posts"}],"about":[{"href":"https:\/\/www.cent.uo.edu.cu\/cemzoc-uo\/wp-json\/wp\/v2\/types\/post"}],"author":[{"embeddable":true,"href":"https:\/\/www.cent.uo.edu.cu\/cemzoc-uo\/wp-json\/wp\/v2\/users\/21"}],"replies":[{"embeddable":true,"href":"https:\/\/www.cent.uo.edu.cu\/cemzoc-uo\/wp-json\/wp\/v2\/comments?post=6175"}],"version-history":[{"count":1,"href":"https:\/\/www.cent.uo.edu.cu\/cemzoc-uo\/wp-json\/wp\/v2\/posts\/6175\/revisions"}],"predecessor-version":[{"id":6179,"href":"https:\/\/www.cent.uo.edu.cu\/cemzoc-uo\/wp-json\/wp\/v2\/posts\/6175\/revisions\/6179"}],"wp:attachment":[{"href":"https:\/\/www.cent.uo.edu.cu\/cemzoc-uo\/wp-json\/wp\/v2\/media?parent=6175"}],"wp:term":[{"taxonomy":"category","embeddable":true,"href":"https:\/\/www.cent.uo.edu.cu\/cemzoc-uo\/wp-json\/wp\/v2\/categories?post=6175"},{"taxonomy":"post_tag","embeddable":true,"href":"https:\/\/www.cent.uo.edu.cu\/cemzoc-uo\/wp-json\/wp\/v2\/tags?post=6175"}],"curies":[{"name":"wp","href":"https:\/\/api.w.org\/{rel}","templated":true}]}}