{"id":6193,"date":"2026-02-28T07:40:40","date_gmt":"2026-02-28T11:40:40","guid":{"rendered":"https:\/\/www.cent.uo.edu.cu\/cemzoc-uo\/?p=6193"},"modified":"2026-02-28T07:41:28","modified_gmt":"2026-02-28T11:41:28","slug":"concluye-con-exito-mision-cientifica-del-proyecto-resiliencia-costera-en-belgica","status":"publish","type":"post","link":"https:\/\/www.cent.uo.edu.cu\/cemzoc-uo\/2026\/02\/28\/concluye-con-exito-mision-cientifica-del-proyecto-resiliencia-costera-en-belgica\/","title":{"rendered":"Concluye con \u00e9xito misi\u00f3n cient\u00edfica del Proyecto Resiliencia Costera en B\u00e9lgica"},"content":{"rendered":"\n<p><strong>Entre los d\u00edas 2 y 21 de febrero de 2026<\/strong>, una delegaci\u00f3n de investigadores cubanos desarroll\u00f3 una intensa agenda de trabajo acad\u00e9mico y cient\u00edfico en la Universidad de Hasselt, B\u00e9lgica, en el marco del proyecto\u00a0<em>\u00abRevelando v\u00ednculos entre los ecosistemas sociales costeros y el cambio clim\u00e1tico para mejorar la resiliencia en el oriente de Cuba\u00bb<\/em>\u00a0(Resiliencia Costera), coordinado por el Centro de Estudios Multidisciplinarios de Zonas Costeras (CEMZOC).<\/p>\n\n\n\n<figure class=\"wp-block-image size-full\"><img loading=\"lazy\" decoding=\"async\" width=\"526\" height=\"701\" src=\"https:\/\/www.cent.uo.edu.cu\/cemzoc-uo\/files\/2026\/02\/642485925_27234135866173823_6662050595746323119_n.jpg\" alt=\"\" class=\"wp-image-6195\" srcset=\"https:\/\/www.cent.uo.edu.cu\/cemzoc-uo\/files\/2026\/02\/642485925_27234135866173823_6662050595746323119_n.jpg 526w, https:\/\/www.cent.uo.edu.cu\/cemzoc-uo\/files\/2026\/02\/642485925_27234135866173823_6662050595746323119_n-225x300.jpg 225w\" sizes=\"auto, (max-width: 526px) 100vw, 526px\" \/><\/figure>\n\n\n\n<p>La comisi\u00f3n estuvo integrada por los investigadores:\u00a0<strong>Ofelia P\u00e9rez Montero, Yanet Cruz Portorreal, Jorge Alberto Drago Ortiz y Rebeca Cintra Hern\u00e1ndez<\/strong>, quienes sostuvieron encuentros con centros de investigaci\u00f3n de referencia internacional y cient\u00edficos de alto prestigio en el \u00e1mbito marino y costero.<\/p>\n\n\n\n<!--more-->\n\n\n\n<h2 class=\"wp-block-heading\">Una agenda de alto nivel cient\u00edfico<\/h2>\n\n\n\n<p>Durante la estancia, la delegaci\u00f3n cubana recorri\u00f3 importantes instituciones cient\u00edficas belgas y particip\u00f3 en actividades clave que fortalecer\u00e1n el desarrollo del proyecto:<\/p>\n\n\n\n<ul class=\"wp-block-list\">\n<li><strong>Universidad de Hasselt<\/strong>: Intercambio con el Dr.C. Nico Koedam, experto en ecolog\u00eda costera y restauraci\u00f3n ambiental.<\/li>\n\n\n\n<li><strong>Universidad Libre de Bruselas<\/strong>: Di\u00e1logos con el Dr.C. Farid Dahdouh-Guebas sobre sistemas socio-ecol\u00f3gicos y resiliencia de manglares, y con la Dra.C. Diana Di Nitto sobre comunicaci\u00f3n de la ciencia.<\/li>\n\n\n\n<li><strong>Royal Belgian Institute of Natural Sciences (Bruselas)<\/strong>: Encuentro con el Dr. Jan Vanaverbeke y el grupo de investigaci\u00f3n MARECO, especializado en ecolog\u00eda marina. Visita al Museo Natural de B\u00e9lgica.<\/li>\n\n\n\n<li><strong>Ostende \u2013 ciudad costera<\/strong>: Recorrido por la Marine Station Ostend, el Flanders Research Institute for Agriculture, Fisheries and Food (InnovOcean Campus) y el VLIZ \u2013 Flanders Marine Institute, donde conocieron infraestructura cient\u00edfica de punta y programas sobre biodiversidad, cambio clim\u00e1tico y gesti\u00f3n sostenible de ecosistemas costeros.<\/li>\n\n\n\n<li><strong>Campa\u00f1a oceanogr\u00e1fica<\/strong>: Abordaron el Buque de Investigaci\u00f3n del VLIZ para la toma de muestras de sedimentos y especies marinas, en aguas territoriales belgas.<\/li>\n\n\n\n<li><strong>Reuni\u00f3n virtual con la Red Iberoamericana de Gesti\u00f3n Integrada Costera<\/strong>: Participaci\u00f3n del Dr.C. Pedro Arenas (Universidad de C\u00e1diz), con quien se trazaron estrategias de colaboraci\u00f3n para 2026.<\/li>\n\n\n\n<li><strong>Reuniones metodol\u00f3gicas<\/strong>: Espacios de trabajo interno que permitieron ajustar la metodolog\u00eda y la hoja de ruta del proyecto para el presente a\u00f1o.<\/li>\n<\/ul>\n","protected":false},"excerpt":{"rendered":"<p>Entre los d\u00edas 2 y 21 de febrero de 2026, una delegaci\u00f3n de investigadores cubanos desarroll\u00f3 una intensa agenda de trabajo acad\u00e9mico y cient\u00edfico en la Universidad de Hasselt, B\u00e9lgica, en el marco del proyecto\u00a0\u00abRevelando v\u00ednculos entre los ecosistemas sociales&hellip; <\/p>\n","protected":false},"author":21,"featured_media":0,"comment_status":"closed","ping_status":"open","sticky":false,"template":"","format":"standard","meta":{"footnotes":""},"categories":[1],"tags":[],"class_list":["post-6193","post","type-post","status-publish","format-standard","hentry","category-sin-categoria"],"_links":{"self":[{"href":"https:\/\/www.cent.uo.edu.cu\/cemzoc-uo\/wp-json\/wp\/v2\/posts\/6193","targetHints":{"allow":["GET"]}}],"collection":[{"href":"https:\/\/www.cent.uo.edu.cu\/cemzoc-uo\/wp-json\/wp\/v2\/posts"}],"about":[{"href":"https:\/\/www.cent.uo.edu.cu\/cemzoc-uo\/wp-json\/wp\/v2\/types\/post"}],"author":[{"embeddable":true,"href":"https:\/\/www.cent.uo.edu.cu\/cemzoc-uo\/wp-json\/wp\/v2\/users\/21"}],"replies":[{"embeddable":true,"href":"https:\/\/www.cent.uo.edu.cu\/cemzoc-uo\/wp-json\/wp\/v2\/comments?post=6193"}],"version-history":[{"count":2,"href":"https:\/\/www.cent.uo.edu.cu\/cemzoc-uo\/wp-json\/wp\/v2\/posts\/6193\/revisions"}],"predecessor-version":[{"id":6201,"href":"https:\/\/www.cent.uo.edu.cu\/cemzoc-uo\/wp-json\/wp\/v2\/posts\/6193\/revisions\/6201"}],"wp:attachment":[{"href":"https:\/\/www.cent.uo.edu.cu\/cemzoc-uo\/wp-json\/wp\/v2\/media?parent=6193"}],"wp:term":[{"taxonomy":"category","embeddable":true,"href":"https:\/\/www.cent.uo.edu.cu\/cemzoc-uo\/wp-json\/wp\/v2\/categories?post=6193"},{"taxonomy":"post_tag","embeddable":true,"href":"https:\/\/www.cent.uo.edu.cu\/cemzoc-uo\/wp-json\/wp\/v2\/tags?post=6193"}],"curies":[{"name":"wp","href":"https:\/\/api.w.org\/{rel}","templated":true}]}}