{"id":2960,"date":"2016-11-22T16:21:18","date_gmt":"2016-11-22T21:21:18","guid":{"rendered":"http:\/\/www.cent.uo.edu.cu\/cnea\/?p=2960"},"modified":"2016-11-22T16:31:56","modified_gmt":"2016-11-22T21:31:56","slug":"cnea-realiza-asambleas-de-cierre-de-ano","status":"publish","type":"post","link":"https:\/\/www.cent.uo.edu.cu\/cnea\/cnea-realiza-asambleas-de-cierre-de-ano\/","title":{"rendered":"CNEA realiza asambleas de cierre de a\u00f1o"},"content":{"rendered":"<p style=\"text-align: justify\">Cumpliendo con las aspiraciones propuestas de alcanzar otra vez la condici\u00f3n de Colectivo Vanguardia Nacional y con el reconocimiento y solidez adquirida como Centro de Investigaci\u00f3n de la Universidad de Oriente (UO), el Centro Nacional de Electromagnetismo Aplicado (CNEA) realiz\u00f3 la Asamblea Anual de Ciencia, Tecnolog\u00eda e Innovaci\u00f3n y la Asamblea Sindical correspondiente al cierre de este a\u00f1o.<\/p>\n<p style=\"text-align: justify\">Ambas sesiones estuvieron presididas por una comitiva del sindicato de la Universidad de Oriente, encabezada por el MSc.\u00a0\u00c1lvaro V\u00e1zquez Sedano\u00a0(<strong>Secretario General del Bur\u00f3 Universitario Sindical),<\/strong> adem\u00e1s de los trabajadores y m\u00e1ximos directivos del CNEA. Dentro del marco de la asamblea de cient\u00edfica, la Dr.C Elizabeth Alem\u00e1n, trabajadora de esa entidad, present\u00f3 una conferencia donde explic\u00f3 el desarrollo, los resultados y el ingreso econ\u00f3mico alcanzado por el centro en el marco del a\u00f1o que concluye.<\/p>\n<p style=\"text-align: justify\">Asimismo se premi\u00f3 el art\u00edculo cient\u00edfico de mayor impacto econ\u00f3mico que recay\u00f3 en <strong>\u201cDispositivos magn\u00e9ticos para la eficiencia energ\u00e9tica en empresas nacionales\u201d<\/strong> y las publicaciones m\u00e1s destacadas desarrolladas en la instituci\u00f3n pertenecientes a <strong>\u201cEvaluaci\u00f3n cualitativa de monoterpenos en Rosmarinus officinalis cultivados con agua tratada magn\u00e9ticamente\u201d<\/strong> y <strong>\u201cContenido de polifenoles en Solanum lycopersicum bajo la acci\u00f3n de un campo magn\u00e9tico est\u00e1tico\u201d<\/strong>. Del mismo modo se les otorg\u00f3 el reconocimiento a investigadores con actuaci\u00f3n destacada en eventos internacionales.<\/p>\n<div id=\"attachment_2962\" style=\"width: 310px\" class=\"wp-caption alignright\"><a href=\"http:\/\/www.cent.uo.edu.cu\/cnea\/files\/2016\/11\/DSC00816.jpg\"><img loading=\"lazy\" decoding=\"async\" aria-describedby=\"caption-attachment-2962\" class=\"size-medium wp-image-2962\" src=\"http:\/\/www.cent.uo.edu.cu\/cnea\/files\/2016\/11\/DSC00816-300x225.jpg\" alt=\"reconocimientos a investigadores del CNEA\" width=\"300\" height=\"225\" srcset=\"https:\/\/www.cent.uo.edu.cu\/cnea\/files\/2016\/11\/DSC00816-300x225.jpg 300w, https:\/\/www.cent.uo.edu.cu\/cnea\/files\/2016\/11\/DSC00816.jpg 640w\" sizes=\"auto, (max-width: 300px) 100vw, 300px\" \/><\/a><p id=\"caption-attachment-2962\" class=\"wp-caption-text\">reconocimientos a investigadores del CNEA<\/p><\/div>\n<p style=\"text-align: justify\">Por otro lado en el balance sindical se debati\u00f3 sobre la eventualidad de revisar y agregar nuevas categor\u00edas que propicien una evaluaci\u00f3n m\u00e1s justa y definida para los profesionales elegidos por su destacado desempe\u00f1o. Tambi\u00e9n se lleg\u00f3 a la conclusi\u00f3n de elevar m\u00e1s de una propuesta a la direcci\u00f3n central de la UO para los Premios al Rector, pues resulta complicado determinar en una categor\u00eda quien es el m\u00e1s destacado, pues hay profesionales que tienen desempe\u00f1os muy similares.<\/p>\n<p class=\"size-medium wp-image-2965\">\n<p style=\"text-align: justify\">\u00a0En las conclusiones generales; V\u00e1squez Sedano felicit\u00f3 al CNEA por el cumplimiento y el tratamiento con que se desenvolvieron las actividades previstas. Igualmente se mostr\u00f3 muy satisfecho por las propuestas se\u00f1aladas y afirm\u00f3 la necesidad de seguir debatiendo y buscando alternativas para conformar un criterio de evaluaci\u00f3n m\u00e1s justo y solidario, los cuales son la esencia de nuestros principios revolucionarios.<\/p>\n<div id=\"attachment_2963\" style=\"width: 310px\" class=\"wp-caption alignleft\"><a href=\"http:\/\/www.cent.uo.edu.cu\/cnea\/files\/2016\/11\/DSC00817.jpg\"><img loading=\"lazy\" decoding=\"async\" aria-describedby=\"caption-attachment-2963\" class=\"size-medium wp-image-2963\" src=\"http:\/\/www.cent.uo.edu.cu\/cnea\/files\/2016\/11\/DSC00817-300x225.jpg\" alt=\"reconocimiento a investigadores del CNEA\" width=\"300\" height=\"225\" srcset=\"https:\/\/www.cent.uo.edu.cu\/cnea\/files\/2016\/11\/DSC00817-300x225.jpg 300w, https:\/\/www.cent.uo.edu.cu\/cnea\/files\/2016\/11\/DSC00817.jpg 640w\" sizes=\"auto, (max-width: 300px) 100vw, 300px\" \/><\/a><p id=\"caption-attachment-2963\" class=\"wp-caption-text\">Reconocimiento a investigadores del CNEA<\/p><\/div>\n<p>&nbsp;<\/p>\n<p>&nbsp;<\/p>\n<p>&nbsp;<\/p>\n<p>&nbsp;<\/p>\n<p>&nbsp;<\/p>\n<p>&nbsp;<\/p>\n<p>&nbsp;<\/p>\n<div id=\"attachment_2964\" style=\"width: 310px\" class=\"wp-caption alignleft\"><a href=\"http:\/\/www.cent.uo.edu.cu\/cnea\/files\/2016\/11\/DSC00818.jpg\"><img loading=\"lazy\" decoding=\"async\" aria-describedby=\"caption-attachment-2964\" class=\"size-medium wp-image-2964\" src=\"http:\/\/www.cent.uo.edu.cu\/cnea\/files\/2016\/11\/DSC00818-300x225.jpg\" alt=\"reconocimiento a investigadores del CNEA\" width=\"300\" height=\"225\" srcset=\"https:\/\/www.cent.uo.edu.cu\/cnea\/files\/2016\/11\/DSC00818-300x225.jpg 300w, https:\/\/www.cent.uo.edu.cu\/cnea\/files\/2016\/11\/DSC00818.jpg 640w\" sizes=\"auto, (max-width: 300px) 100vw, 300px\" \/><\/a><p id=\"caption-attachment-2964\" class=\"wp-caption-text\">Reconocimiento a investigadores del CNEA<\/p><\/div>\n<p>&nbsp;<\/p>\n<p>&nbsp;<\/p>\n<p>&nbsp;<\/p>\n<p>&nbsp;<\/p>\n<p>&nbsp;<\/p>\n<p>&nbsp;<\/p>\n<p>&nbsp;<\/p>\n<div id=\"attachment_2966\" style=\"width: 310px\" class=\"wp-caption alignleft\"><a href=\"http:\/\/www.cent.uo.edu.cu\/cnea\/files\/2016\/11\/DSC00823.jpg\"><img loading=\"lazy\" decoding=\"async\" aria-describedby=\"caption-attachment-2966\" class=\"size-medium wp-image-2966\" src=\"http:\/\/www.cent.uo.edu.cu\/cnea\/files\/2016\/11\/DSC00823-300x225.jpg\" alt=\"Reconocimiento a los trabajadores del CNEA\" width=\"300\" height=\"225\" srcset=\"https:\/\/www.cent.uo.edu.cu\/cnea\/files\/2016\/11\/DSC00823-300x225.jpg 300w, https:\/\/www.cent.uo.edu.cu\/cnea\/files\/2016\/11\/DSC00823.jpg 640w\" sizes=\"auto, (max-width: 300px) 100vw, 300px\" \/><\/a><p id=\"caption-attachment-2966\" class=\"wp-caption-text\">Reconocimiento a los trabajadores del CNEA<\/p><\/div>\n<p>&nbsp;<\/p>\n<p>&nbsp;<\/p>\n<p>&nbsp;<\/p>\n<p>&nbsp;<\/p>\n<p>&nbsp;<\/p>\n<p>&nbsp;<\/p>\n<p>&nbsp;<\/p>\n<div id=\"attachment_2965\" style=\"width: 310px\" class=\"wp-caption alignleft\"><a href=\"http:\/\/www.cent.uo.edu.cu\/cnea\/files\/2016\/11\/DSC00826.jpg\"><img loading=\"lazy\" decoding=\"async\" aria-describedby=\"caption-attachment-2965\" class=\"size-medium wp-image-2965\" src=\"http:\/\/www.cent.uo.edu.cu\/cnea\/files\/2016\/11\/DSC00826-300x225.jpg\" alt=\"Reconocimiento a trabajadores del CNEA\" width=\"300\" height=\"225\" srcset=\"https:\/\/www.cent.uo.edu.cu\/cnea\/files\/2016\/11\/DSC00826-300x225.jpg 300w, https:\/\/www.cent.uo.edu.cu\/cnea\/files\/2016\/11\/DSC00826.jpg 640w\" sizes=\"auto, (max-width: 300px) 100vw, 300px\" \/><\/a><p id=\"caption-attachment-2965\" class=\"wp-caption-text\">Reconocimiento a trabajadores del CNEA<\/p><\/div>\n","protected":false},"excerpt":{"rendered":"<p>Cumpliendo con las aspiraciones propuestas de alcanzar otra vez la condici\u00f3n de Colectivo Vanguardia Nacional y con el reconocimiento y solidez adquirida como Centro de [&#8230;]<\/p>\n","protected":false},"author":14,"featured_media":2961,"comment_status":"closed","ping_status":"closed","sticky":false,"template":"","format":"standard","meta":{"ngg_post_thumbnail":0,"footnotes":""},"categories":[1],"tags":[],"class_list":["post-2960","post","type-post","status-publish","format-standard","has-post-thumbnail","hentry","category-noticias"],"_links":{"self":[{"href":"https:\/\/www.cent.uo.edu.cu\/cnea\/wp-json\/wp\/v2\/posts\/2960","targetHints":{"allow":["GET"]}}],"collection":[{"href":"https:\/\/www.cent.uo.edu.cu\/cnea\/wp-json\/wp\/v2\/posts"}],"about":[{"href":"https:\/\/www.cent.uo.edu.cu\/cnea\/wp-json\/wp\/v2\/types\/post"}],"author":[{"embeddable":true,"href":"https:\/\/www.cent.uo.edu.cu\/cnea\/wp-json\/wp\/v2\/users\/14"}],"replies":[{"embeddable":true,"href":"https:\/\/www.cent.uo.edu.cu\/cnea\/wp-json\/wp\/v2\/comments?post=2960"}],"version-history":[{"count":3,"href":"https:\/\/www.cent.uo.edu.cu\/cnea\/wp-json\/wp\/v2\/posts\/2960\/revisions"}],"predecessor-version":[{"id":2969,"href":"https:\/\/www.cent.uo.edu.cu\/cnea\/wp-json\/wp\/v2\/posts\/2960\/revisions\/2969"}],"wp:featuredmedia":[{"embeddable":true,"href":"https:\/\/www.cent.uo.edu.cu\/cnea\/wp-json\/wp\/v2\/media\/2961"}],"wp:attachment":[{"href":"https:\/\/www.cent.uo.edu.cu\/cnea\/wp-json\/wp\/v2\/media?parent=2960"}],"wp:term":[{"taxonomy":"category","embeddable":true,"href":"https:\/\/www.cent.uo.edu.cu\/cnea\/wp-json\/wp\/v2\/categories?post=2960"},{"taxonomy":"post_tag","embeddable":true,"href":"https:\/\/www.cent.uo.edu.cu\/cnea\/wp-json\/wp\/v2\/tags?post=2960"}],"curies":[{"name":"wp","href":"https:\/\/api.w.org\/{rel}","templated":true}]}}