{"id":4809,"date":"2020-01-31T15:50:27","date_gmt":"2020-01-31T20:50:27","guid":{"rendered":"http:\/\/www.cent.uo.edu.cu\/cnea\/?p=4809"},"modified":"2020-02-17T15:55:34","modified_gmt":"2020-02-17T20:55:34","slug":"celebra-el-cnea-la-primera-asamblea-sindical-del-ano-2020","status":"publish","type":"post","link":"https:\/\/www.cent.uo.edu.cu\/cnea\/celebra-el-cnea-la-primera-asamblea-sindical-del-ano-2020\/","title":{"rendered":"Celebra el CNEA la primera Asamblea Sindical del a\u00f1o 2020."},"content":{"rendered":"\n<p>\nLa Asamblea Sindical constituye el espacio propicio para que los \ntrabajadores intercambien criterios, la adminsitracion rinda cuenta de \nsu gesti\u00f3n y de conjunto encuentrar alternativas y soluciones a los \nproblemas.<br> Con la rendici\u00f3n de cuenta a los trabajadores de la \ngesti\u00f3n administrativa, por procesos, del a\u00f1o 2019 dio incio la \nasamblea. Los aspectos fundamentales se centraron en el comportaiento de\n la disciplina labora; las acciones \nrealizadas para dar cumplimiento a los planes en materia de Seguridad y \nSalud del Trabajo, Mantenimiento Constructivo y a Equipos, \ncomportamiento del consumo de portadores energ\u00e9ticos, cumplimiento del \nplan de ingresos y ejecucion del presupuesto. \n\n<\/p>\n\n\n\n<!--more-->\n\n\n\n<p>\nLa direcci\u00f3n del N\u00facleo del PCC hizo un \nreconocimiento a los miembros del Consejo de Direcci\u00f3n por la exitosa \ngesti\u00f3n del presupuesto del a\u00f1o 2019.<br> El ejecutivo sindical mostr\u00f3 \nlas principales activiades desarrolladas, el uso del dinero del fondo \nsindical y del dinero que aport\u00f3 cada afiliado en diferentes \nconvocatorias.<br> Tambi\u00e9n se reconocio  los falilados que ya liquidaron la cuota sindical y los que realizaron el Aporte a la Patria en este mes.<br> Fr\u00factifera asmablea de inico de a\u00f1o, con el compromiso de mantener lo logrado, mejorar cada d\u00eda porque siempre <a href=\"https:\/\/www.facebook.com\/hashtag\/vamosporm\u00e1s?source=feed_text&amp;epa=HASHTAG&amp;__xts__%5B0%5D=68.ARD07GTYaKYx1PBU9ajarRBzM2LZgotobSs-n-5vtCgAWPf9XIExmEEEhqpeldkgum0D6UH8MGoOeWUWA9CA0fixT-TnnYSrwFt2Vsi4w3FXrCcO2MMA8VpwyE2yJMM7zJl-2sw2yjopXOT08Hs2TEywOtFRv9UW4Eaga_j12huqLtX2JYzSVrRqRfJlA-G82TdTimAxxym6sKHmCxL1fatLvf9y1je9DlUrKAISAoKQdX5J8nW1HuuQ-1qDLQyZuqdeXFlre5HNqYguL3v72iWgNIvM57SJUlUk4dh-sGW9acE0NsQbCAEVDvemHNDlLRD_xZrlnkbJ5KQs6CPt4cnJTA&amp;__tn__=%2ANK-R\">#VamosPorM\u00e1s<\/a>.\n\n<\/p>\n\n\n\nngg_shortcode_0_placeholder\n","protected":false},"excerpt":{"rendered":"<p>La Asamblea Sindical constituye el espacio propicio para que los trabajadores intercambien criterios, la adminsitracion rinda cuenta de su gesti\u00f3n y de conjunto encuentrar alternativas [&#8230;]<\/p>\n","protected":false},"author":14,"featured_media":0,"comment_status":"closed","ping_status":"closed","sticky":false,"template":"","format":"standard","meta":{"ngg_post_thumbnail":0,"footnotes":""},"categories":[161,7,1],"tags":[247,248,138,175,173],"class_list":["post-4809","post","type-post","status-publish","format-standard","hentry","category-frontpage","category-general","category-noticias","tag-247","tag-asamblea-sindical","tag-cnea","tag-santiago-de-cuba","tag-uo"],"_links":{"self":[{"href":"https:\/\/www.cent.uo.edu.cu\/cnea\/wp-json\/wp\/v2\/posts\/4809","targetHints":{"allow":["GET"]}}],"collection":[{"href":"https:\/\/www.cent.uo.edu.cu\/cnea\/wp-json\/wp\/v2\/posts"}],"about":[{"href":"https:\/\/www.cent.uo.edu.cu\/cnea\/wp-json\/wp\/v2\/types\/post"}],"author":[{"embeddable":true,"href":"https:\/\/www.cent.uo.edu.cu\/cnea\/wp-json\/wp\/v2\/users\/14"}],"replies":[{"embeddable":true,"href":"https:\/\/www.cent.uo.edu.cu\/cnea\/wp-json\/wp\/v2\/comments?post=4809"}],"version-history":[{"count":1,"href":"https:\/\/www.cent.uo.edu.cu\/cnea\/wp-json\/wp\/v2\/posts\/4809\/revisions"}],"predecessor-version":[{"id":4814,"href":"https:\/\/www.cent.uo.edu.cu\/cnea\/wp-json\/wp\/v2\/posts\/4809\/revisions\/4814"}],"wp:attachment":[{"href":"https:\/\/www.cent.uo.edu.cu\/cnea\/wp-json\/wp\/v2\/media?parent=4809"}],"wp:term":[{"taxonomy":"category","embeddable":true,"href":"https:\/\/www.cent.uo.edu.cu\/cnea\/wp-json\/wp\/v2\/categories?post=4809"},{"taxonomy":"post_tag","embeddable":true,"href":"https:\/\/www.cent.uo.edu.cu\/cnea\/wp-json\/wp\/v2\/tags?post=4809"}],"curies":[{"name":"wp","href":"https:\/\/api.w.org\/{rel}","templated":true}]}}